{"id":28276,"date":"2023-12-29T12:18:46","date_gmt":"2023-12-29T12:18:46","guid":{"rendered":"https:\/\/dekkbi.com\/?p=28276"},"modified":"2023-12-29T12:34:00","modified_gmt":"2023-12-29T12:34:00","slug":"se-cnsa-impact-de-la-hausse-des-denrees-sur-les-menages-le-prix-a-payer","status":"publish","type":"post","link":"https:\/\/dekkbi.com\/?p=28276","title":{"rendered":"SE-CNSA:  Prix \u00e0 payer"},"content":{"rendered":"\n<p><strong>Sur la p\u00e9riode courante, c\u2019est-\u00e0-dire du mois d\u2019octobre \u00e0 d\u00e9cembre 2023, le nombre de personnes en phase crise actuellement s\u2019\u00e9l\u00e8ve \u00e0 314 mille 055, ce qui repr\u00e9sente 2% de la population s\u00e9n\u00e9galaise. Ces personnes ont besoin d\u2019une assistance alimentaire imm\u00e9diate, afin de prot\u00e9ger leurs moyens d\u2019existence et r\u00e9duire les d\u00e9ficits de consommation alimentaire, selon les r\u00e9sultats du Cadre harmonis\u00e9 d\u2019analyse et d\u2019identification des zones \u00e0 risque et des populations en ins\u00e9curit\u00e9 alimentaire et nutritionnelle (Ch).<\/strong><\/p>\n\n\n\n<p><strong>Par Dialigu\u00e9 FAYE \u2013&nbsp;<\/strong>Les r\u00e9sultats du Cadre harmonis\u00e9 d\u2019analyse et d\u2019identification des zones \u00e0 risque et des populations en ins\u00e9curit\u00e9 alimentaire et nutritionnelle (Ch), sur la p\u00e9riode allant du mois d\u2019octobre \u00e0 d\u00e9cembre 2023, mettent en exergue \u00abune situation alimentaire satisfaisante\u00bb. En effet, \u00ab15 millions 011 mille 848 personnes en phase minimale, soit 83% de la population, qui sont en mesure de couvrir leurs besoins essentiels alimentaires et non alimentaires sans s\u2019engager dans des strat\u00e9gies atypiques ou non durables pour acc\u00e9der \u00e0 de la nourriture et \u00e0 des revenus\u00bb.<\/p>\n\n\n\n<p>Mais tout n\u2019a pas \u00e9t\u00e9 rose. Car un certain nombre de personnes est confront\u00e9 \u00e0 un d\u00e9ficit alimentaire. \u00abLe nombre de personnes en phase 3 (phase crise) actuellement s\u2019\u00e9l\u00e8ve \u00e0 314 mille 055, ce qui repr\u00e9sente 2% de la population. Ces personnes ont besoin d\u2019une assistance alimentaire imm\u00e9diate afin de prot\u00e9ger leurs moyens d\u2019existence et r\u00e9duire les d\u00e9ficits de consommation alimentaire\u00bb, rel\u00e8ve le Cadre harmonis\u00e9 d\u2019analyse. Et de mentionner que \u00ab2 millions 706 mille 568 personnes sont en stress (phase sous-pression), soit 15% de la population analys\u00e9e. Les m\u00e9nages en phase sous-pression ont une consommation alimentaire minimalement ad\u00e9quate, mais ne peuvent pas assumer certaines d\u00e9penses non alimentaires sans s\u2019engager dans des strat\u00e9gies d\u2019adaptation de stress. Par ailleurs, 36 d\u00e9partements sont en phase minimale et 9 en phase sous-pression.\u00bb<\/p>\n\n\n\n<p>En p\u00e9riode projet\u00e9e, correspondant \u00e0 la soudure juin-juillet-ao\u00fbt 2024, alerte le Secr\u00e9tariat ex\u00e9cutif du Conseil national de s\u00e9curit\u00e9 alimentaire (Se-Cnsa), \u00abla situation alimentaire pourrait se d\u00e9grader. Le pourcentage de personnes en phase minimale passerait de 83 \u00e0 73%, soit 13 millions 199 mille 435 personnes. Celle en phase sous-pression devrait augmenter pour atteindre 4 millions 106 mille 255 personnes, ce qui repr\u00e9sente 23% de la population totale. Celle en phase crise \u00e0 pire (3 \u00e0 5) 726 mille 781 personnes, ce qui repr\u00e9sente 4% de la population analys\u00e9e\u00bb.<\/p>\n\n\n\n<p>Les r\u00e9sultats r\u00e9v\u00e8lent \u00e9galement qu\u2019au-del\u00e0 de l\u2019augmentation du nombre de d\u00e9partements en phase sous-pression, la crise pourrait s\u2019installer dans deux d\u00e9partements. Il s\u2019agit de Goudiry et Ran\u00e9rou. La diminution des stocks, voire leur \u00e9puisement total dans certaines localit\u00e9s, combin\u00e9e \u00e0 l\u2019inflation des prix des principales denr\u00e9es de base, des l\u00e9gumineuses et une baisse consid\u00e9rable du disponible fourrager seraient les principales causes de la d\u00e9gradation de la situation alimentaire des m\u00e9nages.<\/p>\n\n\n\n<p><br><strong>dialigue@lequotidien.sn<\/strong><\/p>\n\n\n\n<p><\/p>\n\n\n\n<p><a href=\"https:\/\/lequotidien.sn\/les-avocats-de-macky-a-lopposition-ne-pas-faire-de-recours-cest-etre-daccord\/\"><\/a><\/p>\n","protected":false},"excerpt":{"rendered":"<p>Sur la p\u00e9riode courante, c\u2019est-\u00e0-dire du mois d\u2019octobre \u00e0 d\u00e9cembre 2023, le nombre de personnes en phase crise actuellement s\u2019\u00e9l\u00e8ve<\/p>\n","protected":false},"author":1,"featured_media":28277,"comment_status":"open","ping_status":"open","sticky":false,"template":"","format":"standard","meta":{"footnotes":""},"categories":[3],"tags":[],"class_list":["post-28276","post","type-post","status-publish","format-standard","has-post-thumbnail","hentry","category-event-more-news"],"_links":{"self":[{"href":"https:\/\/dekkbi.com\/index.php?rest_route=\/wp\/v2\/posts\/28276","targetHints":{"allow":["GET"]}}],"collection":[{"href":"https:\/\/dekkbi.com\/index.php?rest_route=\/wp\/v2\/posts"}],"about":[{"href":"https:\/\/dekkbi.com\/index.php?rest_route=\/wp\/v2\/types\/post"}],"author":[{"embeddable":true,"href":"https:\/\/dekkbi.com\/index.php?rest_route=\/wp\/v2\/users\/1"}],"replies":[{"embeddable":true,"href":"https:\/\/dekkbi.com\/index.php?rest_route=%2Fwp%2Fv2%2Fcomments&post=28276"}],"version-history":[{"count":2,"href":"https:\/\/dekkbi.com\/index.php?rest_route=\/wp\/v2\/posts\/28276\/revisions"}],"predecessor-version":[{"id":28281,"href":"https:\/\/dekkbi.com\/index.php?rest_route=\/wp\/v2\/posts\/28276\/revisions\/28281"}],"wp:featuredmedia":[{"embeddable":true,"href":"https:\/\/dekkbi.com\/index.php?rest_route=\/wp\/v2\/media\/28277"}],"wp:attachment":[{"href":"https:\/\/dekkbi.com\/index.php?rest_route=%2Fwp%2Fv2%2Fmedia&parent=28276"}],"wp:term":[{"taxonomy":"category","embeddable":true,"href":"https:\/\/dekkbi.com\/index.php?rest_route=%2Fwp%2Fv2%2Fcategories&post=28276"},{"taxonomy":"post_tag","embeddable":true,"href":"https:\/\/dekkbi.com\/index.php?rest_route=%2Fwp%2Fv2%2Ftags&post=28276"}],"curies":[{"name":"wp","href":"https:\/\/api.w.org\/{rel}","templated":true}]}}