{"id":28243,"date":"2023-12-29T09:48:18","date_gmt":"2023-12-29T09:48:18","guid":{"rendered":"https:\/\/dekkbi.com\/?p=28243"},"modified":"2023-12-29T09:48:19","modified_gmt":"2023-12-29T09:48:19","slug":"universite-formation-un-chk-moussa-balde-annonce-la-construction-de-46-eno","status":"publish","type":"post","link":"https:\/\/dekkbi.com\/?p=28243","title":{"rendered":"UNIVERSITE-FORMATION \/ UN-CHK : Moussa Bald\u00e9 annonce la construction de 46 ENO"},"content":{"rendered":"\n<p>Diamniadio,  (APS) \u2013 L\u2019Etat du S\u00e9n\u00e9gal compte \u00e9largir la cartographie de l\u2019universit\u00e9 num\u00e9rique Cheikh Hamidou Kane (UN-CHK), \u00e0 travers la construction de 46 nouveaux espaces num\u00e9riques ouverts (ENO), en raison d\u2019un ENO par d\u00e9partement, a annonc\u00e9 jeudi le ministre de l\u2019Enseignement sup\u00e9rieur, de la Recherche et de l\u2019Innovation Moussa Bald\u00e9.<\/p>\n\n\n\n<p>\u2018\u2019\u00c9tudiants et apprenants pourront d\u00e9sormais poursuivre leurs r\u00eaves acad\u00e9miques sans quitter leur communaut\u00e9, leur famille ou leur travail\u2019\u2019, a-t-il indiqu\u00e9.<\/p>\n\n\n\n<p>Il pr\u00e9sidait au complexe sportif Dakar-Ar\u00e9na de Diamniadio,&nbsp; la c\u00e9r\u00e9monie de graduation des 3<sup>\u00e8me<\/sup>, 4<sup>\u00e8me<\/sup>, 5<sup>\u00e8me<\/sup>&nbsp;et 6<sup>\u00e8me<\/sup>&nbsp;promotions de licence et des premi\u00e8res promotions de master des ENO de S\u00e9bikotane, Keur Massar, Gu\u00e9diawaye, Pikine et Mermoz de l\u2019UN-CHK. Une c\u00e9r\u00e9monie qui co\u00efncide avec la c\u00e9l\u00e9bration des dix ans d\u2019existence de l\u2019universit\u00e9 num\u00e9rique Cheikh Hamidou Kane appel\u00e9e autrefois universit\u00e9 virtuelle du S\u00e9n\u00e9gal (UVS).<\/p>\n\n\n\n<p>Au total, 3941 r\u00e9cipiendaires ont \u00e9t\u00e9 honor\u00e9s \u00e0 Dakar-Arena.<\/p>\n\n\n\n<p>\u2018\u2019Je suis fier de me tenir devant vous, pour vous dire qu\u2019aujourd\u2019hui l\u2019universit\u00e9 num\u00e9rique Cheikh Hamidou Kane est devenue une r\u00e9alit\u00e9, ouvrant des portes d\u2019apprentissage et d\u2019opportunit\u00e9s sans pr\u00e9c\u00e9dent pour le peuple s\u00e9n\u00e9galais\u2019\u2019, a d\u00e9clar\u00e9 Moussa Bald\u00e9, estimant que mettre en place une universit\u00e9 num\u00e9rique, c\u2019est d\u00e9velopper l\u2019enseignement \u00e0 distance et contribuer au d\u00e9veloppement du capital humain \u00e0 travers une formation qualifiante et efficiente, pour un d\u00e9veloppement \u00e9conomique inclusif du S\u00e9n\u00e9gal.<\/p>\n\n\n\n<p>\u00a0\u00ab\u00a0Cela contribue \u00e9galement \u00e0 la r\u00e9duction de la fracture num\u00e9rique au S\u00e9n\u00e9gal\u00a0\u00bb, a-t-il ajout\u00e9.<\/p>\n\n\n\n<figure class=\"wp-block-embed is-type-video is-provider-youtube wp-block-embed-youtube wp-embed-aspect-16-9 wp-has-aspect-ratio\"><div class=\"wp-block-embed__wrapper\">\n<iframe loading=\"lazy\" title=\"L&#039; Etat va \u00e9largir la cartographie de l&#039;Universit\u00e9 num\u00e9rique (ministre)\" width=\"800\" height=\"450\" src=\"https:\/\/www.youtube.com\/embed\/AHJwyQzmMnI?feature=oembed\" frameborder=\"0\" allow=\"accelerometer; autoplay; clipboard-write; encrypted-media; gyroscope; picture-in-picture; web-share\" allowfullscreen><\/iframe>\n<\/div><\/figure>\n\n\n\n<p>Le ministre de l\u2019Enseignement sup\u00e9rieur, de la Recherche et de l\u2019Innovation a rappel\u00e9 que la cr\u00e9ation de l\u2019universit\u00e9 num\u00e9rique Cheikh Hamidou Kane, par d\u00e9cret, est une mat\u00e9rialisation de la d\u00e9cision 2 du conseil national pour l\u2019avenir de l\u2019enseignement sup\u00e9rieur, afin de mettre les technologies de l\u2019information et de la communication au c\u0153ur du d\u00e9veloppement de l\u2019enseignement sup\u00e9rieur et de la recherche.<\/p>\n\n\n\n<p>\u2018\u2019Je suis fier de me tenir devant vous, pour vous dire qu\u2019aujourd\u2019hui l\u2019universit\u00e9 num\u00e9rique Cheikh Hamidou Kane est devenue une r\u00e9alit\u00e9, ouvrant des portes d\u2019apprentissage et d\u2019opportunit\u00e9s sans pr\u00e9c\u00e9dent pour le peuple s\u00e9n\u00e9galais\u2019\u2019, a-t-il encore soulign\u00e9.<\/p>\n\n\n\n<p>Il a aussi fait savoir qu\u2019elle est devenue aujourd\u2019hui la deuxi\u00e8me universit\u00e9 du S\u00e9n\u00e9gal en termes d\u2019effectifs apr\u00e8s l\u2019universit\u00e9 Cheikh Anta DIOP de Dakar.<\/p>\n\n\n\n<p>\u2018\u2019Cette graduation repr\u00e9sente bien plus qu\u2019une simple \u00e9tape acad\u00e9mique franchie, c\u2019est le t\u00e9moignage de votre engagement, de votre r\u00e9silience et de vos succ\u00e8s exceptionnels\u2019\u2019, a lanc\u00e9 aux r\u00e9cipiendaires M. Bald\u00e9.<\/p>\n","protected":false},"excerpt":{"rendered":"<p>Diamniadio, (APS) \u2013 L\u2019Etat du S\u00e9n\u00e9gal compte \u00e9largir la cartographie de l\u2019universit\u00e9 num\u00e9rique Cheikh Hamidou Kane (UN-CHK), \u00e0 travers la<\/p>\n","protected":false},"author":1,"featured_media":28244,"comment_status":"open","ping_status":"open","sticky":false,"template":"","format":"standard","meta":{"footnotes":""},"categories":[21],"tags":[],"class_list":["post-28243","post","type-post","status-publish","format-standard","has-post-thumbnail","hentry","category-societe"],"_links":{"self":[{"href":"https:\/\/dekkbi.com\/index.php?rest_route=\/wp\/v2\/posts\/28243","targetHints":{"allow":["GET"]}}],"collection":[{"href":"https:\/\/dekkbi.com\/index.php?rest_route=\/wp\/v2\/posts"}],"about":[{"href":"https:\/\/dekkbi.com\/index.php?rest_route=\/wp\/v2\/types\/post"}],"author":[{"embeddable":true,"href":"https:\/\/dekkbi.com\/index.php?rest_route=\/wp\/v2\/users\/1"}],"replies":[{"embeddable":true,"href":"https:\/\/dekkbi.com\/index.php?rest_route=%2Fwp%2Fv2%2Fcomments&post=28243"}],"version-history":[{"count":1,"href":"https:\/\/dekkbi.com\/index.php?rest_route=\/wp\/v2\/posts\/28243\/revisions"}],"predecessor-version":[{"id":28245,"href":"https:\/\/dekkbi.com\/index.php?rest_route=\/wp\/v2\/posts\/28243\/revisions\/28245"}],"wp:featuredmedia":[{"embeddable":true,"href":"https:\/\/dekkbi.com\/index.php?rest_route=\/wp\/v2\/media\/28244"}],"wp:attachment":[{"href":"https:\/\/dekkbi.com\/index.php?rest_route=%2Fwp%2Fv2%2Fmedia&parent=28243"}],"wp:term":[{"taxonomy":"category","embeddable":true,"href":"https:\/\/dekkbi.com\/index.php?rest_route=%2Fwp%2Fv2%2Fcategories&post=28243"},{"taxonomy":"post_tag","embeddable":true,"href":"https:\/\/dekkbi.com\/index.php?rest_route=%2Fwp%2Fv2%2Ftags&post=28243"}],"curies":[{"name":"wp","href":"https:\/\/api.w.org\/{rel}","templated":true}]}}