{"id":28239,"date":"2023-12-29T09:42:16","date_gmt":"2023-12-29T09:42:16","guid":{"rendered":"https:\/\/dekkbi.com\/?p=28239"},"modified":"2023-12-29T12:35:01","modified_gmt":"2023-12-29T12:35:01","slug":"la-capacite-annuelle-de-traitement-de-la-sar-est-passee-de-12-a-15-million-de-tonnes-en-cinq-ans-ministre","status":"publish","type":"post","link":"https:\/\/dekkbi.com\/?p=28239","title":{"rendered":"La capacit\u00e9 annuelle de traitement de la SAR est pass\u00e9e\u00a0de 1,2 \u00e0 1,5 million de tonnes en cinq ans (Selon le ministre)"},"content":{"rendered":"\n<p>Dakar,  (APS) \u2013 Le ministre du P\u00e9trole et des Energies, Antoine-F\u00e9lix Abdoulaye Diome, a r\u00e9v\u00e9l\u00e9, jeudi, que la capacit\u00e9 annuelle de traitement du p\u00e9trole brut de la Soci\u00e9t\u00e9 africaine de raffinage (SAR) est pass\u00e9e de 1, 2 \u00e0 1, 5 million de tonne en cinq ans \u00e0 la faveur de la mise en \u0153uvre du Projet d\u2019augmentation des capacit\u00e9s et d\u2019adaptation des unit\u00e9s pour le traitement du brut Sangomar (ACATBS).<\/p>\n\n\n\n<p>\u2018\u2019Des efforts importants ont \u00e9t\u00e9 consentis pour arriver \u00e0 ce r\u00e9sultat\u2019\u2019, a-t-il expliqu\u00e9 en faisant notamment allusion d\u2019un programme ambitieux d\u2019augmentation des capacit\u00e9s et d\u2019adaptation des unit\u00e9s pour le traitement du p\u00e9trole brut.<\/p>\n\n\n\n<p>S\u2019exprimant lors d\u2019une visite des installations de la Soci\u00e9t\u00e9 africaine de raffinage et de la SENELEC, le ministre de lu P\u00e9trole et des Energies a \u00e9galement \u00e9voqu\u00e9&nbsp; l\u2019anticipation ayant permis d\u2019adapter l\u2019unit\u00e9 industrielle au traitement du futur p\u00e9trole brut s\u00e9n\u00e9galais de Sangomar\u2019\u2019.<\/p>\n\n\n\n<p>Selon le ministre, \u2018\u2019toutes les caract\u00e9ristiques du p\u00e9trole brut s\u00e9n\u00e9galais ont \u00e9t\u00e9 int\u00e9gr\u00e9es dans le cadre de ce programme d\u00e9nomm\u00e9&nbsp;ACATBS\u2019\u2019.<\/p>\n\n\n\n<p>\u2018\u2019Ce programme nous permettra sans difficult\u00e9, d\u00e8s la sortie du premier baril, de prendre les choses en main pour l\u2019am\u00e9lioration des conditions de vie des populations\u2019\u2019, a-t-il d\u00e9clar\u00e9.<\/p>\n\n\n\n<p>Il assure que \u2018\u2019la SAR s\u2019est suffisamment pr\u00e9par\u00e9e depuis 2019 (\u2026) afin de mettre sur le march\u00e9 les quantit\u00e9s \u00e0 la hauteur de nos besoins pour satisfaire aussi bien les demandes en termes de produits blanc (Super, gasoil ou diff\u00e9rents gaz)\u2019\u2019.<\/p>\n\n\n\n<p>La soci\u00e9t\u00e9 s\u2019est \u00e9galement pr\u00e9par\u00e9e pour \u2018\u2019les autres produits dont a besoin l\u2019industrie pour pouvoir fonctionner correctement\u2019\u2019, a indiqu\u00e9 Antoine-F\u00e9lix Abdoulaye Diome.<\/p>\n\n\n\n<p>Il\u00a0 a soulign\u00e9 qu\u2019\u00e0 partir de 2019, \u00ab\u00a0cet ambitieux programme a commenc\u00e9 \u00e0 \u00eatre mis en \u0153uvre pour recourir \u00e0 une expertise locale dans le raffinage de notre p\u00e9trole brut\u2019\u2019.<\/p>\n\n\n\n<p>Le ministre a annonc\u00e9 que la SAR va vers un important programme d\u2019investissement notamment en mati\u00e8re de s\u00e9curisation de ses infrastructures.<\/p>\n\n\n\n<p>Pour le moment, fait-il savoir, \u2018\u2019il y a un dispositif de surveillance et une protection pour apporter des r\u00e9ponses en permanence en cas de difficult\u00e9s\u2019\u2019.<\/p>\n\n\n\n<p>Selon le ministre, \u2018\u2019les capacit\u00e9s de production du secteur de l\u2019\u00e9lectricit\u00e9 ont \u00e9t\u00e9 multipli\u00e9es par trois\u2019\u2019.<\/p>\n\n\n\n<p>Il s\u2019est r\u00e9jouit de la &nbsp;\u00bbsituation actuelle reluisante&nbsp;\u00bb de la SAR, rappelant \u2018\u2019les grosses inqui\u00e9tudes sur l\u2019existence m\u00eame&nbsp;\u00bb de l\u2019entreprise &nbsp;\u00bb\u00e0 un moment\u2019\u2019.<\/p>\n\n\n\n<p>Le mnistre a \u00e9galement salu\u00e9 \u2018\u2019l\u2019esprit d\u2019\u00e9quipe fait dans la solidarit\u00e9 et surtout dans une certaine coh\u00e9sion au niveau de la SAR\u2019\u2019.<\/p>\n\n\n\n<p>Pour Antoine Diome, cet esprit s\u2019est mat\u00e9rialis\u00e9 \u2018\u2019avec la signature du pacte social\u2019\u2019, lequel devrait permettre de travailler pendant trois ans &nbsp;\u00bbdans un climat de paix&nbsp;\u00bb.<\/p>\n\n\n\n<p>CS\/OID\/AKS<\/p>\n","protected":false},"excerpt":{"rendered":"<p>Dakar, (APS) \u2013 Le ministre du P\u00e9trole et des Energies, Antoine-F\u00e9lix Abdoulaye Diome, a r\u00e9v\u00e9l\u00e9, jeudi, que la capacit\u00e9 annuelle<\/p>\n","protected":false},"author":1,"featured_media":28240,"comment_status":"open","ping_status":"open","sticky":false,"template":"","format":"standard","meta":{"footnotes":""},"categories":[3],"tags":[],"class_list":["post-28239","post","type-post","status-publish","format-standard","has-post-thumbnail","hentry","category-event-more-news"],"_links":{"self":[{"href":"https:\/\/dekkbi.com\/index.php?rest_route=\/wp\/v2\/posts\/28239","targetHints":{"allow":["GET"]}}],"collection":[{"href":"https:\/\/dekkbi.com\/index.php?rest_route=\/wp\/v2\/posts"}],"about":[{"href":"https:\/\/dekkbi.com\/index.php?rest_route=\/wp\/v2\/types\/post"}],"author":[{"embeddable":true,"href":"https:\/\/dekkbi.com\/index.php?rest_route=\/wp\/v2\/users\/1"}],"replies":[{"embeddable":true,"href":"https:\/\/dekkbi.com\/index.php?rest_route=%2Fwp%2Fv2%2Fcomments&post=28239"}],"version-history":[{"count":2,"href":"https:\/\/dekkbi.com\/index.php?rest_route=\/wp\/v2\/posts\/28239\/revisions"}],"predecessor-version":[{"id":28282,"href":"https:\/\/dekkbi.com\/index.php?rest_route=\/wp\/v2\/posts\/28239\/revisions\/28282"}],"wp:featuredmedia":[{"embeddable":true,"href":"https:\/\/dekkbi.com\/index.php?rest_route=\/wp\/v2\/media\/28240"}],"wp:attachment":[{"href":"https:\/\/dekkbi.com\/index.php?rest_route=%2Fwp%2Fv2%2Fmedia&parent=28239"}],"wp:term":[{"taxonomy":"category","embeddable":true,"href":"https:\/\/dekkbi.com\/index.php?rest_route=%2Fwp%2Fv2%2Fcategories&post=28239"},{"taxonomy":"post_tag","embeddable":true,"href":"https:\/\/dekkbi.com\/index.php?rest_route=%2Fwp%2Fv2%2Ftags&post=28239"}],"curies":[{"name":"wp","href":"https:\/\/api.w.org\/{rel}","templated":true}]}}