{"id":2822,"date":"2022-11-07T12:55:48","date_gmt":"2022-11-07T12:55:48","guid":{"rendered":"https:\/\/dekkbi.com\/?p=2822"},"modified":"2022-11-07T12:55:50","modified_gmt":"2022-11-07T12:55:50","slug":"meta-la-maison-mere-de-facebook-et-instagram-prevoit-un-plan-de-licenciement-massif","status":"publish","type":"post","link":"https:\/\/dekkbi.com\/?p=2822","title":{"rendered":"Meta, la maison m\u00e8re de Facebook et Instagram, pr\u00e9voit un plan de licenciement massif"},"content":{"rendered":"\n<p>Meta (Facebook, Instagram) pr\u00e9voit de licencier des milliers de personnes \u00e0 partir de cette semaine, d\u2019apr\u00e8s le Wall Street Journal (WSJ), alors que plusieurs soci\u00e9t\u00e9s technologiques viennent de cong\u00e9dier une partie de leurs effectifs en r\u00e9ponse \u00e0 la crise \u00e9conomique.<\/p>\n\n\n\n<p>\u00a0<strong>Source:<\/strong>\u00a0BELGA<\/p>\n\n\n\n<p>Ce pourrait \u00eatre le plan social le pus cons\u00e9quent dans le secteur, selon le quotidien am\u00e9ricain, apr\u00e8s la pand\u00e9mie qui a largement b\u00e9n\u00e9fici\u00e9 \u00e0 la croissance des revenus, mais aussi du personnel de ces entreprises. Meta comptait quelque 87.000 employ\u00e9s dans le monde au 30 septembre.<\/p>\n\n\n\n<p>Lors de la publication r\u00e9cente des derniers r\u00e9sultats trimestriels d\u00e9cevants, le patron Mark Zuckerberg a mentionn\u00e9 que le personnel du groupe ne devrait pas augmenter d\u2019ici la fin 2023, voire diminuer l\u00e9g\u00e8rement. Selon les sources du WSJ, ce premier plan social de l\u2019histoire du g\u00e9ant des r\u00e9seaux sociaux devrait \u00eatre annonc\u00e9 mercredi et plusieurs milliers d\u2019employ\u00e9s seront affect\u00e9s.<\/p>\n\n\n\n<h2 class=\"wp-block-heading\">-52% sur un an<\/h2>\n\n\n\n<p>Twitter, fra\u00eechement rachet\u00e9 par Elon Musk, vient lui de cong\u00e9dier environ la moiti\u00e9 de ses 7.500 salari\u00e9s. Les plateformes dont le mod\u00e8le \u00e9conomique est fond\u00e9 sur la publicit\u00e9 p\u00e2tissent notamment des coupes budg\u00e9taires des annonceurs aux prises avec l\u2019inflation et la hausse des taux d\u2019int\u00e9r\u00eat.<\/p>\n\n\n\n<p>Meta a vu son b\u00e9n\u00e9fice net fondre \u00e0 4,4 milliards de dollars au troisi\u00e8me trimestre (-52% sur un an). Le titre du groupe californien a chut\u00e9 de 24,56% le lendemain de l\u2019annonce des r\u00e9sultats. En un an, Meta a perdu pr\u00e8s de 600 milliards de dollars de capitalisation boursi\u00e8re.<\/p>\n","protected":false},"excerpt":{"rendered":"<p>Meta (Facebook, Instagram) pr\u00e9voit de licencier des milliers de personnes \u00e0 partir de cette semaine, d\u2019apr\u00e8s le Wall Street Journal<\/p>\n","protected":false},"author":1,"featured_media":2823,"comment_status":"open","ping_status":"open","sticky":false,"template":"","format":"standard","meta":{"footnotes":""},"categories":[46],"tags":[],"class_list":["post-2822","post","type-post","status-publish","format-standard","has-post-thumbnail","hentry","category-technology"],"_links":{"self":[{"href":"https:\/\/dekkbi.com\/index.php?rest_route=\/wp\/v2\/posts\/2822","targetHints":{"allow":["GET"]}}],"collection":[{"href":"https:\/\/dekkbi.com\/index.php?rest_route=\/wp\/v2\/posts"}],"about":[{"href":"https:\/\/dekkbi.com\/index.php?rest_route=\/wp\/v2\/types\/post"}],"author":[{"embeddable":true,"href":"https:\/\/dekkbi.com\/index.php?rest_route=\/wp\/v2\/users\/1"}],"replies":[{"embeddable":true,"href":"https:\/\/dekkbi.com\/index.php?rest_route=%2Fwp%2Fv2%2Fcomments&post=2822"}],"version-history":[{"count":1,"href":"https:\/\/dekkbi.com\/index.php?rest_route=\/wp\/v2\/posts\/2822\/revisions"}],"predecessor-version":[{"id":2824,"href":"https:\/\/dekkbi.com\/index.php?rest_route=\/wp\/v2\/posts\/2822\/revisions\/2824"}],"wp:featuredmedia":[{"embeddable":true,"href":"https:\/\/dekkbi.com\/index.php?rest_route=\/wp\/v2\/media\/2823"}],"wp:attachment":[{"href":"https:\/\/dekkbi.com\/index.php?rest_route=%2Fwp%2Fv2%2Fmedia&parent=2822"}],"wp:term":[{"taxonomy":"category","embeddable":true,"href":"https:\/\/dekkbi.com\/index.php?rest_route=%2Fwp%2Fv2%2Fcategories&post=2822"},{"taxonomy":"post_tag","embeddable":true,"href":"https:\/\/dekkbi.com\/index.php?rest_route=%2Fwp%2Fv2%2Ftags&post=2822"}],"curies":[{"name":"wp","href":"https:\/\/api.w.org\/{rel}","templated":true}]}}