{"id":28217,"date":"2023-12-28T16:37:51","date_gmt":"2023-12-28T16:37:51","guid":{"rendered":"https:\/\/dekkbi.com\/?p=28217"},"modified":"2023-12-28T16:37:52","modified_gmt":"2023-12-28T16:37:52","slug":"rafael-nadal-a-brisbane-pour-un-retour-a-la-competition-presque-un-an-apres","status":"publish","type":"post","link":"https:\/\/dekkbi.com\/?p=28217","title":{"rendered":"Rafael Nadal \u00e0 Brisbane pour un retour \u00e0 la comp\u00e9tition presque un an apr\u00e8s"},"content":{"rendered":"\n<p>Rafael Nadal, ex-N.1 mondial retomb\u00e9 au 670e rang apr\u00e8s une saison 2023 quasi blanche en raison d\u2019une blessure \u00e0 la hanche, fera son retour \u00e0 la comp\u00e9tition au tournoi ATP 250 de Brisbane le 31 d\u00e9cembre.<\/p>\n\n\n\n<p>\u00c0 37 ans, le Majorquin estime que 2024 devrait \u00eatre sa \u201cderni\u00e8re ann\u00e9e\u201d sur le circuit mais, a-t-il pr\u00e9venu, sans pouvoir \u201cl\u2019assurer \u00e0 100%\u201d. \u201cJ\u2019ai travaill\u00e9 dur pour revenir \u00e0 la comp\u00e9tition, et si les choses et le physique me permettent d\u2019aller de l\u2019avant et de profiter de ce que je fais, je pense que cela n\u2019a pas de sens de se fixer une limite\u201d, a-t-il expliqu\u00e9 dans une vid\u00e9o diffus\u00e9e sur les r\u00e9seaux sociaux d\u00e9but d\u00e9cembre.<\/p>\n\n\n\n<p>Le dernier match officiel de l\u2019Espagnol, vainqueur de 22 tournois du Grand Chelem, est sa d\u00e9faite au 2e tour de l\u2019Open d\u2019Australie le 18 janvier dernier contre l\u2019Am\u00e9ricain Mackenzie McDonald. Op\u00e9r\u00e9 de la hanche, il a dit n\u2019aspirer qu\u2019\u00e0 \u201c\u00eatre comp\u00e9titif\u201d \u00e0 Brisbane. Le tirage au sort aura lieu vendredi.<\/p>\n\n\n\n<h2 class=\"wp-block-heading\">Djoko a encore faim<\/h2>\n\n\n\n<p>Entr\u00e9 dans l\u2019histoire du tennis mondial en 2023 avec un 24e Majeur, Djokovic a encore faim de titres: il veut son Grand Chelem calendaire et vise l\u2019or olympique cet \u00e9t\u00e9 \u00e0 Paris, apr\u00e8s avoir \u00e9t\u00e9 m\u00e9daill\u00e9 de bronze en simple en 2008 \u00e0 P\u00e9kin.<\/p>\n\n\n\n<p>Apr\u00e8s un match exhibition \u00e0 Ryad perdu mercredi contre son dauphin, l\u2019Espagnol Carlos Alcaraz (4-6, 6-4, 6-4), le N.1 mondial participe \u00e0 partir de vendredi \u00e0 la United Cup, comp\u00e9tition mixte entre nations qui se d\u00e9roule \u00e0 Perth et Sydney. Il devrait se servir de ce tournoi pour pr\u00e9parer la d\u00e9fense de son titre \u00e0 l\u2019Open d\u2019Australie \u00e0 partir du 15 janvier. \u00c0 Perth, le Serbe de 36 ans affronte la Chine et la R\u00e9publique Tch\u00e8que dans le groupe E. Il se frottera d\u2019abord au Chinois Zhang Zhizen, le 58e mondial, de neuf ans son cadet dimanche, puis mardi le Tch\u00e8que Jiri Lehecka (31e mondial).<\/p>\n\n\n\n<p>\u201cDjoko\u201d s\u2019alignera avec Olga Danilovic pour les doubles mixtes, pour affronter notamment la Tch\u00e8que Marketa Vondrousova (7e), sacr\u00e9e \u00e0 Wimbledon, et la Chinoise Zheng Qinwen (15e). S\u2019il passe la phase de groupes, il aura rendez-vous le 3 janvier en quarts de finale avec le vainqueur du groupe C: les \u00c9tats-Unis, tenants du titre emmen\u00e9s par Taylor Fritz (10e) et Jessica Pegula (5e), la Grande-Bretagne et l\u2019Australie.<\/p>\n","protected":false},"excerpt":{"rendered":"<p>Rafael Nadal, ex-N.1 mondial retomb\u00e9 au 670e rang apr\u00e8s une saison 2023 quasi blanche en raison d\u2019une blessure \u00e0 la<\/p>\n","protected":false},"author":1,"featured_media":28218,"comment_status":"open","ping_status":"open","sticky":false,"template":"","format":"standard","meta":{"footnotes":""},"categories":[9],"tags":[],"class_list":["post-28217","post","type-post","status-publish","format-standard","has-post-thumbnail","hentry","category-sports"],"_links":{"self":[{"href":"https:\/\/dekkbi.com\/index.php?rest_route=\/wp\/v2\/posts\/28217","targetHints":{"allow":["GET"]}}],"collection":[{"href":"https:\/\/dekkbi.com\/index.php?rest_route=\/wp\/v2\/posts"}],"about":[{"href":"https:\/\/dekkbi.com\/index.php?rest_route=\/wp\/v2\/types\/post"}],"author":[{"embeddable":true,"href":"https:\/\/dekkbi.com\/index.php?rest_route=\/wp\/v2\/users\/1"}],"replies":[{"embeddable":true,"href":"https:\/\/dekkbi.com\/index.php?rest_route=%2Fwp%2Fv2%2Fcomments&post=28217"}],"version-history":[{"count":1,"href":"https:\/\/dekkbi.com\/index.php?rest_route=\/wp\/v2\/posts\/28217\/revisions"}],"predecessor-version":[{"id":28219,"href":"https:\/\/dekkbi.com\/index.php?rest_route=\/wp\/v2\/posts\/28217\/revisions\/28219"}],"wp:featuredmedia":[{"embeddable":true,"href":"https:\/\/dekkbi.com\/index.php?rest_route=\/wp\/v2\/media\/28218"}],"wp:attachment":[{"href":"https:\/\/dekkbi.com\/index.php?rest_route=%2Fwp%2Fv2%2Fmedia&parent=28217"}],"wp:term":[{"taxonomy":"category","embeddable":true,"href":"https:\/\/dekkbi.com\/index.php?rest_route=%2Fwp%2Fv2%2Fcategories&post=28217"},{"taxonomy":"post_tag","embeddable":true,"href":"https:\/\/dekkbi.com\/index.php?rest_route=%2Fwp%2Fv2%2Ftags&post=28217"}],"curies":[{"name":"wp","href":"https:\/\/api.w.org\/{rel}","templated":true}]}}