{"id":28197,"date":"2023-12-28T16:03:12","date_gmt":"2023-12-28T16:03:12","guid":{"rendered":"https:\/\/dekkbi.com\/?p=28197"},"modified":"2023-12-28T16:03:14","modified_gmt":"2023-12-28T16:03:14","slug":"la-russie-rouvre-son-ambassade-au-burkina-faso","status":"publish","type":"post","link":"https:\/\/dekkbi.com\/?p=28197","title":{"rendered":"La Russie rouvre son ambassade au Burkina Faso"},"content":{"rendered":"\n<p>La Russie va rouvrir son ambassade au Burkina Faso jeudi, apr\u00e8s sa fermeture en 1992, a appris l\u2019AFP aupr\u00e8s du minist\u00e8re burkinab\u00e8 des Affaires \u00e9trang\u00e8res et de l\u2019ambassadeur de Russie en C\u00f4te d\u2019Ivoire accr\u00e9dit\u00e9 dans le pays sah\u00e9lien. \u00ab\u00a0La Russie ouvre officiellement son ambassade ce jeudi \u00e0 Ouagadougou\u00a0\u00bb, a indiqu\u00e9 le minist\u00e8re des Affaires \u00e9trang\u00e8res burkinab\u00e8 dans un communiqu\u00e9. <\/p>\n\n\n\n<p>L\u2019ambassadeur au Burkina sera nomm\u00e9 par le pr\u00e9sident russe, Vladimir Poutine, a indiqu\u00e9 \u00e0 l\u2019AFP l\u2019ambassadeur de Russie en C\u00f4te d\u2019Ivoire accr\u00e9dit\u00e9 au Burkina Faso, Alexe\u00ef Saltykov, pr\u00e9cisant \u00e0 l\u2019agence russe TASS que \u00ab\u00a0la coop\u00e9ration bilat\u00e9rale\u00a0\u00bb, politique et \u00e9conomique, \u00ab\u00a0n\u2019a jamais cess\u00e9\u00a0\u00bb.<\/p>\n\n\n\n<p>rfi.fr<\/p>\n","protected":false},"excerpt":{"rendered":"<p>La Russie va rouvrir son ambassade au Burkina Faso jeudi, apr\u00e8s sa fermeture en 1992, a appris l\u2019AFP aupr\u00e8s du<\/p>\n","protected":false},"author":1,"featured_media":28198,"comment_status":"open","ping_status":"open","sticky":false,"template":"","format":"standard","meta":{"footnotes":""},"categories":[51],"tags":[],"class_list":["post-28197","post","type-post","status-publish","format-standard","has-post-thumbnail","hentry","category-general"],"_links":{"self":[{"href":"https:\/\/dekkbi.com\/index.php?rest_route=\/wp\/v2\/posts\/28197","targetHints":{"allow":["GET"]}}],"collection":[{"href":"https:\/\/dekkbi.com\/index.php?rest_route=\/wp\/v2\/posts"}],"about":[{"href":"https:\/\/dekkbi.com\/index.php?rest_route=\/wp\/v2\/types\/post"}],"author":[{"embeddable":true,"href":"https:\/\/dekkbi.com\/index.php?rest_route=\/wp\/v2\/users\/1"}],"replies":[{"embeddable":true,"href":"https:\/\/dekkbi.com\/index.php?rest_route=%2Fwp%2Fv2%2Fcomments&post=28197"}],"version-history":[{"count":1,"href":"https:\/\/dekkbi.com\/index.php?rest_route=\/wp\/v2\/posts\/28197\/revisions"}],"predecessor-version":[{"id":28199,"href":"https:\/\/dekkbi.com\/index.php?rest_route=\/wp\/v2\/posts\/28197\/revisions\/28199"}],"wp:featuredmedia":[{"embeddable":true,"href":"https:\/\/dekkbi.com\/index.php?rest_route=\/wp\/v2\/media\/28198"}],"wp:attachment":[{"href":"https:\/\/dekkbi.com\/index.php?rest_route=%2Fwp%2Fv2%2Fmedia&parent=28197"}],"wp:term":[{"taxonomy":"category","embeddable":true,"href":"https:\/\/dekkbi.com\/index.php?rest_route=%2Fwp%2Fv2%2Fcategories&post=28197"},{"taxonomy":"post_tag","embeddable":true,"href":"https:\/\/dekkbi.com\/index.php?rest_route=%2Fwp%2Fv2%2Ftags&post=28197"}],"curies":[{"name":"wp","href":"https:\/\/api.w.org\/{rel}","templated":true}]}}