{"id":28128,"date":"2023-12-27T12:31:27","date_gmt":"2023-12-27T12:31:27","guid":{"rendered":"https:\/\/dekkbi.com\/?p=28128"},"modified":"2023-12-27T12:31:28","modified_gmt":"2023-12-27T12:31:28","slug":"le-bresil-exclu-du-prochain-mondial-un-courrier-de-la-fifa-met-le-feu-aux-poudres","status":"publish","type":"post","link":"https:\/\/dekkbi.com\/?p=28128","title":{"rendered":"Le Br\u00e9sil exclu du prochain Mondial? Un courrier de la FIFA met le feu aux poudres"},"content":{"rendered":"\n<p>La f\u00e9d\u00e9ration br\u00e9silienne de football (CBF) est sous la menace d\u2019une suspension de la FIFA. C\u2019est ce qui ressort d\u2019un courrier de la f\u00e9d\u00e9ration internationale de football dat\u00e9e du 24 d\u00e9cembre dont a eu possession l\u2019agence Associated Press. En cause, la d\u00e9cision d\u2019un tribunal de Rio de destituer le pr\u00e9sident de la CBF, Ednaldo Rodrigues, or la FIFA refuse de voir l\u2019ing\u00e9rence d\u2019un \u00e9tat ou de l\u2019une de ses institutions dans les affaires d\u2019une f\u00e9d\u00e9ration.<\/p>\n\n\n\n<p>Le 7 d\u00e9cembre dernier, un tribunal de l\u2019\u00c9tat de Rio de Janeiro a rendu une d\u00e9cision de destitution d\u2019Ednaldo Rodrigues et des membres de la CBF, accus\u00e9s d\u2019irr\u00e9gularit\u00e9s lors des \u00e9lections l\u2019an dernier. Selon l\u2019ordonnance, un nouveau pr\u00e9sident doit \u00eatre \u00e9lu dans un d\u00e9lai de 30 jours. L\u2019interim est assur\u00e9 par Jos\u00e9 Perdiz, pr\u00e9sident du plus haut tribunal sportif br\u00e9silien, ce que rejette aussi la FIFA.<\/p>\n\n\n\n<p>Si la CBF applique cette d\u00e9cision, la FIFA entend la suspendre, ce qui implique, entre autres, la suspension de l\u2019\u00e9quipe nationale, cinq fois championne du monde, et de toutes les \u00e9quipes de clubs de toutes les comp\u00e9titions internationales.<\/p>\n\n\n\n<h2 class=\"wp-block-heading\">Une commission le 8 janvier<\/h2>\n\n\n\n<p>La FIFA et la conf\u00e9d\u00e9ration sud-am\u00e9ricaine de football (CONMEBOL) entendent former pour le 8 janvier une commission pour discuter de la question. D\u2019ici l\u00e0, \u201caucune d\u00e9cision susceptible d\u2019affecter la CBF ne peut \u00eatre prise, y compris en ce qui concerne des \u00e9lections ou une convocation d\u2019\u00e9lections\u201d, peut-on lire dans la lettre de l\u2019instance internationale.<\/p>\n\n\n\n<p>Le mandat de Rodrigues, 69 ans, \u00e0 la pr\u00e9sidence de la CBF avait d\u00e9but\u00e9 en 2021 faisant de lui le premier pr\u00e9sident noir de l\u2019institution et devait s\u2019\u00e9tendre jusqu\u2019en 2026. Son pr\u00e9d\u00e9cesseur Rog\u00e9rio Caboclo avait \u00e9t\u00e9 suspendu dans le cadre d\u2019une affaire de harc\u00e8lement sexuel. Ricardo Teixeira, Jos\u00e9 Maria Marin et Marco Polo del Nero, tous anciens pr\u00e9sidents, ont \u00e9t\u00e9 impliqu\u00e9s dans des affaires de corruption.<\/p>\n\n\n\n<p>Le Br\u00e9sil est candidat \u00e0 l\u2019organisation de la Coupe du monde f\u00e9minine de 2027 et donc rival de la candidature port\u00e9e conjointement par la Belgique, l\u2019Allemagne et les Pays-Bas.<\/p>\n\n\n\n<p>SOURCE 7SUR7<\/p>\n","protected":false},"excerpt":{"rendered":"<p>La f\u00e9d\u00e9ration br\u00e9silienne de football (CBF) est sous la menace d\u2019une suspension de la FIFA. C\u2019est ce qui ressort d\u2019un<\/p>\n","protected":false},"author":1,"featured_media":28129,"comment_status":"open","ping_status":"open","sticky":false,"template":"","format":"standard","meta":{"footnotes":""},"categories":[9],"tags":[],"class_list":["post-28128","post","type-post","status-publish","format-standard","has-post-thumbnail","hentry","category-sports"],"_links":{"self":[{"href":"https:\/\/dekkbi.com\/index.php?rest_route=\/wp\/v2\/posts\/28128","targetHints":{"allow":["GET"]}}],"collection":[{"href":"https:\/\/dekkbi.com\/index.php?rest_route=\/wp\/v2\/posts"}],"about":[{"href":"https:\/\/dekkbi.com\/index.php?rest_route=\/wp\/v2\/types\/post"}],"author":[{"embeddable":true,"href":"https:\/\/dekkbi.com\/index.php?rest_route=\/wp\/v2\/users\/1"}],"replies":[{"embeddable":true,"href":"https:\/\/dekkbi.com\/index.php?rest_route=%2Fwp%2Fv2%2Fcomments&post=28128"}],"version-history":[{"count":1,"href":"https:\/\/dekkbi.com\/index.php?rest_route=\/wp\/v2\/posts\/28128\/revisions"}],"predecessor-version":[{"id":28130,"href":"https:\/\/dekkbi.com\/index.php?rest_route=\/wp\/v2\/posts\/28128\/revisions\/28130"}],"wp:featuredmedia":[{"embeddable":true,"href":"https:\/\/dekkbi.com\/index.php?rest_route=\/wp\/v2\/media\/28129"}],"wp:attachment":[{"href":"https:\/\/dekkbi.com\/index.php?rest_route=%2Fwp%2Fv2%2Fmedia&parent=28128"}],"wp:term":[{"taxonomy":"category","embeddable":true,"href":"https:\/\/dekkbi.com\/index.php?rest_route=%2Fwp%2Fv2%2Fcategories&post=28128"},{"taxonomy":"post_tag","embeddable":true,"href":"https:\/\/dekkbi.com\/index.php?rest_route=%2Fwp%2Fv2%2Ftags&post=28128"}],"curies":[{"name":"wp","href":"https:\/\/api.w.org\/{rel}","templated":true}]}}