{"id":28118,"date":"2023-12-27T12:15:50","date_gmt":"2023-12-27T12:15:50","guid":{"rendered":"https:\/\/dekkbi.com\/?p=28118"},"modified":"2023-12-27T12:46:47","modified_gmt":"2023-12-27T12:46:47","slug":"rdc-des-affrontements-entre-la-police-et-les-manifestants-de-lopposition-a-kinshasa","status":"publish","type":"post","link":"https:\/\/dekkbi.com\/?p=28118","title":{"rendered":"Kinshasa: affrontements entre police et manifestants"},"content":{"rendered":"\n<p>En R\u00e9publique d\u00e9mocratique du Congo (RDC), l&rsquo;opposition a appel\u00e9 ce mercredi 27 d\u00e9cembre \u00e0 la manifestation. Le gouvernement a interdit le rassemblement. \u00c0 la mi-journ\u00e9e, \u00e0 Kinshasa, la situation est tendue et confuse.<\/p>\n\n\n\n<p><em>Avec notre envoy\u00e9e sp\u00e9ciale \u00e0 Kinshasa<\/em>,<em><\/em><strong>Paulina Zidi<\/strong><\/p>\n\n\n\n<p>\u00c0 midi ce 27 d\u00e9cembre, la situation \u00e9tait confuse et tendue devant le QG d\u2019Ecid\u00e9 (L\u2019Engagement pour la Citoyennet\u00e9 et le D\u00e9veloppement), le parti de Martin Fayulu. L&rsquo;homme politique avait appel\u00e9, avec cinq autres candidats, \u00e0 une marche pour demander l\u2019annulation des \u00e9lections g\u00e9n\u00e9rales.<\/p>\n\n\n\n<p>Une cinquantaine de militants, jeunes, parfois tr\u00e8s jeunes, attendaient devant le si\u00e8ge du parti le d\u00e9but de cette marche qui devait aller \u00e0 la Commission \u00e9lectorale (C\u00e9ni), quand la situation s\u2019est brusquement tendue. Jets de pierres du c\u00f4t\u00e9 des manifestants, grenades assourdissantes et lacrymog\u00e8nes du c\u00f4t\u00e9 de la police, le QG s\u2019est retrouv\u00e9 encercl\u00e9 par les forces de l\u2019ordre. Il y a eu quelques arrestations et, pendant pr\u00e8s d\u2019une heure, les pierres ont fus\u00e9 par-dessus la grille du si\u00e8ge. Et puis, un homme est sorti, muni d&rsquo;un voile blanc, pour aller discuter avec les forces de l\u2019ordre.<\/p>\n\n\n\n<p>Depuis, les militants sont ressortis et une partie du dispositif s\u00e9curitaire a \u00e9t\u00e9 lev\u00e9. Il y a quelques \u00e9changes tendus, mais la situation est plut\u00f4t sous contr\u00f4le ici devant le si\u00e8ge de l\u2019Ecid\u00e9, \u00e0 Kinshasa. Martin Fayulu \u00e9tait le seul candidat de l&rsquo;opposition pr\u00e9sent ce mercredi matin. Il \u00e9tait encore \u00e0 son QG quand les \u00e9chauffour\u00e9es ont commenc\u00e9 et a tenu un point-presse pour d\u00e9noncer la r\u00e9pression.&nbsp;Martin Fayulu continue de demander l&rsquo;annulation des \u00e9lections du 20 d\u00e9cembre.&nbsp;<\/p>\n","protected":false},"excerpt":{"rendered":"<p>En R\u00e9publique d\u00e9mocratique du Congo (RDC), l&rsquo;opposition a appel\u00e9 ce mercredi 27 d\u00e9cembre \u00e0 la manifestation. Le gouvernement a interdit<\/p>\n","protected":false},"author":1,"featured_media":28119,"comment_status":"open","ping_status":"open","sticky":false,"template":"","format":"standard","meta":{"footnotes":""},"categories":[51],"tags":[],"class_list":["post-28118","post","type-post","status-publish","format-standard","has-post-thumbnail","hentry","category-general"],"_links":{"self":[{"href":"https:\/\/dekkbi.com\/index.php?rest_route=\/wp\/v2\/posts\/28118","targetHints":{"allow":["GET"]}}],"collection":[{"href":"https:\/\/dekkbi.com\/index.php?rest_route=\/wp\/v2\/posts"}],"about":[{"href":"https:\/\/dekkbi.com\/index.php?rest_route=\/wp\/v2\/types\/post"}],"author":[{"embeddable":true,"href":"https:\/\/dekkbi.com\/index.php?rest_route=\/wp\/v2\/users\/1"}],"replies":[{"embeddable":true,"href":"https:\/\/dekkbi.com\/index.php?rest_route=%2Fwp%2Fv2%2Fcomments&post=28118"}],"version-history":[{"count":2,"href":"https:\/\/dekkbi.com\/index.php?rest_route=\/wp\/v2\/posts\/28118\/revisions"}],"predecessor-version":[{"id":28136,"href":"https:\/\/dekkbi.com\/index.php?rest_route=\/wp\/v2\/posts\/28118\/revisions\/28136"}],"wp:featuredmedia":[{"embeddable":true,"href":"https:\/\/dekkbi.com\/index.php?rest_route=\/wp\/v2\/media\/28119"}],"wp:attachment":[{"href":"https:\/\/dekkbi.com\/index.php?rest_route=%2Fwp%2Fv2%2Fmedia&parent=28118"}],"wp:term":[{"taxonomy":"category","embeddable":true,"href":"https:\/\/dekkbi.com\/index.php?rest_route=%2Fwp%2Fv2%2Fcategories&post=28118"},{"taxonomy":"post_tag","embeddable":true,"href":"https:\/\/dekkbi.com\/index.php?rest_route=%2Fwp%2Fv2%2Ftags&post=28118"}],"curies":[{"name":"wp","href":"https:\/\/api.w.org\/{rel}","templated":true}]}}