{"id":28002,"date":"2023-12-26T10:19:59","date_gmt":"2023-12-26T10:19:59","guid":{"rendered":"https:\/\/dekkbi.com\/?p=28002"},"modified":"2023-12-26T11:12:38","modified_gmt":"2023-12-26T11:12:38","slug":"location-de-larene-nationale-les-nouveaux-tarifs-fixes-aux-promoteurs-de-lutte","status":"publish","type":"post","link":"https:\/\/dekkbi.com\/?p=28002","title":{"rendered":"Ar\u00e8ne Nationale: les nouveaux tarifs fix\u00e9s"},"content":{"rendered":"\n<h4 class=\"wp-block-heading\"><a href=\"javascript:updateFontSize(1)\"><\/a>iGFM (Dakar) De nouveaux tarifs ont \u00e9t\u00e9 fix\u00e9s aux promoteurs de lutte pour la location de l&rsquo;ar\u00e8ne nationale, renseigne le site sp\u00e9cialis\u00e9 les ar\u00e8nestv.com.<\/h4>\n\n\n\n<p>Dans une note de service N\u00b0 001\/MS\/SG\/ANL\/SP dat\u00e9e du 22\/12\/2023 et sign\u00e9e par la toute nouvelle Directrice de l\u2019Ar\u00e8ne Nationale, il est indiqu\u00e9 que \u00ab face aux nombreuses charges li\u00e9es \u00e0 la maintenance et \u00e0 l\u2019entretien de l\u2019Ar\u00e8ne nationale de lutte, il convient de renforcer les cr\u00e9dits mobilis\u00e9s par le Minist\u00e8re des Sports, avec des ressources additionnelles provenant des utilisateurs de l\u2019infrastructure \u00bb.<br><br><strong>PAF et Cie vont payer 250.000 et 500.000 FCFA<br><br><\/strong>Le promoteur Pape Abdou Fall et Cie (compagnie) vont d\u00e9sormais se conformer \u00e0 la d\u00e9cision de la direction de l&rsquo;Ar\u00e8ne Nationale. Voil\u00e0 comment \u00ab\u00a0il est port\u00e9 \u00e0 la connaissance des promoteurs de lutte que la contrepartie de l\u2019utilisation de l\u2019Ar\u00e8ne nationale de lutte est d\u00e9sormais fix\u00e9e selon la grille tarifaire ci-apr\u00e8s :<br><br>500.000 FCFA pour les grandes affiches (VIP) ;<br>300.000 FCFA pour les affiches moyennes (Espoirs) ;<br>250.000 FCFA pour les galas hors Week-end.<br><br>Il y est aussi pr\u00e9cis\u00e9 que \u00ab cette pr\u00e9sente note de service prendra effet \u00e0 compter du 25 D\u00e9cembre 2023.\u00a0\u00bb<\/p>\n","protected":false},"excerpt":{"rendered":"<p>iGFM (Dakar) De nouveaux tarifs ont \u00e9t\u00e9 fix\u00e9s aux promoteurs de lutte pour la location de l&rsquo;ar\u00e8ne nationale, renseigne le<\/p>\n","protected":false},"author":1,"featured_media":19123,"comment_status":"open","ping_status":"open","sticky":false,"template":"","format":"standard","meta":{"footnotes":""},"categories":[9],"tags":[],"class_list":["post-28002","post","type-post","status-publish","format-standard","has-post-thumbnail","hentry","category-sports"],"_links":{"self":[{"href":"https:\/\/dekkbi.com\/index.php?rest_route=\/wp\/v2\/posts\/28002","targetHints":{"allow":["GET"]}}],"collection":[{"href":"https:\/\/dekkbi.com\/index.php?rest_route=\/wp\/v2\/posts"}],"about":[{"href":"https:\/\/dekkbi.com\/index.php?rest_route=\/wp\/v2\/types\/post"}],"author":[{"embeddable":true,"href":"https:\/\/dekkbi.com\/index.php?rest_route=\/wp\/v2\/users\/1"}],"replies":[{"embeddable":true,"href":"https:\/\/dekkbi.com\/index.php?rest_route=%2Fwp%2Fv2%2Fcomments&post=28002"}],"version-history":[{"count":5,"href":"https:\/\/dekkbi.com\/index.php?rest_route=\/wp\/v2\/posts\/28002\/revisions"}],"predecessor-version":[{"id":28038,"href":"https:\/\/dekkbi.com\/index.php?rest_route=\/wp\/v2\/posts\/28002\/revisions\/28038"}],"wp:featuredmedia":[{"embeddable":true,"href":"https:\/\/dekkbi.com\/index.php?rest_route=\/wp\/v2\/media\/19123"}],"wp:attachment":[{"href":"https:\/\/dekkbi.com\/index.php?rest_route=%2Fwp%2Fv2%2Fmedia&parent=28002"}],"wp:term":[{"taxonomy":"category","embeddable":true,"href":"https:\/\/dekkbi.com\/index.php?rest_route=%2Fwp%2Fv2%2Fcategories&post=28002"},{"taxonomy":"post_tag","embeddable":true,"href":"https:\/\/dekkbi.com\/index.php?rest_route=%2Fwp%2Fv2%2Ftags&post=28002"}],"curies":[{"name":"wp","href":"https:\/\/api.w.org\/{rel}","templated":true}]}}