{"id":27977,"date":"2023-12-26T09:47:07","date_gmt":"2023-12-26T09:47:07","guid":{"rendered":"https:\/\/dekkbi.com\/?p=27977"},"modified":"2023-12-26T12:08:04","modified_gmt":"2023-12-26T12:08:04","slug":"strategie-economique-pour-2024-le-ministre-doudou-ka-fixe-le-cap","status":"publish","type":"post","link":"https:\/\/dekkbi.com\/?p=27977","title":{"rendered":"Strat\u00e9gie \u00e9conomique pour 2024 : Le ministre de l\u2019Economie, du Plan et de la Coop\u00e9ration fixe le cap"},"content":{"rendered":"\n<p>Avec nos confr\u00e8res de \u00ab\u00a0Jeune Afrique\u00a0\u00bb, le ministre de l\u2019Economie, du Plan et de la Coop\u00e9ration, Doudou K\u00e2 a expliqu\u00e9 la strat\u00e9gie \u00e9conomique qui serait appropri\u00e9e pour notre pays en 2024.<\/p>\n\n\n\n<p>\u00abL\u2019ann\u00e9e 2024 sera une p\u00e9riode charni\u00e8re, marqu\u00e9e par l\u2019\u00e9lection pr\u00e9sidentielle au premier trimestre et le d\u00e9but de l\u2019exploitation des ressources p\u00e9troli\u00e8res et gazi\u00e8res, au second semestre&nbsp;\u00bb, a d\u00e9clar\u00e9 M. Ka.&nbsp;<br><br>\u00abNos objectifs strat\u00e9giques sont multiples, mais permettez-moi d\u2019en souligner quelques-uns, essentiels. Au premier rang, nous visons \u00e0 stimuler une croissance \u00e9conomique soutenue, g\u00e9n\u00e9ratrice d\u2019emplois de qualit\u00e9, en renfor\u00e7ant l\u2019engagement du secteur priv\u00e9. Cette d\u00e9marche est cruciale pour relever le d\u00e9fi de la souverainet\u00e9 \u00e9conomique. Parall\u00e8lement, nous accordons une importance capitale \u00e0 l\u2019int\u00e9gration professionnelle des jeunes et \u00e0 la lutte contre la hausse du co\u00fbt de la vie, des priorit\u00e9s centrales pour le gouvernement&nbsp;\u00bb, a expliqu\u00e9 le ministre de l\u2019Economie.&nbsp;<br><br>Un autre point crucial selon lui, est la finalisation des projets-cl\u00e9s initi\u00e9s par le chef de l\u2019\u00c9tat, ainsi que la mise en \u0153uvre du troisi\u00e8me Plan d\u2019actions prioritaires (Pap3), qui co\u00efncide avec une \u00e9tape majeure : l\u2019entr\u00e9e du S\u00e9n\u00e9gal dans une \u00e8re nouvelle avec l\u2019exploitation de ses ressources p\u00e9troli\u00e8res et gazi\u00e8res. Il a affirm\u00e9 que ce tournant strat\u00e9gique marque notre progression vers un d\u00e9veloppement hors de la cat\u00e9gorie des pays les moins avanc\u00e9s (Pma).&nbsp;<br><strong>Adou FAYE<\/strong><\/p>\n","protected":false},"excerpt":{"rendered":"<p>Avec nos confr\u00e8res de \u00ab\u00a0Jeune Afrique\u00a0\u00bb, le ministre de l\u2019Economie, du Plan et de la Coop\u00e9ration, Doudou K\u00e2 a expliqu\u00e9<\/p>\n","protected":false},"author":1,"featured_media":27978,"comment_status":"open","ping_status":"open","sticky":false,"template":"","format":"standard","meta":{"footnotes":""},"categories":[3],"tags":[],"class_list":["post-27977","post","type-post","status-publish","format-standard","has-post-thumbnail","hentry","category-event-more-news"],"_links":{"self":[{"href":"https:\/\/dekkbi.com\/index.php?rest_route=\/wp\/v2\/posts\/27977","targetHints":{"allow":["GET"]}}],"collection":[{"href":"https:\/\/dekkbi.com\/index.php?rest_route=\/wp\/v2\/posts"}],"about":[{"href":"https:\/\/dekkbi.com\/index.php?rest_route=\/wp\/v2\/types\/post"}],"author":[{"embeddable":true,"href":"https:\/\/dekkbi.com\/index.php?rest_route=\/wp\/v2\/users\/1"}],"replies":[{"embeddable":true,"href":"https:\/\/dekkbi.com\/index.php?rest_route=%2Fwp%2Fv2%2Fcomments&post=27977"}],"version-history":[{"count":3,"href":"https:\/\/dekkbi.com\/index.php?rest_route=\/wp\/v2\/posts\/27977\/revisions"}],"predecessor-version":[{"id":28054,"href":"https:\/\/dekkbi.com\/index.php?rest_route=\/wp\/v2\/posts\/27977\/revisions\/28054"}],"wp:featuredmedia":[{"embeddable":true,"href":"https:\/\/dekkbi.com\/index.php?rest_route=\/wp\/v2\/media\/27978"}],"wp:attachment":[{"href":"https:\/\/dekkbi.com\/index.php?rest_route=%2Fwp%2Fv2%2Fmedia&parent=27977"}],"wp:term":[{"taxonomy":"category","embeddable":true,"href":"https:\/\/dekkbi.com\/index.php?rest_route=%2Fwp%2Fv2%2Fcategories&post=27977"},{"taxonomy":"post_tag","embeddable":true,"href":"https:\/\/dekkbi.com\/index.php?rest_route=%2Fwp%2Fv2%2Ftags&post=27977"}],"curies":[{"name":"wp","href":"https:\/\/api.w.org\/{rel}","templated":true}]}}