{"id":2797,"date":"2022-11-07T11:57:38","date_gmt":"2022-11-07T11:57:38","guid":{"rendered":"https:\/\/dekkbi.com\/?p=2797"},"modified":"2022-11-07T11:57:39","modified_gmt":"2022-11-07T11:57:39","slug":"cop27-les-bonnes-intentions-demmanuel-macron-vis-a-vis-de-lafrique","status":"publish","type":"post","link":"https:\/\/dekkbi.com\/?p=2797","title":{"rendered":"COP27: les bonnes intentions d&rsquo;Emmanuel Macron vis-\u00e0-vis de l&rsquo;Afrique"},"content":{"rendered":"\n<p>Emmanuel Macron est arriv\u00e9 dimanche soir \u00e0 Charm el-Cheikh, en \u00c9gypte, o\u00f9 il doit participer ce lundi 7 novembre \u00e0 l&rsquo;ouverture de la COP27. Dans un contexte d&rsquo;urgence climatique, quel message du chef de l&rsquo;\u00c9tat fran\u00e7ais veut-il faire passer&nbsp;? Le pr\u00e9sident de la R\u00e9publique arrive plein de bonnes intentions, notamment vis-\u00e0-vis de l&rsquo;Afrique.<\/p>\n\n\n\n<p><em>De notre envoy\u00e9e sp\u00e9ciale \u00e0 Charm el-Cheikh\u00a0<\/em>&#8211; RFI<\/p>\n\n\n\n<p>Emmanuel Macron veut d&rsquo;abord s&rsquo;afficher comme un soutien des pays africains. \u00c0\u00a0<strong>l&rsquo;Assembl\u00e9e g\u00e9n\u00e9rale de l&rsquo;ONU<\/strong>\u00a0au mois de septembre, il avait d\u00e9j\u00e0 plaid\u00e9 en faveur d&rsquo;un contrat Nord-Sud pour le climat.<\/p>\n\n\n\n<p>Il a r\u00e9affirm\u00e9 cette ambition dans une<strong>\u00a0tribune publi\u00e9e dans le\u00a0<em>Guardian<\/em><\/strong>\u00a0avant son arriv\u00e9e en \u00c9gypte.\u00a0Et \u00e0 Charm el-Cheikh, il doit notamment \u00e9voquer avec le pr\u00e9sident du Gabon Ali Bongo la r\u00e9union d&rsquo;un \u00ab\u00a0One Forest Summit\u00a0\u00bb \u00e0 Libreville au premier trimestre 2023,\u00a0une initiative pour marquer la n\u00e9cessit\u00e9 de ne pas laisser le continent sur le bord du chemin de la transition climatique.<\/p>\n\n\n\n<p>\u00c0 l&rsquo;\u00c9lys\u00e9e, on explique que le pr\u00e9sident fran\u00e7ais veut \u00ab&nbsp;embarquer&nbsp;\u00bb ses partenaires du G7 pour \u00eatre au rendez-vous de la solidarit\u00e9.&nbsp;Reste \u00e0 savoir si cela se concr\u00e9tisera par des avanc\u00e9es \u00e0 l&rsquo;occasion de cette COP.<\/p>\n\n\n\n<p>Mais comme \u00e0 son habitude, Emmanuel Macron veut marcher sur ses deux jambes\u00a0: internationale et nationale.\u00a0Alors, avant de s&rsquo;envoler pour Charm el-Cheikh, il a diffus\u00e9 sur les r\u00e9seaux sociaux\u00a0<strong>une vid\u00e9o<\/strong>\u00a0pour inviter les Fran\u00e7ais \u00e0 lui poser des questions sur sa politique \u00e9cologique, s&rsquo;engageant \u00e0 leur r\u00e9pondre en personne\u00a0\u00e0 son retour de la COP.<\/p>\n\n\n\n<p>L&rsquo;occasion de faire lui-m\u00eame le service apr\u00e8s-vente de son action, qui fait l&rsquo;objet de beaucoup de critiques dans l&rsquo;opposition. \u00c0 la COP, comme en France, Emmanuel Macron doit donner des gages.<\/p>\n\n\n\n<h2 class=\"wp-block-heading\">Rencontre pr\u00e9vue entre MM.&nbsp;Macron et Sunak<\/h2>\n\n\n\n<p>Emmanuel Macron va rencontrer le nouveau Premier ministre britannique,&nbsp;Rishi Sunak, ce&nbsp;lundi en marge de la COP27, relate l&rsquo;\u00c9lys\u00e9e. Il s&rsquo;agira du&nbsp;premier t\u00eate-\u00e0-t\u00eate entre les deux dirigeants depuis l&rsquo;arriv\u00e9e \u00e0 Downing Street de M.&nbsp;Sunak, avec lequel M.&nbsp;Macron s&rsquo;est&nbsp;entretenu fin octobre.<\/p>\n\n\n\n<p>Les deux hommes avaient d\u00e9cid\u00e9 de coop\u00e9rer&nbsp;davantage contre les travers\u00e9es ill\u00e9gales de la Manche, notamment. Le chef du gouvernement britannique avait \u00ab&nbsp;<em>soulign\u00e9 l&rsquo;importance pour les deux pays de rendre la route de la Manche totalement impraticable pour les trafiquants d&rsquo;\u00eatres humains<\/em>&nbsp;\u00bb, selon ses services.<\/p>\n\n\n\n<p>Le dirigeant conservateur avait \u00e9galement soulign\u00e9 lors de l&rsquo;entretien t\u00e9l\u00e9phonique avec Emmanuel Macron \u00ab&nbsp;<em>l&rsquo;importance de la relation entre le Royaume-Uni et la France, voisin et alli\u00e9<\/em>&nbsp;\u00bb, disant \u00e9galement \u00ab&nbsp;<em>attendre avec impatience<\/em>&nbsp;\u00bb&nbsp;un sommet bilat\u00e9ral l&rsquo;ann\u00e9e prochaine, selon son porte-parole.<\/p>\n\n\n\n<p>Le chef de l&rsquo;\u00c9tat&nbsp;fran\u00e7ais a \u00e9galement fait part de sa \u00ab&nbsp;<em>disponibilit\u00e9<\/em>&nbsp;\u00bb&nbsp;en vue d&rsquo;\u00ab&nbsp;<em>approfondir la relation bilat\u00e9rale<\/em>&nbsp;\u00bb&nbsp;dans \u00ab&nbsp;<em>les domaines de la d\u00e9fense, des affaires strat\u00e9giques et de l&rsquo;\u00e9nergie<\/em>&nbsp;\u00bb, selon les termes de la pr\u00e9sidence \u00e0 Paris, sans \u00e9voquer le sujet \u00e9pineux des migrants.<\/p>\n","protected":false},"excerpt":{"rendered":"<p>Emmanuel Macron est arriv\u00e9 dimanche soir \u00e0 Charm el-Cheikh, en \u00c9gypte, o\u00f9 il doit participer ce lundi 7 novembre \u00e0<\/p>\n","protected":false},"author":1,"featured_media":2424,"comment_status":"open","ping_status":"open","sticky":false,"template":"","format":"standard","meta":{"footnotes":""},"categories":[6],"tags":[],"class_list":["post-2797","post","type-post","status-publish","format-standard","has-post-thumbnail","hentry","category-politics"],"_links":{"self":[{"href":"https:\/\/dekkbi.com\/index.php?rest_route=\/wp\/v2\/posts\/2797","targetHints":{"allow":["GET"]}}],"collection":[{"href":"https:\/\/dekkbi.com\/index.php?rest_route=\/wp\/v2\/posts"}],"about":[{"href":"https:\/\/dekkbi.com\/index.php?rest_route=\/wp\/v2\/types\/post"}],"author":[{"embeddable":true,"href":"https:\/\/dekkbi.com\/index.php?rest_route=\/wp\/v2\/users\/1"}],"replies":[{"embeddable":true,"href":"https:\/\/dekkbi.com\/index.php?rest_route=%2Fwp%2Fv2%2Fcomments&post=2797"}],"version-history":[{"count":1,"href":"https:\/\/dekkbi.com\/index.php?rest_route=\/wp\/v2\/posts\/2797\/revisions"}],"predecessor-version":[{"id":2798,"href":"https:\/\/dekkbi.com\/index.php?rest_route=\/wp\/v2\/posts\/2797\/revisions\/2798"}],"wp:featuredmedia":[{"embeddable":true,"href":"https:\/\/dekkbi.com\/index.php?rest_route=\/wp\/v2\/media\/2424"}],"wp:attachment":[{"href":"https:\/\/dekkbi.com\/index.php?rest_route=%2Fwp%2Fv2%2Fmedia&parent=2797"}],"wp:term":[{"taxonomy":"category","embeddable":true,"href":"https:\/\/dekkbi.com\/index.php?rest_route=%2Fwp%2Fv2%2Fcategories&post=2797"},{"taxonomy":"post_tag","embeddable":true,"href":"https:\/\/dekkbi.com\/index.php?rest_route=%2Fwp%2Fv2%2Ftags&post=2797"}],"curies":[{"name":"wp","href":"https:\/\/api.w.org\/{rel}","templated":true}]}}