{"id":27966,"date":"2023-12-25T10:51:24","date_gmt":"2023-12-25T10:51:24","guid":{"rendered":"https:\/\/dekkbi.com\/?p=27966"},"modified":"2023-12-25T10:51:25","modified_gmt":"2023-12-25T10:51:25","slug":"contrebande-de-cacao-linquietude-monte-en-cote-divoire","status":"publish","type":"post","link":"https:\/\/dekkbi.com\/?p=27966","title":{"rendered":"Contrebande de cacao: l&rsquo;inqui\u00e9tude monte en C\u00f4te d&rsquo;Ivoire"},"content":{"rendered":"\n<p>L&rsquo;ampleur de la fuite de cacao aux fronti\u00e8res inqui\u00e8te la C\u00f4te d&rsquo;Ivoire qui pr\u00e9vient : elle va serrer la vis pour lutter contre un \u00ab trafic pr\u00e9judiciable \u00e0 l&rsquo;\u00e9conomie du pays \u00bb.<\/p>\n\n\n\n<p>Le Conseil Caf\u00e9 Cacao dit avoir constat\u00e9 une recrudescence de la fuite de f\u00e8ves, des zones de production, vers des pays voisins qui ne sont pas nomm\u00e9s.<\/p>\n\n\n\n<p> Pour contrer \u00ab l&rsquo;ampleur du ph\u00e9nom\u00e8ne \u00bb, le CCC annonce toute une s\u00e9rie de mesures dont la fermeture syst\u00e9matique des entrep\u00f4ts et des centres de collecte du cacao et du caf\u00e9 situ\u00e9 \u00e0 10 km ou moins des fronti\u00e8res est et ouest du pays. Les autorit\u00e9s auraient en parall\u00e8le op\u00e9r\u00e9 \u00e9galement plusieurs changements au sein de la brigade d\u00e9di\u00e9e \u00e0 la lutte contre la contrebande de produits agricoles.<\/p>\n\n\n\n<p><strong>Une r\u00e9colte en baisse et des prix qui flambent<\/strong><\/p>\n\n\n\n<p>Cette mobilisation des autorit\u00e9s pour la fili\u00e8re cacao est indissociable du contexte actuel, expliquent plusieurs op\u00e9rateurs : la r\u00e9colte s&rsquo;annonce en baisse, et m\u00eame si certains se refusent encore \u00e0 la quantifier, la chute pourrait \u00eatre selon les plus alarmistes de 25 %.<\/p>\n\n\n\n<p> Ce qui voudrait dire, si cela se confirme, autant de revenus en moins pour l&rsquo;\u00c9tat. Et c&rsquo;est probablement une des raisons qui fait que les autorit\u00e9s sont \u00e0 l&rsquo;aff\u00fbt pour \u00e9viter toute perte suppl\u00e9mentaire aux fronti\u00e8res.Cette mauvaise r\u00e9colte annonc\u00e9e se double d&rsquo;une explosion des cours du cacao sur le march\u00e9 mondial depuis plusieurs mois. Des cours susceptibles d&rsquo;amplifier la contrebande qui n&rsquo;est pas un ph\u00e9nom\u00e8ne nouveau.<\/p>\n\n\n\n<p>Dans les pays frontaliers, o\u00f9 le cacao n&rsquo;est presque pas tax\u00e9, et o\u00f9 le march\u00e9 est ouvert, tels que la Guin\u00e9e et le Liberia, les prix propos\u00e9s sont en ce moment plus attractifs qu&rsquo;en C\u00f4te d&rsquo;Ivoire o\u00f9 le prix du kilo de f\u00e8ves est fix\u00e9 pour la saison. Un prix obtenu selon un calcul bien rod\u00e9, mais qui est cette ann\u00e9e particuli\u00e8rement en d\u00e9calage avec les cours du march\u00e9.<\/p>\n\n\n\n<p><strong>Le Ghana aussi inquiet<\/strong><\/p>\n\n\n\n<p>Le Ghana, voisin et deuxi\u00e8me producteur mondial de cacao, partage lui aussi l&rsquo;inqui\u00e9tude de voir les achats informels augmenter. Le sujet aurait d&rsquo;ailleurs \u00e9t\u00e9 \u00e9voqu\u00e9 fin novembre lors du dernier conseil d&rsquo;administration de l&rsquo;initiative Cacao Ghana C\u00f4te d&rsquo;Ivoire, une instance commune aux deux pays. <\/p>\n\n\n\n<p>En 2022, le Ghana aurait vu 150 000 tonnes de f\u00e8ves s&rsquo;\u00e9vaporer \u00e0 ses fronti\u00e8res, selon le directeur adjoint de la communication du Cocobod, l&rsquo;office ghan\u00e9en du cacao.<\/p>\n\n\n\n<p>SOURCE RFI<\/p>\n","protected":false},"excerpt":{"rendered":"<p>L&rsquo;ampleur de la fuite de cacao aux fronti\u00e8res inqui\u00e8te la C\u00f4te d&rsquo;Ivoire qui pr\u00e9vient : elle va serrer la vis<\/p>\n","protected":false},"author":1,"featured_media":27967,"comment_status":"open","ping_status":"open","sticky":false,"template":"","format":"standard","meta":{"footnotes":""},"categories":[3],"tags":[],"class_list":["post-27966","post","type-post","status-publish","format-standard","has-post-thumbnail","hentry","category-event-more-news"],"_links":{"self":[{"href":"https:\/\/dekkbi.com\/index.php?rest_route=\/wp\/v2\/posts\/27966","targetHints":{"allow":["GET"]}}],"collection":[{"href":"https:\/\/dekkbi.com\/index.php?rest_route=\/wp\/v2\/posts"}],"about":[{"href":"https:\/\/dekkbi.com\/index.php?rest_route=\/wp\/v2\/types\/post"}],"author":[{"embeddable":true,"href":"https:\/\/dekkbi.com\/index.php?rest_route=\/wp\/v2\/users\/1"}],"replies":[{"embeddable":true,"href":"https:\/\/dekkbi.com\/index.php?rest_route=%2Fwp%2Fv2%2Fcomments&post=27966"}],"version-history":[{"count":1,"href":"https:\/\/dekkbi.com\/index.php?rest_route=\/wp\/v2\/posts\/27966\/revisions"}],"predecessor-version":[{"id":27968,"href":"https:\/\/dekkbi.com\/index.php?rest_route=\/wp\/v2\/posts\/27966\/revisions\/27968"}],"wp:featuredmedia":[{"embeddable":true,"href":"https:\/\/dekkbi.com\/index.php?rest_route=\/wp\/v2\/media\/27967"}],"wp:attachment":[{"href":"https:\/\/dekkbi.com\/index.php?rest_route=%2Fwp%2Fv2%2Fmedia&parent=27966"}],"wp:term":[{"taxonomy":"category","embeddable":true,"href":"https:\/\/dekkbi.com\/index.php?rest_route=%2Fwp%2Fv2%2Fcategories&post=27966"},{"taxonomy":"post_tag","embeddable":true,"href":"https:\/\/dekkbi.com\/index.php?rest_route=%2Fwp%2Fv2%2Ftags&post=27966"}],"curies":[{"name":"wp","href":"https:\/\/api.w.org\/{rel}","templated":true}]}}