{"id":27938,"date":"2023-12-25T09:36:32","date_gmt":"2023-12-25T09:36:32","guid":{"rendered":"https:\/\/dekkbi.com\/?p=27938"},"modified":"2023-12-25T09:36:33","modified_gmt":"2023-12-25T09:36:33","slug":"nigeria-16-personnes-tuees-dans-une-attaque-dans-le-centre-du-pays-armee","status":"publish","type":"post","link":"https:\/\/dekkbi.com\/?p=27938","title":{"rendered":"Nigeria: 16 personnes tu\u00e9es dans une attaque dans le centre du pays (arm\u00e9e)"},"content":{"rendered":"\n<p>L\u2019attaque a eu lieu dans le village de Mushu, dans l\u2019\u00c9tat du Plateau, une r\u00e9gion en proie depuis plusieurs ann\u00e9es \u00e0 des tensions religieuses et ethniques.<\/p>\n\n\n\n<p>Des hommes arm\u00e9s ont tu\u00e9 au moins 16 personnes dimanche lors d\u2019une attaque dans un village du centre du Nigeria, selon un responsable militaire. \u00abIl y a eu un soul\u00e8vement apr\u00e8s l\u2019incident mais la situation a \u00e9t\u00e9 ma\u00eetris\u00e9e\u00bb, a d\u00e9clar\u00e9 \u00e0 l\u2019AFP le capitaine Oya James. <\/p>\n\n\n\n<p>L\u2019attaque a eu lieu dans le village de Mushu, dans l\u2019\u00c9tat du Plateau, une r\u00e9gion en proie depuis plusieurs ann\u00e9es \u00e0 des tensions religieuses et ethniques.\u00abNous dormions la nuit, quand soudain, des coups de feu violents ont retenti. Nous avions peur parce que nous ne nous attendions \u00e0 aucune attaque\u00bb, a expliqu\u00e9 Markus Amorudu, un habitant du village.<\/p>\n\n\n\n<p> \u00abLes gens se sont cach\u00e9s mais les assaillants ont captur\u00e9 un grand nombre d\u2019entre nous, certains ont \u00e9t\u00e9 tu\u00e9s, d\u2019autres ont \u00e9t\u00e9 bless\u00e9s\u00bb, a-t-il ajout\u00e9. Le gouverneur de l\u2019\u00c9tat, Caleb Mutfwang, a condamn\u00e9 l\u2019attaque, la qualifiant de \u00abbarbare, brutale et injustifi\u00e9e\u00bb.<\/p>\n\n\n\n<p>Des agents de s\u00e9curit\u00e9 et des militaires ont \u00e9t\u00e9 d\u00e9ploy\u00e9s apr\u00e8s l\u2019attaque pour surveiller la zone et \u00e9viter les troubles \u00e0 l\u2019ordre public. \u00abDes mesures proactives seront prises par le gouvernement pour freiner les attaques en cours contre des citoyens innocents\u00bb, a d\u00e9clar\u00e9 Gyang Bere, le porte-parole du gouverneur.<\/p>\n\n\n\n<p>Au Nigeria, les habitants des r\u00e9gions du nord-ouest et du centre du pays vivent dans la terreur des attaques des groupes jihadistes et des groupes criminels appel\u00e9s \u00abbandits\u00bb qui pillent les villages et tuent ou enl\u00e8vent les habitants.<\/p>\n","protected":false},"excerpt":{"rendered":"<p>L\u2019attaque a eu lieu dans le village de Mushu, dans l\u2019\u00c9tat du Plateau, une r\u00e9gion en proie depuis plusieurs ann\u00e9es<\/p>\n","protected":false},"author":1,"featured_media":27939,"comment_status":"open","ping_status":"open","sticky":false,"template":"","format":"standard","meta":{"footnotes":""},"categories":[26],"tags":[],"class_list":["post-27938","post","type-post","status-publish","format-standard","has-post-thumbnail","hentry","category-fait-divers"],"_links":{"self":[{"href":"https:\/\/dekkbi.com\/index.php?rest_route=\/wp\/v2\/posts\/27938","targetHints":{"allow":["GET"]}}],"collection":[{"href":"https:\/\/dekkbi.com\/index.php?rest_route=\/wp\/v2\/posts"}],"about":[{"href":"https:\/\/dekkbi.com\/index.php?rest_route=\/wp\/v2\/types\/post"}],"author":[{"embeddable":true,"href":"https:\/\/dekkbi.com\/index.php?rest_route=\/wp\/v2\/users\/1"}],"replies":[{"embeddable":true,"href":"https:\/\/dekkbi.com\/index.php?rest_route=%2Fwp%2Fv2%2Fcomments&post=27938"}],"version-history":[{"count":1,"href":"https:\/\/dekkbi.com\/index.php?rest_route=\/wp\/v2\/posts\/27938\/revisions"}],"predecessor-version":[{"id":27940,"href":"https:\/\/dekkbi.com\/index.php?rest_route=\/wp\/v2\/posts\/27938\/revisions\/27940"}],"wp:featuredmedia":[{"embeddable":true,"href":"https:\/\/dekkbi.com\/index.php?rest_route=\/wp\/v2\/media\/27939"}],"wp:attachment":[{"href":"https:\/\/dekkbi.com\/index.php?rest_route=%2Fwp%2Fv2%2Fmedia&parent=27938"}],"wp:term":[{"taxonomy":"category","embeddable":true,"href":"https:\/\/dekkbi.com\/index.php?rest_route=%2Fwp%2Fv2%2Fcategories&post=27938"},{"taxonomy":"post_tag","embeddable":true,"href":"https:\/\/dekkbi.com\/index.php?rest_route=%2Fwp%2Fv2%2Ftags&post=27938"}],"curies":[{"name":"wp","href":"https:\/\/api.w.org\/{rel}","templated":true}]}}