{"id":2792,"date":"2022-11-07T11:54:35","date_gmt":"2022-11-07T11:54:35","guid":{"rendered":"https:\/\/dekkbi.com\/?p=2792"},"modified":"2022-11-07T11:54:36","modified_gmt":"2022-11-07T11:54:36","slug":"mali-face-a-linsecurite-la-societe-civile-du-cercle-dansongo-appelle-a-la-desobeissance-civile","status":"publish","type":"post","link":"https:\/\/dekkbi.com\/?p=2792","title":{"rendered":"Mali: face \u00e0 l&rsquo;ins\u00e9curit\u00e9, la soci\u00e9t\u00e9 civile du cercle d&rsquo;Ansongo appelle \u00e0 la d\u00e9sob\u00e9issance civile"},"content":{"rendered":"\n<p>Vols, braquages, attaques jihadistes\u2026&nbsp;Pour d\u00e9noncer le ph\u00e9nom\u00e8ne r\u00e9current de l\u2019ins\u00e9curit\u00e9, le comit\u00e9 local de la soci\u00e9t\u00e9 civile de Ansongo et ses environs a lanc\u00e9 dimanche 48 heures de d\u00e9sob\u00e9issance civile dans cette importante localit\u00e9 de la r\u00e9gion de Gao dans le nord du Mali. Mardi et mercredi, ce comit\u00e9 entend paralyser les sept communes du cercle d\u2019Ansongo&nbsp;pour demander aussi \u00e0 l\u2019\u00c9tat de prendre les mesures qui s\u2019imposent.<\/p>\n\n\n\n<p><em>Avec notre correspondant<\/em>\u00a0<em>r\u00e9gional,<\/em><strong>\u00a0Serge Daniel<\/strong> -RFI<\/p>\n\n\n\n<p>Selon le comit\u00e9 local de la soci\u00e9t\u00e9 civile, aujourd\u2019hui, sur les sept communes du cercle de Ansongo, six se sont vid\u00e9es de leurs habitants pour raison d\u2019ins\u00e9curit\u00e9. Et sur les deux derni\u00e8res ann\u00e9es, de nombreux civils ont \u00e9t\u00e9 tu\u00e9s par les djihadistes et des bandits arm\u00e9s. Des \u00e9leveurs d\u00e9poss\u00e9d\u00e9s de leurs animaux, les agriculteurs chass\u00e9s de leurs champs, les commer\u00e7ants se rendant \u00e0 des foires victimes de mines pos\u00e9es sur des routes poursuivent les initiateurs de 48 heures de d\u00e9sob\u00e9issance civile. Dans cette partie du Mali, Ouatagouna o\u00f9 des notables locaux et des \u00e9lus ont \u00e9t\u00e9 assassin\u00e9s, est l\u2019une des communes les plus touch\u00e9es par l\u2019ins\u00e9curit\u00e9.<\/p>\n\n\n\n<h2 class=\"wp-block-heading\">\u00ab&nbsp;<em>L\u2019\u00c9tat malien doit assurer notre s\u00e9curit\u00e9<\/em>&nbsp;\u00bb<\/h2>\n\n\n\n<p>\u00ab&nbsp;<em>L\u2019\u00c9tat malien doit assurer notre s\u00e9curit\u00e9, c\u2019est pour nous un droit<\/em>&nbsp;<em>!<\/em>&nbsp;\u00bb, insiste un membre du comit\u00e9 local de la soci\u00e9t\u00e9 civil qui donne des d\u00e9tails sur les journ\u00e9es de d\u00e9sob\u00e9issance civile qui commence ce mardi pour amener le gouvernement \u00e0 agir&nbsp;: fermetures des services publics, des boutiques, mais aussi interdiction de circuler \u00e0 l\u2019int\u00e9rieur de toutes les communes. Le plan d\u2019action comporte \u00e9galement la fermeture de trois principales voies d\u2019entr\u00e9e dans la ville&nbsp;: celle venant de Gao, de M\u00e9naka et du Niger.<\/p>\n\n\n\n<p><a rel=\"noreferrer noopener\" href=\"https:\/\/www.facebook.com\/dialog\/share?app_id=113191652055439&amp;href=https%3A%2F%2Frfi.my%2F8stn.F&amp;redirect_uri=https%3A%2F%2Fwww.rfi.fr%2Ffr%2Fafrique%2F20221107-mali-face-%25C3%25A0-l-ins%25C3%25A9curit%25C3%25A9-la-soci%25C3%25A9t%25C3%25A9-civile-du-cercle-d-ansongo-appelle-%25C3%25A0-la-d%25C3%25A9sob%25C3%25A9issance-civile&amp;locale=fr_FR\" target=\"_blank\"><\/a><a rel=\"noreferrer noopener\" href=\"https:\/\/twitter.com\/intent\/tweet?url=https%3A%2F%2Frfi.my%2F8stn.T&amp;via=RFI&amp;related=rfi&amp;text=Mali%3A%20face%20%C3%A0%20l%27ins%C3%A9curit%C3%A9%2C%20la%20soci%C3%A9t%C3%A9%20civile%20du%20cercle%20d%27Ansongo%20appelle%20%C3%A0%20la%20d%C3%A9sob%C3%A9issance%20civile&amp;lang=fr\" target=\"_blank\"><\/a><a rel=\"noreferrer noopener\" href=\"https:\/\/web.whatsapp.com\/send?text=Mali%3A%20face%20%C3%A0%20l%27ins%C3%A9curit%C3%A9%2C%20la%20soci%C3%A9t%C3%A9%20civile%20du%20cercle%20d%27Ansongo%20appelle%20%C3%A0%20la%20d%C3%A9sob%C3%A9issance%20civile%20-%20https%3A%2F%2Frfi.my%2F8stn.W\" target=\"_blank\"><\/a><\/p>\n\n\n\n<p>Publi\u00e9 le :&nbsp;07\/11\/2022 &#8211; 04:44<\/p>\n\n\n\n<figure class=\"wp-block-image size-full\"><img decoding=\"async\" src=\"https:\/\/dekkbi.com\/wp-content\/uploads\/2022\/11\/image-1.gif\" alt=\"\" class=\"wp-image-2793\"\/><figcaption class=\"wp-element-caption\">Localisation de la commune d&rsquo;Ansongo.&nbsp;\u00a9 RFI<\/figcaption><\/figure>\n\n\n\n<p>Texte par :<a href=\"https:\/\/www.rfi.fr\/fr\/auteur\/rfi\/\">RFI<\/a><a href=\"https:\/\/twitter.com\/intent\/follow?screen_name=rfi\" target=\"_blank\" rel=\"noreferrer noopener\">Suivre<\/a><\/p>\n\n\n\n<p>1 mn<\/p>\n\n\n\n<p>Vols, braquages, attaques jihadistes\u2026&nbsp;Pour d\u00e9noncer le ph\u00e9nom\u00e8ne r\u00e9current de l\u2019ins\u00e9curit\u00e9, le comit\u00e9 local de la soci\u00e9t\u00e9 civile de Ansongo et ses environs a lanc\u00e9 dimanche 48 heures de d\u00e9sob\u00e9issance civile dans cette importante localit\u00e9 de la r\u00e9gion de Gao dans le nord du Mali. Mardi et mercredi, ce comit\u00e9 entend paralyser les sept communes du cercle d\u2019Ansongo&nbsp;pour demander aussi \u00e0 l\u2019\u00c9tat de prendre les mesures qui s\u2019imposent.<\/p>\n\n\n\n<p>PUBLICIT\u00c9<\/p>\n\n\n\n<p><em>Avec notre correspondant<\/em>&nbsp;<em>r\u00e9gional,<\/em><strong>&nbsp;Serge Daniel<\/strong><\/p>\n\n\n\n<p>Selon le comit\u00e9 local de la soci\u00e9t\u00e9 civile, aujourd\u2019hui, sur les sept communes du cercle de Ansongo, six se sont vid\u00e9es de leurs habitants pour raison d\u2019ins\u00e9curit\u00e9. Et sur les deux derni\u00e8res ann\u00e9es, de nombreux civils ont \u00e9t\u00e9 tu\u00e9s par les djihadistes et des bandits arm\u00e9s. Des \u00e9leveurs d\u00e9poss\u00e9d\u00e9s de leurs animaux, les agriculteurs chass\u00e9s de leurs champs, les commer\u00e7ants se rendant \u00e0 des foires victimes de mines pos\u00e9es sur des routes poursuivent les initiateurs de 48 heures de d\u00e9sob\u00e9issance civile. Dans cette partie du Mali, Ouatagouna o\u00f9 des notables locaux et des \u00e9lus ont \u00e9t\u00e9 assassin\u00e9s, est l\u2019une des communes les plus touch\u00e9es par l\u2019ins\u00e9curit\u00e9.<\/p>\n\n\n\n<h2 class=\"wp-block-heading\">\u00ab&nbsp;<em>L\u2019\u00c9tat malien doit assurer notre s\u00e9curit\u00e9<\/em>&nbsp;\u00bb<\/h2>\n\n\n\n<p>\u00ab&nbsp;<em>L\u2019\u00c9tat malien doit assurer notre s\u00e9curit\u00e9, c\u2019est pour nous un droit<\/em>&nbsp;<em>!<\/em>&nbsp;\u00bb, insiste un membre du comit\u00e9 local de la soci\u00e9t\u00e9 civil qui donne des d\u00e9tails sur les journ\u00e9es de d\u00e9sob\u00e9issance civile qui commence ce mardi pour amener le gouvernement \u00e0 agir&nbsp;: fermetures des services publics, des boutiques, mais aussi interdiction de circuler \u00e0 l\u2019int\u00e9rieur de toutes les communes. Le plan d\u2019action comporte \u00e9galement la fermeture de trois principales voies d\u2019entr\u00e9e dans la ville&nbsp;: celle venant de Gao, de M\u00e9naka et du Niger.<\/p>\n","protected":false},"excerpt":{"rendered":"<p>Vols, braquages, attaques jihadistes\u2026&nbsp;Pour d\u00e9noncer le ph\u00e9nom\u00e8ne r\u00e9current de l\u2019ins\u00e9curit\u00e9, le comit\u00e9 local de la soci\u00e9t\u00e9 civile de Ansongo et<\/p>\n","protected":false},"author":1,"featured_media":2795,"comment_status":"open","ping_status":"open","sticky":false,"template":"","format":"standard","meta":{"footnotes":""},"categories":[51],"tags":[],"class_list":["post-2792","post","type-post","status-publish","format-standard","has-post-thumbnail","hentry","category-general"],"_links":{"self":[{"href":"https:\/\/dekkbi.com\/index.php?rest_route=\/wp\/v2\/posts\/2792","targetHints":{"allow":["GET"]}}],"collection":[{"href":"https:\/\/dekkbi.com\/index.php?rest_route=\/wp\/v2\/posts"}],"about":[{"href":"https:\/\/dekkbi.com\/index.php?rest_route=\/wp\/v2\/types\/post"}],"author":[{"embeddable":true,"href":"https:\/\/dekkbi.com\/index.php?rest_route=\/wp\/v2\/users\/1"}],"replies":[{"embeddable":true,"href":"https:\/\/dekkbi.com\/index.php?rest_route=%2Fwp%2Fv2%2Fcomments&post=2792"}],"version-history":[{"count":1,"href":"https:\/\/dekkbi.com\/index.php?rest_route=\/wp\/v2\/posts\/2792\/revisions"}],"predecessor-version":[{"id":2796,"href":"https:\/\/dekkbi.com\/index.php?rest_route=\/wp\/v2\/posts\/2792\/revisions\/2796"}],"wp:featuredmedia":[{"embeddable":true,"href":"https:\/\/dekkbi.com\/index.php?rest_route=\/wp\/v2\/media\/2795"}],"wp:attachment":[{"href":"https:\/\/dekkbi.com\/index.php?rest_route=%2Fwp%2Fv2%2Fmedia&parent=2792"}],"wp:term":[{"taxonomy":"category","embeddable":true,"href":"https:\/\/dekkbi.com\/index.php?rest_route=%2Fwp%2Fv2%2Fcategories&post=2792"},{"taxonomy":"post_tag","embeddable":true,"href":"https:\/\/dekkbi.com\/index.php?rest_route=%2Fwp%2Fv2%2Ftags&post=2792"}],"curies":[{"name":"wp","href":"https:\/\/api.w.org\/{rel}","templated":true}]}}