{"id":27911,"date":"2023-12-25T08:13:37","date_gmt":"2023-12-25T08:13:37","guid":{"rendered":"https:\/\/dekkbi.com\/?p=27911"},"modified":"2023-12-25T08:13:38","modified_gmt":"2023-12-25T08:13:38","slug":"messe-de-la-nuit-de-noel-le-dieu-de-lincarnation-choisit-la-petitesse","status":"publish","type":"post","link":"https:\/\/dekkbi.com\/?p=27911","title":{"rendered":"Messe de la Nuit de No\u00ebl: le Dieu de l\u2019incarnation choisit la petitesse"},"content":{"rendered":"\n<p>Dans son hom\u00e9lie prononc\u00e9e devant 6 500 fid\u00e8les r\u00e9unis en la basilique Saint-Pierre et 6 000 place Saint-Pierre, le Pape a rappel\u00e9 combien J\u00e9sus n\u2019est pas un Dieu de la performance ni du pouvoir illimit\u00e9, mais qui s\u2019immerge dans nos limites et fragilit\u00e9s. \u00abNotre c\u0153ur, ce soir, est \u00e0 Bethl\u00e9em, o\u00f9 le Prince de la paix est encore rejet\u00e9 par la logique perdante de la guerre, avec le fracas des armes qui, aujourd\u2019hui encore, l\u2019emp\u00eache de trouver une place dans le monde\u00bb, a affirm\u00e9 le Saint-P\u00e8re.<\/p>\n\n\n\n<p>S\u2019appuyant sur le contexte historique de la naissance du Christ, celui du recensement sur toute la terre, le Pape a mis en avant un contraste criant: \u00abTandis que l\u2019empereur compte les habitants du monde, Dieu y entre presque en secret; tandis que ceux qui commandent cherchent \u00e0 s\u2019\u00e9lever parmi les grands de l\u2019histoire, le Roi de l\u2019histoire choisit la voie de la petitesse. <\/p>\n\n\n\n<p>Aucun des puissants ne le remarque, seuls quelques bergers, rel\u00e9gu\u00e9s aux marges de la vie sociale\u00bb.Cette voie de la petitesse se v\u00e9rifie, selon le Saint-P\u00e8re, aussi dans l\u2019attitude de J\u00e9sus face au recensement. \u00abIl ne sanctionne pas le recensement et se laisse humblement comptabiliser. Nous ne voyons pas un dieu en col\u00e8re qui ch\u00e2tie, mais le Dieu mis\u00e9ricordieux qui s\u2019incarne, qui entre faible dans le monde, avec la proclamation: \u2018\u2019Paix sur la terre aux hommes\u2019\u2019 qui le pr\u00e9c\u00e8de\u00bb.<\/p>\n\n\n\n<p>J\u00e9sus n\u2019est pas le Dieu de la performance mais de l\u2019incarnation \u00abEt notre c\u0153ur, ce soir, est \u00e0 Bethl\u00e9em, o\u00f9 le Prince de la paix est encore rejet\u00e9 par la logique perdante de la guerre, avec le fracas des armes qui, aujourd\u2019hui encore, l\u2019emp\u00eache de trouver une place dans le monde\u00bb, a affirm\u00e9 le successeur de Pierre, consid\u00e9rant que le recensement de la terre enti\u00e8re, en somme, manifeste d\u2019une part la trame trop humaine qui traverse l\u2019histoire: \u00abcelle d\u2019un monde en qu\u00eate de pouvoir et de puissance, de c\u00e9l\u00e9brit\u00e9 et de gloire, o\u00f9 tout se mesure \u00e0 l\u2019aune des r\u00e9alisations et des r\u00e9sultats, des chiffres et des nombres\u00bb. <\/p>\n\n\n\n<p>C\u2019est l\u2019obsession de la performance, dit-il. Mais en m\u00eame temps, dans le recensement, le chemin de J\u00e9sus, qui vient nous chercher par l\u2019incarnation, se singularise. \u00abIl n\u2019est pas le Dieu de la performance, mais le Dieu de l\u2019incarnation. Il ne renverse pas les injustices d\u2019en haut par la force, mais d\u2019en bas par l\u2019amour; il ne se d\u00e9ploie pas avec un pouvoir illimit\u00e9, mais s\u2019immerge dans nos limites; il n\u2019\u00e9vite pas nos fragilit\u00e9s, mais les assume.\u00bb<\/p>\n\n\n\n<p>\u201cNotre c\u0153ur, ce soir, est \u00e0 Bethl\u00e9em, o\u00f9 le Prince de la paix est encore rejet\u00e9 par la logique perdante de la guerre, avec le fracas des armes qui, aujourd\u2019hui encore, l\u2019emp\u00eache de trouver une place dans le monde\u201dL\u2019\u00e9v\u00eaque de Rome a poursuivi son hom\u00e9lie en interrogeant les fid\u00e8les: \u00abEn quel Dieu croyons-nous? Au Dieu de l\u2019incarnation ou au Dieu de la performance? Oui, parce qu\u2019il y a un risque de vivre No\u00ebl avec en t\u00eate une id\u00e9e pa\u00efenne de Dieu. Comme s\u2019il \u00e9tait un ma\u00eetre puissant dans le ciel, un dieu li\u00e9 au pouvoir, au succ\u00e8s mondain et \u00e0 l\u2019idol\u00e2trie du consum\u00e9risme\u00bb.<\/p>\n\n\n\n<p>Gare aux fausses images d\u2019un dieu de l\u2019imm\u00e9diatet\u00e9 C\u2019est l\u00e0, selon Fran\u00e7ois, la fausse image d\u2019un dieu d\u00e9tach\u00e9 et susceptible, qui se comporte bien avec les bons et se f\u00e2che avec les mauvais; \u00abun dieu fait \u00e0 notre image, utile seulement pour r\u00e9soudre nos probl\u00e8mes et supprimer nos maux\u00bb. Au contraire, \u00abIl n\u2019utilise pas de baguette magique, Il n\u2019est pas le dieu commercial du \u201ctout et tout de suite\u201d; il ne nous sauve pas en appuyant sur un bouton, mais se faisant proche pour changer la r\u00e9alit\u00e9 de l\u2019int\u00e9rieur\u00bb, a ajout\u00e9 le Souverain pontife, d\u00e9plorant cette id\u00e9e mondaine d\u2019un dieu distant et contr\u00f4leur, rigide et puissant, qui aide les siens \u00e0 l\u2019emporter sur les autres comme beaucoup le croient.\u201cDieu n\u2019utilise pas de baguette magique, Il n\u2019est pas le dieu commercial du \u201ctout et tout de suite\u201d\u201d<\/p>\n\n\n\n<p>Et le Pape d\u2019exhorter \u00e0 se tourner vers le \u00abDieu vivant et vrai\u00bb, qui est au-del\u00e0 de tout calcul humain et qui pourtant se laisse recenser par nos comptages; vers Lui qui r\u00e9volutionne l\u2019histoire en l\u2019habitant; vers Lui qui nous respecte jusqu\u2019\u00e0 nous permettre de le rejeter. \u00abIl d\u00e9sire tellement embrasser nos existences que, infini, il devient pour nous fini; grand, il devient petit; juste, il habite nos injustices\u00bb, a relev\u00e9 le successeur de Pierre. Telle est selon lui la merveille de No\u00ebl: \u00abNon pas un m\u00e9lange d\u2019affections sentimentales et de conforts mondains, mais la tendresse sans pr\u00e9c\u00e9dent de Dieu qui sauve le monde en s\u2019incarnant. Regardons l\u2019Enfant, regardons sa mangeoire, regardons la cr\u00e8che, que les anges appellent \u2018\u2019le signe\u2019\u2019\u00bb.<\/p>\n\n\n\n<p><strong>Dieu regarde le visage et le c\u0153ur, non les performances<\/strong><\/p>\n\n\n\n<p>Le Pape a ensuite m\u00e9dit\u00e9 sur la chair dans laquelle s\u2019est incarn\u00e9 le Verbe. Un terme rappelant la fragilit\u00e9 de la condition humaine que Dieu a p\u00e9n\u00e9tr\u00e9 par amour pour nous.\u00abPour Dieu qui a chang\u00e9 l\u2019histoire lors du recensement, tu n\u2019es pas un num\u00e9ro, mais un visage; ton nom est inscrit dans son c\u0153ur\u00bb, a soulign\u00e9 Fran\u00e7ois, s\u2019adressant au creux du c\u0153ur de chacun: \u00abEn regardant ton c\u0153ur, tes performances qui ne sont pas \u00e0 la hauteur, le monde qui juge et ne pardonne pas, peut-\u00eatre vis-tu mal ce No\u00ebl, en pensant que tu ne fais pas bien, en nourrissant un sentiment d\u2019inad\u00e9quation et d\u2019insatisfaction \u00e0 cause de tes fragilit\u00e9s, de tes chutes et de tes probl\u00e8mes\u00bb.<\/p>\n\n\n\n<p>Or, Lui qui s\u2019est fait chair, n\u2019attend pas tes performances mais ton c\u0153ur ouvert et confiant, a avanc\u00e9 le Pape, rappelant que le Christ ne regarde pas les num\u00e9ros, mais les visages. A l\u2019inverse, demande-t-il, \u00abqui Le regarde, au milieu des innombrables choses et de la course folle d\u2019un monde toujours affair\u00e9 et indiff\u00e9rent?\u00bbRed\u00e9couvrir l\u2019adoration Une r\u00e9ponse \u00e0 cela r\u00e9side dans l\u2019adoration, \u00e0 l\u2019image de Marie, Joseph, des bergers, puis des mages. <\/p>\n\n\n\n<p>\u00ab<strong>L\u2019adoration est le moyen d\u2019accueillir l\u2019incarnation\u00bb.<\/strong><\/p>\n\n\n\n<p> \u00abRed\u00e9couvrons l\u2019adoration, car adorer ce n\u2019est pas perdre son temps, mais permettre \u00e0 Dieu d\u2019habiter notre temps. C\u2019est faire fleurir en nous la semence de l\u2019incarnation, c\u2019est collaborer \u00e0 l\u2019\u0153uvre du Seigneur qui change le monde comme un levain. C\u2019est interc\u00e9der, r\u00e9parer, permettre \u00e0 Dieu de redresser l\u2019histoire.\u00bb <\/p>\n\n\n\n<p>Et le Pape de conclure citant le grand auteur chr\u00e9tien Tolkien: \u00abJe t\u2019offre la seule grande chose \u00e0 aimer sur terre: le Saint Sacrement. Tu y trouveras le charme, la gloire, l\u2019honneur, la fid\u00e9lit\u00e9 et le vrai chemin de toutes tes amours sur terre\u00bb (J.R.R. Tolkien, Lettre n. 43, mars 1941).\u201cRed\u00e9couvrons l\u2019adoration, car adorer ce n\u2019est pas perdre son temps, mais permettre \u00e0 Dieu d\u2019habiter notre temps.\u201d<\/p>\n\n\n\n<p>SOURCE LESOLEIL <\/p>\n","protected":false},"excerpt":{"rendered":"<p>Dans son hom\u00e9lie prononc\u00e9e devant 6 500 fid\u00e8les r\u00e9unis en la basilique Saint-Pierre et 6 000 place Saint-Pierre, le Pape<\/p>\n","protected":false},"author":1,"featured_media":27912,"comment_status":"open","ping_status":"open","sticky":false,"template":"","format":"standard","meta":{"footnotes":""},"categories":[21],"tags":[],"class_list":["post-27911","post","type-post","status-publish","format-standard","has-post-thumbnail","hentry","category-societe"],"_links":{"self":[{"href":"https:\/\/dekkbi.com\/index.php?rest_route=\/wp\/v2\/posts\/27911","targetHints":{"allow":["GET"]}}],"collection":[{"href":"https:\/\/dekkbi.com\/index.php?rest_route=\/wp\/v2\/posts"}],"about":[{"href":"https:\/\/dekkbi.com\/index.php?rest_route=\/wp\/v2\/types\/post"}],"author":[{"embeddable":true,"href":"https:\/\/dekkbi.com\/index.php?rest_route=\/wp\/v2\/users\/1"}],"replies":[{"embeddable":true,"href":"https:\/\/dekkbi.com\/index.php?rest_route=%2Fwp%2Fv2%2Fcomments&post=27911"}],"version-history":[{"count":1,"href":"https:\/\/dekkbi.com\/index.php?rest_route=\/wp\/v2\/posts\/27911\/revisions"}],"predecessor-version":[{"id":27913,"href":"https:\/\/dekkbi.com\/index.php?rest_route=\/wp\/v2\/posts\/27911\/revisions\/27913"}],"wp:featuredmedia":[{"embeddable":true,"href":"https:\/\/dekkbi.com\/index.php?rest_route=\/wp\/v2\/media\/27912"}],"wp:attachment":[{"href":"https:\/\/dekkbi.com\/index.php?rest_route=%2Fwp%2Fv2%2Fmedia&parent=27911"}],"wp:term":[{"taxonomy":"category","embeddable":true,"href":"https:\/\/dekkbi.com\/index.php?rest_route=%2Fwp%2Fv2%2Fcategories&post=27911"},{"taxonomy":"post_tag","embeddable":true,"href":"https:\/\/dekkbi.com\/index.php?rest_route=%2Fwp%2Fv2%2Ftags&post=27911"}],"curies":[{"name":"wp","href":"https:\/\/api.w.org\/{rel}","templated":true}]}}