{"id":2789,"date":"2022-11-07T11:07:11","date_gmt":"2022-11-07T11:07:11","guid":{"rendered":"https:\/\/dekkbi.com\/?p=2789"},"modified":"2022-11-07T11:07:12","modified_gmt":"2022-11-07T11:07:12","slug":"cop27-financements-energie-adaptations-quels-sont-les-enjeux-pour","status":"publish","type":"post","link":"https:\/\/dekkbi.com\/?p=2789","title":{"rendered":"COP27 : Financements, \u00e9nergie, adaptations, quels sont les enjeux pour ?"},"content":{"rendered":"\n<p>L\u2019Afrique est le continent le plus vuln\u00e9rable aux effets du changement climatique. Elle ne contribue pourtant qu\u2019\u00e0 hauteur de 3% \u00e0 l\u2019\u00e9mission mondiale des gaz \u00e0 effet de serre. Cette \u00ab&nbsp;injustice climatique&nbsp;\u00bb sera au c\u0153ur des d\u00e9bats de la COP27 qui se tient sur le continent, \u00e0 Charm el-Cheikh (\u00c9gypte), du 6 au 18 novembre. En cinq points, on vous pr\u00e9sente les enjeux de la conf\u00e9rence des Nations unies sur le climat pour les pays africains.<\/p>\n\n\n\n<p><a href=\"https:\/\/www.addthis.com\/bookmark.php?v=300\"><\/a><a href=\"https:\/\/www.addthis.com\/bookmark.php?v=300\"><\/a><a href=\"https:\/\/www.addthis.com\/bookmark.php?v=300\" rel=\"noreferrer noopener\" target=\"_blank\"><\/a><a href=\"https:\/\/www.addthis.com\/bookmark.php?v=300\" rel=\"noreferrer noopener\" target=\"_blank\"><\/a><\/p>\n\n\n\n<ul class=\"wp-block-list\">\n<li><strong>Financements, le nerf de la guerre<\/strong><\/li>\n<\/ul>\n\n\n\n<p>C&rsquo;est l&rsquo;enjeu principal de cette COP27. Cyril Ramaphosa, le pr\u00e9sident sud-africain, s\u2019est d\u2019ailleurs attaqu\u00e9 au sujet en amont de la conf\u00e9rence. Il a rappel\u00e9 que son pays avait besoin \u00ab&nbsp;<em>de financements beaucoup plus importants que ce qui a \u00e9t\u00e9 mis sur la table&nbsp;<\/em>\u00bb. Il cible \u00e0 ce sujet les pays occidentaux et les pays riches&nbsp;: \u00ab&nbsp;<em>Nous devons demander des comptes aux \u00e9conomies d\u00e9velopp\u00e9es en veillant \u00e0 ce qu&rsquo;elles honorent les engagements financiers qu&rsquo;elles ont pris<\/em>&nbsp;\u00bb. Le montant promis en 2009, 100 milliard de dollars d\u2019aide par an pour permettre au pays du Sud de s\u2019adapter, n\u2019a toujours pas \u00e9t\u00e9 atteint.&nbsp;<br><br>Eve Bazaiba, ministre de l&rsquo;Environnement en RDC, abordait aussi dans une interview sur TV5Monde la r\u00e9alisation n\u00e9cessaire des engagements des pays du Nord, comme \u00ab&nbsp;<em>le G20, \u00e0 lui seul responsable des 80 % des pollutions mondiales<\/em>&nbsp;\u00bb. Elle \u00e9voquait un r\u00f4le diff\u00e9renci\u00e9 dans le financement de la lutte contre le changement climatique, en fonction des moyens et des responsabilit\u00e9s historiques.<br><br><strong>(Re)lire&nbsp;:&nbsp;\u00ab\u00a0\u00c0 la COP27, nous voulons quitter l&rsquo;\u00e9tape des intentions\u00a0\u00bb, pr\u00e9vient Eve Bazaiba, ministre de l&rsquo;Environnement de la RDC<\/strong><br><br>Ces d\u00e9clarations refl\u00e8tent le sentiment des dirigeants et experts africains, qui attendent un soutien financier bien plus d\u00e9velopp\u00e9 de la part des pays riches dans cette lutte. \u00ab&nbsp;<em>Les flux financiers internationaux pour l&rsquo;adaptation aux changements climatiques dirig\u00e9s vers les pays en d\u00e9veloppement sont 5 \u00e0 10 fois inf\u00e9rieurs aux besoins estim\u00e9s, et l&rsquo;\u00e9cart continue de se creuser&nbsp;<\/em>\u00bb, signalait ainsi un rapport du Programme des Nations unies pour l&rsquo;environnement.<br><br>Toutefois, Chukwumerije Okereke, chercheur sur les questions environnementales et directeur du Centre pour le climat et le d\u00e9veloppement au Nigeria, d\u00e9crit un espoir mitig\u00e9 de voir les choses \u00e9voluer \u00e0 cette COP. Il pointe le climat politique d\u00e9favorable dans les pays occidentaux, de l\u2019Italie aux \u00c9tats-Unis. \u00ab&nbsp;<em>Par exemple, aux \u00c9tats-Unis, les choses ne vont pas particuli\u00e8rement bien pour les D\u00e9mocrates, selon les sondages des \u00ab\u00a0midterms\u00a0\u00bb. La temp\u00e9rature politique n&rsquo;est donc pas favorable \u00e0 une action beaucoup plus offensive en faveur des pays en d\u00e9veloppement. L&rsquo;Occident tra\u00eene maintenant les pieds pour venir en aide aux pays pauvres<\/em>&nbsp;\u00bb, d\u00e9veloppe-t-il.<\/p>\n\n\n\n<p><em>Plut\u00f4t que de dire \u00ab\u00a0Arr\u00eatez d&rsquo;utiliser votre gaz\u00a0\u00bb, nous devons augmenter massivement les investissements dans les \u00e9nergies renouvelables en Afrique<\/em><\/p>\n\n\n\n<p><br><strong>Chukwumerije Okereke,&nbsp;directeur du Centre pour le climat et le d\u00e9veloppement au Nigeria.<\/strong><\/p>\n\n\n\n<p>La mani\u00e8re dont ces financements fonctionnent sera aussi un enjeu lors de la COP. Par exemple, le professeur Okereke insiste sur le fait qu&rsquo;ils ne devraient pas alourdir les dettes des pays africains.&nbsp;<br><br>Andrew Amadi, ing\u00e9nieur \u00e0 la t\u00eate de l\u2019Association kenyane pour les \u00e9nergies renouvelables, \u00e9voque un autre probl\u00e8me, qui concerne le d\u00e9calage d\u2019\u00e9chelle. \u00ab&nbsp;<em>D&rsquo;un c\u00f4t\u00e9, vous avez des investissements qui se chiffrent en milliards de dollars, parce que cela a plus de sens du point de vue du co\u00fbt du capital. Mais les projets qui sont d\u00e9velopp\u00e9s en Afrique sont tr\u00e8s petits. Il y a donc des investisseurs qui ne veulent m\u00eame pas regarder ces projets parce qu&rsquo;ils sont trop r\u00e9duits pour \u00eatre viables<\/em>&nbsp;\u00bb.&nbsp;<br><br>Une partie de la solution pourrait se trouver pour lui du c\u00f4t\u00e9 du num\u00e9rique, qui aiderait \u00e0 agr\u00e9ger des projets locaux, pour les rendre int\u00e9ressants aux yeux des investisseurs. Ces d\u00e9marches permettraient aussi de d\u00e9centraliser le syst\u00e8me, et le rendre plus adapt\u00e9 aux besoins locaux. \u00ab&nbsp;<em>Cela permettrait d&rsquo;acc\u00e9l\u00e9rer le rythme auquel les projets peuvent \u00eatre d\u00e9ploy\u00e9s en Afrique<\/em>&nbsp;\u00bb, appuie-t-il.&nbsp;<\/p>\n\n\n\n<p><\/p>\n\n\n\n<ul class=\"wp-block-list\">\n<li><strong>Vers un dispositif&nbsp;de \u00ab&nbsp;pertes et pr\u00e9judices&nbsp;\u00bb<\/strong>&nbsp;?<\/li>\n<\/ul>\n\n\n\n<p>Depuis quelques d\u00e9cennies, les institutions climatiques utilisent le concept de \u00ab&nbsp;pertes et pr\u00e9judices&nbsp;\u00bb. Il se rapporte aux dommages caus\u00e9s par le r\u00e9chauffement climatique, des cons\u00e9quences des cyclones \u00e0 celles de la hausse du niveau de la mer. Les pays en d\u00e9veloppement demandent aux Occidentaux, responsables de la majorit\u00e9 des \u00e9missions de gaz \u00e0 effet de serre, de participer financi\u00e8rement \u00e0 lutter contre ces pr\u00e9judices dans les pays pauvres. Il s\u2019agit par exemple d\u2019aider les victimes de catastrophes climatiques, de plus en plus nombreuses, notamment en Afrique.&nbsp;<br><br>La proposition de cr\u00e9er un nouveau syst\u00e8me de financement avait \u00e9t\u00e9 bloqu\u00e9e \u00e0 la dernier COP \u00e0 Glasgow. Les pays en d\u00e9veloppement, comme les pays africains, esp\u00e8rent le remettre sur la table cette fois-ci.&nbsp;<\/p>\n\n\n\n<p><\/p>\n\n\n\n<p>\u00ab&nbsp;<em>Le premier combat est de savoir si la question va \u00eatre \u00e0 l&rsquo;ordre du jour. Le deuxi\u00e8me est de savoir si un dispositif financier sp\u00e9cifique sera \u00e9tabli. Et le troisi\u00e8me combat est de savoir, m\u00eame s\u2019il est \u00e9tabli, quand deviendra-t-il op\u00e9rationnel&nbsp;?<\/em>&nbsp;\u00bb, r\u00e9sume Chukwumerije Okereke.&nbsp;<br><br>Dans le processus permettant sa mise en place, le chercheur craint le manque de volont\u00e9 politique des pays occidentaux, et marginalement la d\u00e9sunion des pays africains sur la question. Selon lui, certains pays en d\u00e9veloppement consid\u00e8rent ainsi qu\u2019il serait plus facile et rapide de se reposer sur les syst\u00e8mes pr\u00e9existants, sans cr\u00e9er celui sp\u00e9cifiquement n\u00e9cessaire pour les pertes et pr\u00e9judices. \u00c0 cet \u00e9gard, Paris s&rsquo;est aussi dit \u00ab&nbsp;<em>ouvert<\/em>&nbsp;\u00bb \u00e0 la question, tout en s&rsquo;opposant \u00e0 la cr\u00e9ation d&rsquo;un nouveau fonds.&nbsp;<\/p>\n\n\n\n<p><em>Qu&rsquo;il s&rsquo;agisse de g\u00e9othermie, d&rsquo;hydro\u00e9lectricit\u00e9, de biomasse ou d&rsquo;\u00e9nergie \u00e9olienne, l&rsquo;Afrique dispose d&rsquo;un \u00e9norme potentiel<\/em><br><strong>Andrew Amadi, ing\u00e9nieur \u00e0 la t\u00eate de l\u2019Association kenyane pour les \u00e9nergies renouvelables.<\/strong><\/p>\n\n\n\n<ul class=\"wp-block-list\">\n<li><strong>L&rsquo;adaptation, parent pauvre&nbsp;en mati\u00e8re&nbsp;d&rsquo;investissements<\/strong><\/li>\n<\/ul>\n\n\n\n<p>Chukwumerije Okereke, chercheur au Nigeria, et Andrew Amadi, ing\u00e9nieur au Kenya, se rejoignent pour demander davantage d\u2019efforts et d\u2019investissements en termes d\u2019adaptations. L\u2019adaptation, qui s\u2019attaque aux effets du changement climatique, s\u2019oppose \u00e0 \u00ab l\u2019att\u00e9nuation&nbsp;\u00bb, qui r\u00e9duit ses sources, comme les gaz \u00e0 effet de serre. \u00ab&nbsp;<em>Dans le cadre de la diplomatie et des n\u00e9gociations sur le climat, l&rsquo;accent a \u00e9t\u00e9 mis sur la r\u00e9duction des \u00e9missions de carbone, ce qui est bien s\u00fbr essentiel. Mais l&rsquo;adaptation est \u00e9galement tr\u00e8s importante et n&rsquo;a pas re\u00e7u beaucoup d&rsquo;attention. Dans certains cas, la r\u00e9partition entre le financement de&nbsp;l&rsquo;adaptation et de l&rsquo;att\u00e9nuation est de l&rsquo;ordre de 30 versus 70 %.<\/em>&nbsp;\u00bb, explique le professeur Okereke.&nbsp;<\/p>\n\n\n\n<p><img loading=\"lazy\" decoding=\"async\" src=\"https:\/\/information.tv5monde.com\/sites\/info.tv5monde.com\/files\/styles\/large_article\/public\/assets\/images\/AP22286486955701.jpg?itok=7GjKVesT\" width=\"670\" height=\"447\" alt=\"Cette ann\u00e9e, le Kenya a \u00e9t\u00e9 touch\u00e9 \u00e0 la fois par la s\u00e9cheresse et la mont\u00e9e des eaux. AP\/&nbsp;Brian Inganga.\"><\/p>\n\n\n\n<p>Cette ann\u00e9e, le Kenya a \u00e9t\u00e9 touch\u00e9 \u00e0 la fois par la s\u00e9cheresse et la mont\u00e9e des eaux. AP\/&nbsp;Brian Inganga.<\/p>\n\n\n\n<p>Andrew Amadi cite notamment la question des syst\u00e8mes hydrauliques en Afrique, qui devrait \u00eatre davantage abord\u00e9e.&nbsp;&nbsp;<br><br>Il met ainsi l\u2019accent sur la technologie, \u00e0 rebours des solutions court-termistes comme l\u2019aide d\u2019urgence en cas de s\u00e9cheresses. \u00c0 titre d\u2019exemple, l\u2019ing\u00e9nieur d\u00e9crit le d\u00e9veloppement de pompes \u00e0 eau solaires au Kenya, qui participent \u00e0 la fois \u00e0 la s\u00e9curit\u00e9 alimentaire, aux circuits \u00e9conomiques, \u00e0 l\u2019utilisation d\u2019\u00e9nergies renouvelables et \u00e0 l\u2019inclusion des communaut\u00e9s locales.<\/p>\n\n\n\n<p><strong>(R<\/strong><video preload=\"auto\" src=\"https:\/\/vodinfo.tv5monde.com\/upload\/2022\/11\/COP27_lUnesco_alerte_sur_la_fonte_des_g-6363da7c0161ed3da390a4f1_Nov_03_2022_15_16_22.mp4\">Lire la vid\u00e9o<\/video><\/p>\n\n\n\n<ul class=\"wp-block-list\">\n<li>\u00c9nergies : entre gaz et renouvelables<\/li>\n<\/ul>\n\n\n\n<p>Un premier point d\u2019achoppement entre les pays africains et les pays occidentaux a trait au gaz. Le professeur Okereke souligne ainsi une \u00ab&nbsp;<em>duplicit\u00e9<\/em>&nbsp;\u00bb de l\u2019Europe \u00e0 ce sujet&nbsp;: avant la COP26, consid\u00e9rant que le gaz n\u2019\u00e9tait pas une \u00e9nergie propre, certaines institutions ont arr\u00eat\u00e9 de financer des investissements gaziers en Afrique. Mais le Vieux continent revoit d\u00e9sormais son discours, alors que la guerre en Ukraine menace ses propres ressources.&nbsp;<\/p>\n\n\n\n<p><em>L&rsquo;un des aspects int\u00e9ressants de la lutte contre le changement climatique est que si vous \u00eates entreprenant et strat\u00e9gique, votre voix peut \u00eatre entendue<\/em><br><strong>Chukwumerije Okereke,&nbsp;directeur du Centre pour le climat et le d\u00e9veloppement au Nigeria.<\/strong><\/p>\n\n\n\n<p>C\u2019est un facteur probl\u00e9matique pour des \u00c9tats comme le S\u00e9n\u00e9gal, le Nigeria ou le Mozambique. \u00ab&nbsp;<em>De nombreux pays africains ont subi des pressions pour que le gaz ne fasse plus partie de leurs ressources \u00e9nerg\u00e9tiques. Et ils ont le sentiment que c&rsquo;est un acte de colonialisme climatique. Ils recherchent donc une diplomatie beaucoup plus nuanc\u00e9e, une meilleure compr\u00e9hension, une souverainet\u00e9 \u00e9nerg\u00e9tique, la possibilit\u00e9 de prendre leurs propres d\u00e9cisions<\/em>&nbsp;\u00bb, explique-t-il.&nbsp;<\/p>\n\n\n\n<p><\/p>\n\n\n\n<p>\u00ab&nbsp;<em>Plut\u00f4t que de dire \u00ab\u00a0Arr\u00eatez d&rsquo;utiliser votre gaz\u00a0\u00bb, ce que nous devons faire, c&rsquo;est augmenter massivement les investissements dans les \u00e9nergies renouvelables en Afrique. Et, \u00e0 mesure que les prix baissent et que l&rsquo;innovation technologique se g\u00e9n\u00e9ralise, les \u00e9nergies naturellement renouvelables pourraient finir par concurrencer les autres<\/em>&nbsp;\u00bb, poursuit le chercheur.&nbsp;<br><br>Le manque de d\u00e9veloppement des \u00e9nergies renouvelables en Afrique sera donc aussi un sujet de cette COP. Selon le professeur Okereke, le continent ne re\u00e7oit par exemple que&nbsp;2% des investissements mondiaux en termes d\u2019\u00e9nergies renouvelables solaires, malgr\u00e9 ses capacit\u00e9s importantes sur ce point.&nbsp;<br><br>Andrew Amadi appelle plus globalement \u00e0 un changement de perspective. \u00ab&nbsp;<em>On croit encore \u00e0 tort que les \u00e9nergies renouvelables sont plus ch\u00e8res, parce le co\u00fbt initial est \u00e9lev\u00e9. Mais si vous regardez sur la dur\u00e9e, alors c&rsquo;est vraiment \u00e9conomique. Qu&rsquo;il s&rsquo;agisse de g\u00e9othermie, d&rsquo;hydro\u00e9lectricit\u00e9, de biomasse ou d&rsquo;\u00e9nergie \u00e9olienne, l&rsquo;Afrique dispose d&rsquo;un \u00e9norme potentiel qu&rsquo;elle peut cr\u00e9er, d\u00e9velopper ou industrialiser gr\u00e2ce aux \u00e9nergies renouvelables. Et ce qu&rsquo;il faut, c&rsquo;est un changement de mentalit\u00e9. Nous voulons donc avoir une discussion plus \u00e9quilibr\u00e9e et bas\u00e9e sur des donn\u00e9es concernant le co\u00fbt r\u00e9el de l&rsquo;\u00e9nergie<\/em>&nbsp;\u00bb.<\/p>\n\n\n\n<p><\/p>\n\n\n\n<ul class=\"wp-block-list\">\n<li><strong>Faire entendre la voix de l&rsquo;Afrique<\/strong><\/li>\n<\/ul>\n\n\n\n<p>Les pays africains, particuli\u00e8rement affect\u00e9s par le changement climatique et ses ravages, poussent pour que les autres \u00c9tats \u00ab&nbsp;<em>reconnaissent davantage l\u2019impact du changement climatique en Afrique<\/em>&nbsp;\u00bb, d\u2019apr\u00e8s le professeur Okereke. S\u00e9cheresses, inondations, ins\u00e9curit\u00e9 alimentaire, \u2026 Le continent vit d\u00e9j\u00e0 avec ces cons\u00e9quences, et se r\u00e9chauffe plus rapidement que la moyenne mondiale.<br><br>Il est donc urgent pour les Africains que les ambitions en mati\u00e8re de lutte contre ce changement soient revues internationalement \u00e0 la hausse. La trajectoire actuelle promet un r\u00e9chauffement de 2,5\u00b0C \u00e0 2,6\u00b0C d&rsquo;ici 2030, malgr\u00e9 l\u2019objectif d\u20191,5\u00b0C de l\u2019Accord de Paris de 2015.&nbsp;<br><br><strong>(Re)lire :&nbsp;COP27 : pourquoi l\u2019Afrique est le continent le plus vuln\u00e9rable face aux changements climatiques ?<\/strong><\/p>\n\n\n\n<p>Le fait que la conf\u00e9rence se d\u00e9roule cette fois sur le continent, et a \u00e9t\u00e9 pr\u00e9sent\u00e9e comme une \u00ab&nbsp;COP africaine&nbsp;\u00bb, pourrait aider \u00e0 aller dans ce sens.&nbsp;Arlette Soudan-Nonault, ministre congolaise de l&rsquo;Environnement et du D\u00e9veloppement durable, l&rsquo;a relev\u00e9 sur notre antenne samedi 5 novembre.<\/p>\n\n\n\n<p><\/p>\n\n\n\n<p>Malgr\u00e9 son poids g\u00e9opolitique minor\u00e9, l\u2019Afrique peut ainsi esp\u00e9rer peser sur le d\u00e9bat. Chukwumerije Okereke affirme&nbsp;:&nbsp;<em>\u00ab&nbsp;L&rsquo;un des aspects int\u00e9ressants de la lutte contre le changement climatique est que si vous \u00eates entreprenant et strat\u00e9gique, votre voix peut \u00eatre entendue. L&rsquo;association des Petits \u00c9tats insulaires en d\u00e9veloppement par exemple, s&rsquo;est impos\u00e9e gr\u00e2ce \u00e0 une communication coh\u00e9rente ou la formation de coalitions. Toute voix africaine qui est distincte, claire, coh\u00e9rente et bien positionn\u00e9e sera entendue. Le pr\u00e9sident de l&rsquo;Afrique du Sud ou du S\u00e9n\u00e9gal en sont de bons exemples&nbsp;\u00bb.&nbsp;<\/em><\/p>\n","protected":false},"excerpt":{"rendered":"<p>L\u2019Afrique est le continent le plus vuln\u00e9rable aux effets du changement climatique. Elle ne contribue pourtant qu\u2019\u00e0 hauteur de 3%<\/p>\n","protected":false},"author":1,"featured_media":2790,"comment_status":"open","ping_status":"open","sticky":false,"template":"","format":"standard","meta":{"footnotes":""},"categories":[3],"tags":[],"class_list":["post-2789","post","type-post","status-publish","format-standard","has-post-thumbnail","hentry","category-event-more-news"],"_links":{"self":[{"href":"https:\/\/dekkbi.com\/index.php?rest_route=\/wp\/v2\/posts\/2789","targetHints":{"allow":["GET"]}}],"collection":[{"href":"https:\/\/dekkbi.com\/index.php?rest_route=\/wp\/v2\/posts"}],"about":[{"href":"https:\/\/dekkbi.com\/index.php?rest_route=\/wp\/v2\/types\/post"}],"author":[{"embeddable":true,"href":"https:\/\/dekkbi.com\/index.php?rest_route=\/wp\/v2\/users\/1"}],"replies":[{"embeddable":true,"href":"https:\/\/dekkbi.com\/index.php?rest_route=%2Fwp%2Fv2%2Fcomments&post=2789"}],"version-history":[{"count":1,"href":"https:\/\/dekkbi.com\/index.php?rest_route=\/wp\/v2\/posts\/2789\/revisions"}],"predecessor-version":[{"id":2791,"href":"https:\/\/dekkbi.com\/index.php?rest_route=\/wp\/v2\/posts\/2789\/revisions\/2791"}],"wp:featuredmedia":[{"embeddable":true,"href":"https:\/\/dekkbi.com\/index.php?rest_route=\/wp\/v2\/media\/2790"}],"wp:attachment":[{"href":"https:\/\/dekkbi.com\/index.php?rest_route=%2Fwp%2Fv2%2Fmedia&parent=2789"}],"wp:term":[{"taxonomy":"category","embeddable":true,"href":"https:\/\/dekkbi.com\/index.php?rest_route=%2Fwp%2Fv2%2Fcategories&post=2789"},{"taxonomy":"post_tag","embeddable":true,"href":"https:\/\/dekkbi.com\/index.php?rest_route=%2Fwp%2Fv2%2Ftags&post=2789"}],"curies":[{"name":"wp","href":"https:\/\/api.w.org\/{rel}","templated":true}]}}