{"id":27698,"date":"2023-12-21T11:01:28","date_gmt":"2023-12-21T11:01:28","guid":{"rendered":"https:\/\/dekkbi.com\/?p=27698"},"modified":"2023-12-21T11:36:11","modified_gmt":"2023-12-21T11:36:11","slug":"france-macron-assume-la-loi-sur-limmigration-un-bouclier-qui-nous-manquait","status":"publish","type":"post","link":"https:\/\/dekkbi.com\/?p=27698","title":{"rendered":"France: Macron \u00abassume\u00bb la loi sur l&rsquo;immigration."},"content":{"rendered":"\n<p>Le pr\u00e9sident fran\u00e7ais Emmanuel Macron a dit ce mercredi \u00ab\u00a0<em>assumer<\/em>\u00a0\u00bb l&rsquo;adoption d&rsquo;une loi dure sur l&rsquo;immigration, qui a provoqu\u00e9 une crise ouverte dans sa majorit\u00e9, d\u00e9mentant qu&rsquo;il soit d&rsquo;inspiration d&rsquo;extr\u00eame droite et assurant que les Fran\u00e7ais \u00ab\u00a0<em>attendaient<\/em>\u00a0\u00bb ce texte.<\/p>\n\n\n\n<p>La loi, la 30e en quatre d\u00e9cennies en France, est \u00ab&nbsp;un bouclier qui nous manquait&nbsp;\u00bb, a d&#8217;embl\u00e9e d\u00e9clar\u00e9 le pr\u00e9sident Macron, invit\u00e9 sur France 5 au lendemain de l&rsquo;adoption du texte soutenu par la droite et l&rsquo;extr\u00eame droite, et qui a fractur\u00e9 sa majorit\u00e9, provoquant notamment la d\u00e9mission du ministre de la Sant\u00e9 Aur\u00e9lien Rousseau.<\/p>\n\n\n\n<p>\u00ab&nbsp;<em>Je respecte<\/em>&nbsp;\u00bb sa d\u00e9cision, a dit le chef de l&rsquo;\u00c9tat, avant d&rsquo;insister sur la \u00ab&nbsp;<em>responsabilit\u00e9&nbsp;<\/em>\u00bb de gouverner. \u00ab&nbsp;<em>Ces responsabilit\u00e9s nous obligent. Il faut assumer ce qui a \u00e9t\u00e9 fait hier, il faut aussi calmer les esprits&nbsp;<\/em>\u00bb, a-t-il dit. \u00ab&nbsp;<em>Nos compatriotes attendaient cette loi&nbsp;<\/em>\u00bb, a affirm\u00e9 le pr\u00e9sident, estimant qu&rsquo;elle visait \u00ab<em>&nbsp;tr\u00e8s clairement&nbsp;<\/em>\u00bb \u00e0 d\u00e9courager la venue de clandestins. Il y a un \u00ab&nbsp;<em>probl\u00e8me d&rsquo;immigration<\/em>&nbsp;\u00bb en France, mais \u00ab&nbsp;<em>on n&rsquo;est pas d\u00e9pass\u00e9 par l&rsquo;immigration&nbsp;<\/em>\u00bb, a-t-il dit.<\/p>\n\n\n\n<p>Il a ensuite d\u00e9fendu un texte \u00ab<em>&nbsp;utile&nbsp;<\/em>\u00bb qui permet de \u00ab&nbsp;mieux int\u00e9grer par le travail&nbsp;\u00bb et permettra la \u00ab<em>&nbsp;r\u00e9gularisation de 7 000 \u00e0 10<\/em>&nbsp;<em>000 personnes&nbsp;<\/em>\u00bb.<\/p>\n\n\n\n<h2 class=\"wp-block-heading\">\u00ab&nbsp;<em>L&rsquo;ensemble du texte ne trahit pas nos valeurs&nbsp;<\/em>\u00bb<\/h2>\n\n\n\n<p>Emmanuel Macron a cependant reconnu qu&rsquo;il n&rsquo;\u00ab<em>&nbsp;aimait pas<\/em>&nbsp;\u00bb certaines dispositions de la loi, qui va \u00eatre soumise au Conseil Constitutionnel, citant notamment la caution qui sera d\u00e9sormais demand\u00e9e aux \u00e9tudiants \u00e9trangers, et qui a suscit\u00e9 une lev\u00e9e de boucliers de plusieurs grandes \u00e9coles.&nbsp; &nbsp;<\/p>\n\n\n\n<p>Le pr\u00e9sident a vigoureusement rejet\u00e9 l&rsquo;id\u00e9e que les dispositions de la loi soient d&rsquo;inspiration d&rsquo;extr\u00eame droite. Pendant des mois de feuilleton l\u00e9gislatif, le texte a \u00e9t\u00e9 consid\u00e9rablement durci par la droite et l&rsquo;extr\u00eame droite. La cheffe des d\u00e9put\u00e9s du Rassemblement national Marine Le Pen, dont le parti a d\u00e9cid\u00e9 au dernier moment de voter le texte, a d&rsquo;ailleurs salu\u00e9 une \u00ab\u00a0<em>victoire id\u00e9ologique<\/em>\u00a0\u00bb et des mesures consacrant la \u00ab\u00a0<em>priorit\u00e9 nationale\u00a0<\/em>\u00bb, pilier de son id\u00e9ologie.<\/p>\n\n\n\n<p>Le texte restreint consid\u00e9rablement le versement de prestations sociales, pr\u00e9voit des quotas migratoires instaur\u00e9s, remet en cause l&rsquo;automaticit\u00e9 du droit du sol, r\u00e9tablit le \u00ab&nbsp;d\u00e9lit de s\u00e9jour irr\u00e9gulier&nbsp;\u00bb &#8230; \u00ab&nbsp;<em>L&rsquo;ensemble du texte ne trahit pas nos valeurs&nbsp;<\/em>\u00bb, a affirm\u00e9 le pr\u00e9sident fran\u00e7ais qui a \u00e9t\u00e9 r\u00e9\u00e9lu en 2022 devant Marine Le Pen sur la promesse de faire barrage \u00e0 l&rsquo;extr\u00eame droite. Toutefois, pour \u00e9viter que le RN arrive au pouvoir, \u00ab&nbsp;il faut traiter les probl\u00e8mes qui le nourrissent&nbsp;\u00bb, a-t-il fait valoir.<\/p>\n\n\n\n<p>(<em>Avec<\/em>&nbsp;AFP)<\/p>\n","protected":false},"excerpt":{"rendered":"<p>Le pr\u00e9sident fran\u00e7ais Emmanuel Macron a dit ce mercredi \u00ab\u00a0assumer\u00a0\u00bb l&rsquo;adoption d&rsquo;une loi dure sur l&rsquo;immigration, qui a provoqu\u00e9 une<\/p>\n","protected":false},"author":1,"featured_media":27700,"comment_status":"open","ping_status":"open","sticky":false,"template":"","format":"standard","meta":{"footnotes":""},"categories":[51],"tags":[],"class_list":["post-27698","post","type-post","status-publish","format-standard","has-post-thumbnail","hentry","category-general"],"_links":{"self":[{"href":"https:\/\/dekkbi.com\/index.php?rest_route=\/wp\/v2\/posts\/27698","targetHints":{"allow":["GET"]}}],"collection":[{"href":"https:\/\/dekkbi.com\/index.php?rest_route=\/wp\/v2\/posts"}],"about":[{"href":"https:\/\/dekkbi.com\/index.php?rest_route=\/wp\/v2\/types\/post"}],"author":[{"embeddable":true,"href":"https:\/\/dekkbi.com\/index.php?rest_route=\/wp\/v2\/users\/1"}],"replies":[{"embeddable":true,"href":"https:\/\/dekkbi.com\/index.php?rest_route=%2Fwp%2Fv2%2Fcomments&post=27698"}],"version-history":[{"count":3,"href":"https:\/\/dekkbi.com\/index.php?rest_route=\/wp\/v2\/posts\/27698\/revisions"}],"predecessor-version":[{"id":27715,"href":"https:\/\/dekkbi.com\/index.php?rest_route=\/wp\/v2\/posts\/27698\/revisions\/27715"}],"wp:featuredmedia":[{"embeddable":true,"href":"https:\/\/dekkbi.com\/index.php?rest_route=\/wp\/v2\/media\/27700"}],"wp:attachment":[{"href":"https:\/\/dekkbi.com\/index.php?rest_route=%2Fwp%2Fv2%2Fmedia&parent=27698"}],"wp:term":[{"taxonomy":"category","embeddable":true,"href":"https:\/\/dekkbi.com\/index.php?rest_route=%2Fwp%2Fv2%2Fcategories&post=27698"},{"taxonomy":"post_tag","embeddable":true,"href":"https:\/\/dekkbi.com\/index.php?rest_route=%2Fwp%2Fv2%2Ftags&post=27698"}],"curies":[{"name":"wp","href":"https:\/\/api.w.org\/{rel}","templated":true}]}}