{"id":27676,"date":"2023-12-21T10:28:52","date_gmt":"2023-12-21T10:28:52","guid":{"rendered":"https:\/\/dekkbi.com\/?p=27676"},"modified":"2023-12-21T10:28:54","modified_gmt":"2023-12-21T10:28:54","slug":"sonko-vs-mame-mbaye-niang-la-cour-supreme-fixe-la-date-de-laudience","status":"publish","type":"post","link":"https:\/\/dekkbi.com\/?p=27676","title":{"rendered":"Sonko VS Mame Mbaye Niang : La Cour supr\u00eame fixe la date de l&rsquo;audience !"},"content":{"rendered":"\n<p>La Cour supr\u00eame vient de d\u00e9voiler la date de l\u2019audience qui sera consacr\u00e9e\u00a0 au recours introduit dans l\u2019affaire opposant Ousmane Sonko \u00e0 Mame Mbaye Niang. Ce sera le 4 janvier 2024 \u00e0 10 heures.<br><br>iGFM &#8211; (Dakar) C\u2019est dans les premiers jours de l&rsquo;ann\u00e9e 2024 que le recours, dans l\u2019affaire opposant Ousmane Sonko \u00e0 Mame Mbaye, Niang sera vid\u00e9 \u00e0 la Cour supr\u00eame.<\/p>\n\n\n\n<p>L&rsquo;audience sera pr\u00e9sid\u00e9e par le Juge Abdourahmane Diouf. Il sera assist\u00e9 par Seynabou Ndiaye, Malang Ciss\u00e9, Mamadou Diouf, Ahmad Fall, Barou Diopp, Latyr Ndiang et Fatou Faye Lecor Diouf.<br><br>Ladite audience sera d\u00e9cisive, puisque du verdict de la Cour supr\u00eame, dans cette affaire, d\u00e9pendra aussi la question de la recevabilit\u00e9 de la candidature de Ousmane Sonko.<br><br>En effet, le 8 mai 2023, Ousmane Sonko avait \u00e9t\u00e9\u00a0<strong>condamn\u00e9<\/strong>\u00a0en appel \u00e0 6 mois de prison avec sursis, assortis de 200 millions de dommages et int\u00e9r\u00eats, suite \u00e0\u00a0<strong>l&rsquo;appel interjet\u00e9<\/strong>\u00a0par le procureur.<br><br>En premi\u00e8re instance, il avait \u00e9t\u00e9 condamn\u00e9 \u00e0 deux mois de prison avec sursis, assortis de 200 millions de francs CFA de dommages et int\u00e9r\u00eats.\u00a0<\/p>\n\n\n\n<figure class=\"wp-block-image size-large\"><img loading=\"lazy\" decoding=\"async\" width=\"747\" height=\"1024\" src=\"https:\/\/dekkbi.com\/wp-content\/uploads\/2023\/12\/image-4-747x1024.png\" alt=\"\" class=\"wp-image-27677\" srcset=\"https:\/\/dekkbi.com\/wp-content\/uploads\/2023\/12\/image-4-747x1024.png 747w, https:\/\/dekkbi.com\/wp-content\/uploads\/2023\/12\/image-4-219x300.png 219w, https:\/\/dekkbi.com\/wp-content\/uploads\/2023\/12\/image-4-768x1053.png 768w, https:\/\/dekkbi.com\/wp-content\/uploads\/2023\/12\/image-4.png 1004w\" sizes=\"auto, (max-width: 747px) 100vw, 747px\" \/><\/figure>\n\n\n\n<p><br><\/p>\n","protected":false},"excerpt":{"rendered":"<p>La Cour supr\u00eame vient de d\u00e9voiler la date de l\u2019audience qui sera consacr\u00e9e\u00a0 au recours introduit dans l\u2019affaire opposant Ousmane<\/p>\n","protected":false},"author":1,"featured_media":8758,"comment_status":"open","ping_status":"open","sticky":false,"template":"","format":"standard","meta":{"footnotes":""},"categories":[21],"tags":[],"class_list":["post-27676","post","type-post","status-publish","format-standard","has-post-thumbnail","hentry","category-societe"],"_links":{"self":[{"href":"https:\/\/dekkbi.com\/index.php?rest_route=\/wp\/v2\/posts\/27676","targetHints":{"allow":["GET"]}}],"collection":[{"href":"https:\/\/dekkbi.com\/index.php?rest_route=\/wp\/v2\/posts"}],"about":[{"href":"https:\/\/dekkbi.com\/index.php?rest_route=\/wp\/v2\/types\/post"}],"author":[{"embeddable":true,"href":"https:\/\/dekkbi.com\/index.php?rest_route=\/wp\/v2\/users\/1"}],"replies":[{"embeddable":true,"href":"https:\/\/dekkbi.com\/index.php?rest_route=%2Fwp%2Fv2%2Fcomments&post=27676"}],"version-history":[{"count":1,"href":"https:\/\/dekkbi.com\/index.php?rest_route=\/wp\/v2\/posts\/27676\/revisions"}],"predecessor-version":[{"id":27678,"href":"https:\/\/dekkbi.com\/index.php?rest_route=\/wp\/v2\/posts\/27676\/revisions\/27678"}],"wp:featuredmedia":[{"embeddable":true,"href":"https:\/\/dekkbi.com\/index.php?rest_route=\/wp\/v2\/media\/8758"}],"wp:attachment":[{"href":"https:\/\/dekkbi.com\/index.php?rest_route=%2Fwp%2Fv2%2Fmedia&parent=27676"}],"wp:term":[{"taxonomy":"category","embeddable":true,"href":"https:\/\/dekkbi.com\/index.php?rest_route=%2Fwp%2Fv2%2Fcategories&post=27676"},{"taxonomy":"post_tag","embeddable":true,"href":"https:\/\/dekkbi.com\/index.php?rest_route=%2Fwp%2Fv2%2Ftags&post=27676"}],"curies":[{"name":"wp","href":"https:\/\/api.w.org\/{rel}","templated":true}]}}