{"id":27670,"date":"2023-12-21T10:18:56","date_gmt":"2023-12-21T10:18:56","guid":{"rendered":"https:\/\/dekkbi.com\/?p=27670"},"modified":"2023-12-21T10:18:58","modified_gmt":"2023-12-21T10:18:58","slug":"mohamed-drame-tue-a-la-mitraillette-5-policiers-allemands-a-la-barre","status":"publish","type":"post","link":"https:\/\/dekkbi.com\/?p=27670","title":{"rendered":"Mohamed Dram\u00e9 tu\u00e9 \u00e0 la mitraillette : 5 policiers allemands \u00e0 la barre !"},"content":{"rendered":"\n<p>L\u2019affaire fait sensation dans le pays depuis ao\u00fbt 2022. Apr\u00e8s la mort du jeune s\u00e9n\u00e9galais Mohamed Dram\u00e9 \u00e0 Dortmund, abattu par la police Allemande, le proc\u00e8s s\u2019est ouvert ce mardi au tribunal de district de Dortmund.<\/p>\n\n\n\n<p>Cinq policiers sont accus\u00e9s. Parmi eux, le tireur de 30 ans et le responsable des op\u00e9rations \u00e2g\u00e9 de 55 ans. Le tireur est accus\u00e9 d&rsquo;homicide involontaire. Les quatre autres policiers sont accus\u00e9s d&rsquo;avoir caus\u00e9 des l\u00e9sions corporelles.<\/p>\n\n\n\n<p>Tout s\u2019est produit le 8 ao\u00fbt 2022, dans l&rsquo;arri\u00e8re-cour d&rsquo;un \u00e9tablissement pour jeunes de Nordstadt, \u00e0 Dortmund. Ce jour-l\u00e0, Mouhamed Dram\u00e9, s\u00e9n\u00e9galais de 16 ans, \u00e9tait assis contre un mur. Il avait un couteau \u00e0 la main. Il avait fui le S\u00e9n\u00e9gal vers l&rsquo;Allemagne et se trouvait ce lundi dans une situation de d\u00e9tresse psychologique. Il lui \u00e9tait pr\u00eat\u00e9 l\u2019intention de se suicider. Les gardiens de l&rsquo;\u00e9tablissement ont vite appel\u00e9 la police, resneigne \u00ab\u00a0Tagesschau\u00a0\u00bb.<\/p>\n\n\n\n<p>Arriv\u00e9s sur les lieux, les limiers auraient tent\u00e9 de parler \u00e0 Mouhamed Dram\u00e9, sans aucune r\u00e9ponse. Un spray au poivre sera pulv\u00e9ris\u00e9 sur le jeune s\u00e9n\u00e9galais. Mais, l\u2019op\u00e9ration s\u2019intensifiera. En r\u00e9ponse au gaz poivr\u00e9, le jeune homme de 16 ans se serait lev\u00e9 et aurait boug\u00e9 dans la seule direction possible : celle des policiers. Dram\u00e9 a ensuite \u00e9t\u00e9 touch\u00e9 deux fois de suite avec un Taser.<\/p>\n\n\n\n<p>Mais, presque au m\u00eame moment o\u00f9 le deuxi\u00e8me coup de Taser l\u2019atteignait, six coups de feu cons\u00e9cutifs ont \u00e9t\u00e9 tir\u00e9s. Le principal pr\u00e9venu aurait tir\u00e9 six fois sur Dram\u00e9 avec un MP5, un pistolet-mitrailleur.<\/p>\n\n\n\n<p>Les secouristes d\u00e9j\u00e0 pr\u00e9sents \u00e0 proximit\u00e9 ont tent\u00e9 de sauver la vie du jeune de 16 ans. Sans succ\u00e8s, le jeune S\u00e9n\u00e9galais a ensuite \u00e9t\u00e9 confirm\u00e9 mort \u00e0 l&rsquo;h\u00f4pital. Une mort qui a provoqu\u00e9 la consternation en Allemagne et la police mise sur la sellette.<\/p>\n\n\n\n<p>Le d\u00e9roulement de l\u2019op\u00e9ration a \u00e9galement \u00e9t\u00e9 pass\u00e9 au peigne fin. Les experts de la police ont \u00e9voqu\u00e9 une escalade de la violence qui n&rsquo;\u00e9tait pas n\u00e9cessaire.&nbsp;Entre-temps, une enqu\u00eate \u00e9tait d\u00e9j\u00e0 en cours, engag\u00e9e par le parquet de Dortmund et la police de Recklinghausen, qui avaient repris l&rsquo;affaire pour des raisons de neutralit\u00e9.&nbsp; Il s\u2019est av\u00e9r\u00e9 que les cam\u00e9ras corporelles des policiers avaient \u00e9t\u00e9 \u00e9teintes pendant l\u2019op\u00e9ration. Ils auraient probablement pu fournir des informations pr\u00e9cieuses au cours de l&rsquo;enqu\u00eate.&nbsp;<\/p>\n\n\n\n<p>Le procureur g\u00e9n\u00e9ral de Dombert a annonc\u00e9 assez rapidement que \u00abl&rsquo;op\u00e9ration telle qu&rsquo;elle s&rsquo;est d\u00e9roul\u00e9e, d\u00e8s le d\u00e9but, n&rsquo;\u00e9tait pas proportionn\u00e9e\u00bb. Cela aurait donn\u00e9 lieu \u00e0 de premiers soup\u00e7ons contre les policiers qui b\u00e9n\u00e9ficient, tout de m\u00eame, de la pr\u00e9somption d&rsquo;innocence.<\/p>\n\n\n\n<p>IGFM<\/p>\n","protected":false},"excerpt":{"rendered":"<p>L\u2019affaire fait sensation dans le pays depuis ao\u00fbt 2022. Apr\u00e8s la mort du jeune s\u00e9n\u00e9galais Mohamed Dram\u00e9 \u00e0 Dortmund, abattu<\/p>\n","protected":false},"author":1,"featured_media":27671,"comment_status":"open","ping_status":"open","sticky":false,"template":"","format":"standard","meta":{"footnotes":""},"categories":[26],"tags":[],"class_list":["post-27670","post","type-post","status-publish","format-standard","has-post-thumbnail","hentry","category-fait-divers"],"_links":{"self":[{"href":"https:\/\/dekkbi.com\/index.php?rest_route=\/wp\/v2\/posts\/27670","targetHints":{"allow":["GET"]}}],"collection":[{"href":"https:\/\/dekkbi.com\/index.php?rest_route=\/wp\/v2\/posts"}],"about":[{"href":"https:\/\/dekkbi.com\/index.php?rest_route=\/wp\/v2\/types\/post"}],"author":[{"embeddable":true,"href":"https:\/\/dekkbi.com\/index.php?rest_route=\/wp\/v2\/users\/1"}],"replies":[{"embeddable":true,"href":"https:\/\/dekkbi.com\/index.php?rest_route=%2Fwp%2Fv2%2Fcomments&post=27670"}],"version-history":[{"count":1,"href":"https:\/\/dekkbi.com\/index.php?rest_route=\/wp\/v2\/posts\/27670\/revisions"}],"predecessor-version":[{"id":27672,"href":"https:\/\/dekkbi.com\/index.php?rest_route=\/wp\/v2\/posts\/27670\/revisions\/27672"}],"wp:featuredmedia":[{"embeddable":true,"href":"https:\/\/dekkbi.com\/index.php?rest_route=\/wp\/v2\/media\/27671"}],"wp:attachment":[{"href":"https:\/\/dekkbi.com\/index.php?rest_route=%2Fwp%2Fv2%2Fmedia&parent=27670"}],"wp:term":[{"taxonomy":"category","embeddable":true,"href":"https:\/\/dekkbi.com\/index.php?rest_route=%2Fwp%2Fv2%2Fcategories&post=27670"},{"taxonomy":"post_tag","embeddable":true,"href":"https:\/\/dekkbi.com\/index.php?rest_route=%2Fwp%2Fv2%2Ftags&post=27670"}],"curies":[{"name":"wp","href":"https:\/\/api.w.org\/{rel}","templated":true}]}}