{"id":27584,"date":"2023-12-20T10:40:55","date_gmt":"2023-12-20T10:40:55","guid":{"rendered":"https:\/\/dekkbi.com\/?p=27584"},"modified":"2023-12-20T10:40:56","modified_gmt":"2023-12-20T10:40:56","slug":"cadre-de-vie-la-pud-sinvestit-dans-lamenagement-des-espaces-liberes-par-le-brt-et-le-ter","status":"publish","type":"post","link":"https:\/\/dekkbi.com\/?p=27584","title":{"rendered":"Cadre de vie: La Pud s\u2019investit dans l\u2019am\u00e9nagement des espaces lib\u00e9r\u00e9s par le Brt et le Ter."},"content":{"rendered":"\n<p><strong>En collaboration avec le Conseil ex\u00e9cutif des transports urbains de Dakar (Cetud), l\u2019Agence fran\u00e7aise de d\u00e9veloppement (Afd), l\u2019Onu-habitat, et Urbasen, l\u2019organisation les professionnels du d\u00e9veloppement solidaire (Gret), a initi\u00e9 ce vendredi 15 d\u00e9cembre 2023, \u00e0 Dakar, un atelier pour pr\u00e9senter le bilan d\u2019activit\u00e9s des trois ann\u00e9es de mise en \u0153uvre de la p\u00e9pini\u00e8re urbaine de Dakar (Pud). Cette rencontre a aussi permis aux acteurs d\u2019\u00e9changer sur les acquis du projet.<\/strong><\/p>\n\n\n\n<p>Le projet les p\u00e9pini\u00e8res urbaines de Dakar (Pud) proc\u00e8de depuis trois ans et demi \u00e0 l\u2019am\u00e9nagement des espaces adjacents aux grands projets de transport de masse initi\u00e9s par l\u2019Etat, mais aussi des espaces lib\u00e9r\u00e9s par le projet. Dans ce cadre, cinq sites ont \u00e9t\u00e9 pris en charge depuis 2020, date de d\u00e9marrage du projet. Il s\u2019agit de la gare routi\u00e8re de Rufisque (Espace Pnr), de Pikine Icotaf, de Keur Mbaye Fall, du lyc\u00e9e Seydina Issa Rouhou Laye et l\u2019Unit\u00e9 4 des Parcelles assainies.&nbsp; Pour khadim Diop, le chef du projet Pud, les zones sont choisies pour faciliter l\u2019acc\u00e8s modal \u00e0 ces voies. \u00ab&nbsp;La Pud est estim\u00e9 \u00e0 65 millions de f cfa et sa mise en \u0153uvre est boucl\u00e9e. Nous sommes en train de voir avec les partenaires comment entamer la seconde phase&nbsp;\u00bb, a inform\u00e9 le Khadim Diop. Selon Patrick Dione, l\u2019ing\u00e9nieur chef de projet au Cetud, maitre d\u2019ouvrage de la Pud, le Cetud accompagne cette initiative pour faciliter l\u2019acc\u00e8s au Brt et au Ter, mais aussi cr\u00e9er un d\u00e9cor attrayant au niveau de ces espaces lib\u00e9r\u00e9s.&nbsp;\u00ab&nbsp;Nous comptons mettre \u00e0 contribution toutes les communaut\u00e9s, et prendre en compte leurs pr\u00e9occupations dans les projets compl\u00e9mentaires \u00bb, a ajout\u00e9 Patrick Dione. Selon Sarah Lecourt de l\u2019Agence fran\u00e7aise de d\u00e9veloppement, \u00e0 Dakar, les difficult\u00e9s de transport viennent chambouler le quotidien des s\u00e9n\u00e9galais, d\u2019o\u00f9 la pertinence des projets de transport de masse comme le Bus Rapid transit (Brt) et le Train express r\u00e9gional (Ter) qui ont n\u00e9cessit\u00e9 beaucoup d\u2019am\u00e9nagements sur leurs emprises. Elle a aussi inform\u00e9 que la fluidit\u00e9 des d\u00e9placements est bloqu\u00e9e par les petits commerces install\u00e9s de fa\u00e7on anarchique dans les all\u00e9es r\u00e9serv\u00e9es aux pi\u00e9tons, ce qui selon elle constitue un vrai frein \u00e0 la circulation des personnes mais aussi, une atteinte au cadre de vie. Pour Lamine Kane, le proviseur du lyc\u00e9e Seydina Issa Rouhou Laye des parcelles assainies, un des b\u00e9n\u00e9ficiaires de la Pud, ces espaces publiques am\u00e9nag\u00e9s amoindrissent les d\u00e9placements des \u00e9l\u00e8ves dans la rue, ce qui r\u00e9duit les risques d\u2019accidents de la circulation et l\u2019exposition des potaches aux autres risques, de 8 \u00e0 16h. Il a par ailleurs d\u00e9plor\u00e9 la proximit\u00e9 du Brt qui causent une certaine nuisance pour les classes qui se trouvent le long de la route adjacente.&nbsp;\u00ab&nbsp;Nous demandons un soutien du Cetud pour installer \u00e0 ce niveau, des fen\u00eatres \u00e0 doubles-volets, mais aussi, une r\u00e9habilitation de nos b\u00e2timents qui croulent sous le poids des ann\u00e9es&nbsp;\u00bb, a plaid\u00e9 le Proviseur.<\/p>\n\n\n\n<p>Pour Mathiaw Ndiaye, le pr\u00e9sident du projet de d\u00e9veloppement de l\u2019Unit\u00e9 4 des parcelles assainies (Prodev 4), ce projet citoyen est soucieux de leur cadre de vie, mais aussi et surtout, de la formation et de l\u2019insertion des jeunes du quartier. Toujours selon lui, il faut des actions citoyennes et participatives pour que les communaut\u00e9s se l\u2019approprient.<\/p>\n\n\n\n<p>Maguette Diouf Ciss\u00e9, responsable de programme de l\u2019Ong Urbasen, a soulign\u00e9 que la lib\u00e9ration et la reprise des emprises n\u2019ont pas \u00e9t\u00e9 choses ais\u00e9es. Elle a ajout\u00e9 que ces espaces r\u00e9siduels ont \u00e9t\u00e9 r\u00e9cup\u00e9r\u00e9s pour servir d\u2019espaces de d\u00e9tente, et d\u2019aires de jeux rebois\u00e9s. Poursuivant, elle a confi\u00e9 que ces am\u00e9nagements doivent \u00eatre g\u00e9r\u00e9es jalousement par les populations b\u00e9n\u00e9ficiaires.<\/p>\n\n\n\n<p><strong>Djibril Ndiaye\u00a0<\/strong><\/p>\n\n\n\n<p>LESOLEIL<\/p>\n","protected":false},"excerpt":{"rendered":"<p>En collaboration avec le Conseil ex\u00e9cutif des transports urbains de Dakar (Cetud), l\u2019Agence fran\u00e7aise de d\u00e9veloppement (Afd), l\u2019Onu-habitat, et Urbasen,<\/p>\n","protected":false},"author":1,"featured_media":27585,"comment_status":"open","ping_status":"open","sticky":false,"template":"","format":"standard","meta":{"footnotes":""},"categories":[21],"tags":[],"class_list":["post-27584","post","type-post","status-publish","format-standard","has-post-thumbnail","hentry","category-societe"],"_links":{"self":[{"href":"https:\/\/dekkbi.com\/index.php?rest_route=\/wp\/v2\/posts\/27584","targetHints":{"allow":["GET"]}}],"collection":[{"href":"https:\/\/dekkbi.com\/index.php?rest_route=\/wp\/v2\/posts"}],"about":[{"href":"https:\/\/dekkbi.com\/index.php?rest_route=\/wp\/v2\/types\/post"}],"author":[{"embeddable":true,"href":"https:\/\/dekkbi.com\/index.php?rest_route=\/wp\/v2\/users\/1"}],"replies":[{"embeddable":true,"href":"https:\/\/dekkbi.com\/index.php?rest_route=%2Fwp%2Fv2%2Fcomments&post=27584"}],"version-history":[{"count":1,"href":"https:\/\/dekkbi.com\/index.php?rest_route=\/wp\/v2\/posts\/27584\/revisions"}],"predecessor-version":[{"id":27586,"href":"https:\/\/dekkbi.com\/index.php?rest_route=\/wp\/v2\/posts\/27584\/revisions\/27586"}],"wp:featuredmedia":[{"embeddable":true,"href":"https:\/\/dekkbi.com\/index.php?rest_route=\/wp\/v2\/media\/27585"}],"wp:attachment":[{"href":"https:\/\/dekkbi.com\/index.php?rest_route=%2Fwp%2Fv2%2Fmedia&parent=27584"}],"wp:term":[{"taxonomy":"category","embeddable":true,"href":"https:\/\/dekkbi.com\/index.php?rest_route=%2Fwp%2Fv2%2Fcategories&post=27584"},{"taxonomy":"post_tag","embeddable":true,"href":"https:\/\/dekkbi.com\/index.php?rest_route=%2Fwp%2Fv2%2Ftags&post=27584"}],"curies":[{"name":"wp","href":"https:\/\/api.w.org\/{rel}","templated":true}]}}