{"id":27565,"date":"2023-12-20T10:05:34","date_gmt":"2023-12-20T10:05:34","guid":{"rendered":"https:\/\/dekkbi.com\/?p=27565"},"modified":"2023-12-20T10:05:36","modified_gmt":"2023-12-20T10:05:36","slug":"saint-louis-lancement-du-programme-ecoles-entreprises-pour-lannee-2023-2024","status":"publish","type":"post","link":"https:\/\/dekkbi.com\/?p=27565","title":{"rendered":"Saint-Louis : lancement du programme Ecoles-entreprises pour l\u2019ann\u00e9e 2023-2024"},"content":{"rendered":"\n<p>Saint-Louis, 20 d\u00e9c (APS) \u2013 Le directeur de cabinet du ministre de la formation professionnelle, de l\u2019apprentissage et de l\u2019insertion a proc\u00e9d\u00e9 au lancement, mardi \u00e0 Saint-Louis du programme Ecoles-entreprises pour l\u2019ann\u00e9e 2023-2024, une initiative inspir\u00e9e de l\u2019exp\u00e9rience suisse.<\/p>\n\n\n\n<p>Au cours de cette c\u00e9r\u00e9monie organis\u00e9e \u00e0 la place Bayeu Ndar, Ciss\u00e9 Kane Ndao a affirm\u00e9 que 45 Ecoles-entreprises seront ouvertes dans dix r\u00e9gions du pays et vont enr\u00f4ler plus de 8000 jeunes apprenants.<\/p>\n\n\n\n<p>Il a salu\u00e9 le succ\u00e8s de cette initiative, signalant qu\u2019un taux de r\u00e9ussite de 87,7 % a \u00e9t\u00e9 obtenu \u00e0 la certification pour les apprenants qui ont eu \u00e0 passer cet examen.<\/p>\n\n\n\n<p>Le choix de Saint-Louis pour lancer ce programme s\u2019explique, selon lui, par le dynamisme du comit\u00e9 local de suivi et la forte adh\u00e9sion des institutions consulaires et des h\u00f4teliers et restaurants qui accueillent les apprenants durant leur cursus.<\/p>\n\n\n\n<p>Le directeur de cabinet du ministre a invit\u00e9 les jeunes \u00e0 la ponctualit\u00e9 et \u00e0 l\u2019assiduit\u00e9, \u00e0 servir de mod\u00e8le pour les cohortes qui vont suivre.<\/p>\n\n\n\n<p>Il a salu\u00e9 le leadership de la coordonnatrice du projet de formation Ecole-entreprises qui a permis d\u2019obtenir ces &nbsp;\u00bbbons r\u00e9sultats&nbsp;\u00bb.<\/p>\n\n\n\n<p>M. Ndao a aussi remerci\u00e9 les coop\u00e9rations suisse et allemande qui accompagnent ce programme.<\/p>\n\n\n\n<p>La c\u00e9r\u00e9monie de lancement s\u2019est tenue en pr\u00e9sence de Diegane Wane Ly, coordonnatrice du Programme de Formation Ecoles entreprises (PF2E).<\/p>\n","protected":false},"excerpt":{"rendered":"<p>Saint-Louis, 20 d\u00e9c (APS) \u2013 Le directeur de cabinet du ministre de la formation professionnelle, de l\u2019apprentissage et de l\u2019insertion<\/p>\n","protected":false},"author":1,"featured_media":27566,"comment_status":"open","ping_status":"open","sticky":false,"template":"","format":"standard","meta":{"footnotes":""},"categories":[21],"tags":[],"class_list":["post-27565","post","type-post","status-publish","format-standard","has-post-thumbnail","hentry","category-societe"],"_links":{"self":[{"href":"https:\/\/dekkbi.com\/index.php?rest_route=\/wp\/v2\/posts\/27565","targetHints":{"allow":["GET"]}}],"collection":[{"href":"https:\/\/dekkbi.com\/index.php?rest_route=\/wp\/v2\/posts"}],"about":[{"href":"https:\/\/dekkbi.com\/index.php?rest_route=\/wp\/v2\/types\/post"}],"author":[{"embeddable":true,"href":"https:\/\/dekkbi.com\/index.php?rest_route=\/wp\/v2\/users\/1"}],"replies":[{"embeddable":true,"href":"https:\/\/dekkbi.com\/index.php?rest_route=%2Fwp%2Fv2%2Fcomments&post=27565"}],"version-history":[{"count":1,"href":"https:\/\/dekkbi.com\/index.php?rest_route=\/wp\/v2\/posts\/27565\/revisions"}],"predecessor-version":[{"id":27567,"href":"https:\/\/dekkbi.com\/index.php?rest_route=\/wp\/v2\/posts\/27565\/revisions\/27567"}],"wp:featuredmedia":[{"embeddable":true,"href":"https:\/\/dekkbi.com\/index.php?rest_route=\/wp\/v2\/media\/27566"}],"wp:attachment":[{"href":"https:\/\/dekkbi.com\/index.php?rest_route=%2Fwp%2Fv2%2Fmedia&parent=27565"}],"wp:term":[{"taxonomy":"category","embeddable":true,"href":"https:\/\/dekkbi.com\/index.php?rest_route=%2Fwp%2Fv2%2Fcategories&post=27565"},{"taxonomy":"post_tag","embeddable":true,"href":"https:\/\/dekkbi.com\/index.php?rest_route=%2Fwp%2Fv2%2Ftags&post=27565"}],"curies":[{"name":"wp","href":"https:\/\/api.w.org\/{rel}","templated":true}]}}