{"id":27519,"date":"2023-12-19T12:17:11","date_gmt":"2023-12-19T12:17:11","guid":{"rendered":"https:\/\/dekkbi.com\/?p=27519"},"modified":"2023-12-19T12:17:12","modified_gmt":"2023-12-19T12:17:12","slug":"lue-declenche-une-enquete-formelle-contre-le-reseau-social-x-pour-desinformation","status":"publish","type":"post","link":"https:\/\/dekkbi.com\/?p=27519","title":{"rendered":"L\u2019UE d\u00e9clenche une \u201cenqu\u00eate formelle\u201d contre le r\u00e9seau social X pour d\u00e9sinformation"},"content":{"rendered":"\n<p>Bruxelles a annonc\u00e9 lundi une \u201cenqu\u00eate formelle\u201d visant le r\u00e9seau social X (ex-Twitter) pour des manquements pr\u00e9sum\u00e9s aux r\u00e8gles europ\u00e9ennes en mati\u00e8re de mod\u00e9ration des contenus et de transparence, une premi\u00e8re dans le cadre de la nouvelle l\u00e9gislation europ\u00e9enne sur les services num\u00e9riques (DSA).<\/p>\n\n\n\n<p>La Commission europ\u00e9enne avait d\u00e9j\u00e0 annonc\u00e9 le 12 octobre l\u2019ouverture d\u2019une proc\u00e9dure pr\u00e9liminaire au sujet de \u201cfausses informations\u201d, \u201ccontenus violents et \u00e0 caract\u00e8re terroriste\u201d et \u201cdiscours de haine\u201d, visant le r\u00e9seau social du milliardaire Elon Musk, cinq jours apr\u00e8s les attaques du Hamas contre Isra\u00ebl. Cette premi\u00e8re \u00e9tape consistait en une demande d\u2019informations pour v\u00e9rifier le respect des obligations europ\u00e9ennes par la plateforme X.<\/p>\n\n\n\n<p>Les r\u00e9ponses apport\u00e9es par l\u2019entreprise am\u00e9ricaine, ainsi que son \u201crapport de transparence\u201d publi\u00e9 d\u00e9but novembre pour faire le point sur les moyens de mod\u00e9ration des contenus mis en \u0153uvre, n\u2019ont pas convaincu l\u2019ex\u00e9cutif europ\u00e9en, d\u00e9sormais dot\u00e9 de pouvoirs de contr\u00f4le et de sanctions.<\/p>\n\n\n\n<p>La l\u00e9gislation europ\u00e9enne pr\u00e9voit des amendes pouvant atteindre 6% du chiffre d\u2019affaires mondial du groupe mis en cause. En cas de violations graves et r\u00e9p\u00e9t\u00e9es, une plateforme peut m\u00eame \u00eatre interdite d\u2019op\u00e9rer dans l\u2019UE.<\/p>\n\n\n\n<h2 class=\"wp-block-heading\">\u201cPreuves suffisantes\u201d<\/h2>\n\n\n\n<p>\u201cLes preuves dont nous disposons actuellement sont suffisantes pour ouvrir officiellement une proc\u00e9dure \u00e0 l\u2019encontre de X\u201d, a indiqu\u00e9 la vice-pr\u00e9sidente de l\u2019ex\u00e9cutif europ\u00e9en, Margrethe Vestager, cit\u00e9e dans un communiqu\u00e9.<\/p>\n\n\n\n<p>Avec le d\u00e9clenchement de la proc\u00e9dure \u201cformelle\u201d, la Commission a expliqu\u00e9 lundi qu\u2019elle allait continuer \u00e0 \u201crassembler des preuves\u201d en r\u00e9clamant de nouvelles informations \u00e0 X, en conduisant des interviews ou en menant des inspections. Cette proc\u00e9dure permet d\u00e9sormais \u00e0 la Commission de prendre des mesures pour contraindre X \u00e0 se conformer aux r\u00e8gles, ou bien d\u2019accepter des rem\u00e8des propos\u00e9s par la plateforme pour r\u00e9pondre aux sujets d\u2019inqui\u00e9tudes.<\/p>\n\n\n\n<p>Aucune date limite n\u2019est fix\u00e9e pour l\u2019enqu\u00eate en cours.<\/p>\n\n\n\n<p>Les investigations porteront en particulier sur \u201cla diffusion et l\u2019amplification de contenus ill\u00e9gaux et de d\u00e9sinformation dans l\u2019UE\u201d, a soulign\u00e9 Thierry Breton.<\/p>\n\n\n\n<p>La nouvelle l\u00e9gislation a permis \u00e0 Bruxelles de lancer un vaste tour de vis pour mettre au pas les tr\u00e8s grandes plateformes en mati\u00e8re de diffusion de contenus, mais aussi de commerce en ligne. Diverses enqu\u00eates pr\u00e9liminaires ont d\u00e9j\u00e0 \u00e9t\u00e9 ouvertes sur diff\u00e9rents sujets contre Apple, Google, Meta (Facebook, Instagram), TikTok, Snapchat, YouTube ou Amazon. Mais la proc\u00e9dure ouverte lundi \u00e0 l\u2019encontre de X est in\u00e9dite et souligne les inqui\u00e9tudes sp\u00e9cifiques du r\u00e9gulateur europ\u00e9en \u00e0 son sujet.<\/p>\n\n\n\n<h2 class=\"wp-block-heading\">Libert\u00e9 d\u2019expression<\/h2>\n\n\n\n<p>Bruxelles s\u2019\u00e9tait d\u00e9j\u00e0 inqui\u00e9t\u00e9 fin septembre du taux de d\u00e9sinformation sur X, \u00e9pinglant ses r\u00e9sultats particuli\u00e8rement mauvais lors de tests effectu\u00e9s sur plusieurs plateformes.<\/p>\n\n\n\n<p>Apr\u00e8s avoir rachet\u00e9 Twitter l\u2019an dernier, Elon Musk a proc\u00e9d\u00e9 \u00e0 une vague massive de licenciements, ce qui a d\u00e9cim\u00e9 les \u00e9quipes de mod\u00e9ration. Il r\u00e9affirme r\u00e9guli\u00e8rement sa vision de la libert\u00e9 d\u2019expression, refusant toute \u201ccensure\u201d, m\u00eame s\u2019il assure respecter les lois de chaque pays.<\/p>\n\n\n\n<p>La Commission europ\u00e9enne a demand\u00e9 en novembre \u00e0 ses services de suspendre leurs campagnes publicitaires sur X, une mesure \u00e9galement justifi\u00e9e par une \u201chausse alarmante de la d\u00e9sinformation et des discours de haine\u201d sur la plateforme.<\/p>\n\n\n\n<p>Le DSA impose le respect d\u2019une s\u00e9rie d\u2019obligations, comme celle d\u2019agir \u201cpromptement\u201d pour retirer tout contenu illicite ou d\u2019en rendre l\u2019acc\u00e8s impossible d\u00e8s que la plateforme en a connaissance. Elle oblige \u00e0 suspendre les utilisateurs bravant fr\u00e9quemment les interdictions.<\/p>\n\n\n\n<p>Les tr\u00e8s grandes plateformes doivent aussi analyser elles-m\u00eames les risques li\u00e9s \u00e0 leurs services et mettre en place les moyens pour les att\u00e9nuer. Elles ont, en outre, obligation d\u2019offrir au r\u00e9gulateur et \u00e0 des chercheurs agr\u00e9\u00e9s un acc\u00e8s \u00e0 leurs donn\u00e9es afin que le respect du r\u00e8glement puisse \u00eatre v\u00e9rifi\u00e9.<\/p>\n","protected":false},"excerpt":{"rendered":"<p>Bruxelles a annonc\u00e9 lundi une \u201cenqu\u00eate formelle\u201d visant le r\u00e9seau social X (ex-Twitter) pour des manquements pr\u00e9sum\u00e9s aux r\u00e8gles europ\u00e9ennes<\/p>\n","protected":false},"author":1,"featured_media":27520,"comment_status":"open","ping_status":"open","sticky":false,"template":"","format":"standard","meta":{"footnotes":""},"categories":[46],"tags":[],"class_list":["post-27519","post","type-post","status-publish","format-standard","has-post-thumbnail","hentry","category-technology"],"_links":{"self":[{"href":"https:\/\/dekkbi.com\/index.php?rest_route=\/wp\/v2\/posts\/27519","targetHints":{"allow":["GET"]}}],"collection":[{"href":"https:\/\/dekkbi.com\/index.php?rest_route=\/wp\/v2\/posts"}],"about":[{"href":"https:\/\/dekkbi.com\/index.php?rest_route=\/wp\/v2\/types\/post"}],"author":[{"embeddable":true,"href":"https:\/\/dekkbi.com\/index.php?rest_route=\/wp\/v2\/users\/1"}],"replies":[{"embeddable":true,"href":"https:\/\/dekkbi.com\/index.php?rest_route=%2Fwp%2Fv2%2Fcomments&post=27519"}],"version-history":[{"count":1,"href":"https:\/\/dekkbi.com\/index.php?rest_route=\/wp\/v2\/posts\/27519\/revisions"}],"predecessor-version":[{"id":27521,"href":"https:\/\/dekkbi.com\/index.php?rest_route=\/wp\/v2\/posts\/27519\/revisions\/27521"}],"wp:featuredmedia":[{"embeddable":true,"href":"https:\/\/dekkbi.com\/index.php?rest_route=\/wp\/v2\/media\/27520"}],"wp:attachment":[{"href":"https:\/\/dekkbi.com\/index.php?rest_route=%2Fwp%2Fv2%2Fmedia&parent=27519"}],"wp:term":[{"taxonomy":"category","embeddable":true,"href":"https:\/\/dekkbi.com\/index.php?rest_route=%2Fwp%2Fv2%2Fcategories&post=27519"},{"taxonomy":"post_tag","embeddable":true,"href":"https:\/\/dekkbi.com\/index.php?rest_route=%2Fwp%2Fv2%2Ftags&post=27519"}],"curies":[{"name":"wp","href":"https:\/\/api.w.org\/{rel}","templated":true}]}}