{"id":27505,"date":"2023-12-19T11:51:13","date_gmt":"2023-12-19T11:51:13","guid":{"rendered":"https:\/\/dekkbi.com\/?p=27505"},"modified":"2023-12-19T11:51:14","modified_gmt":"2023-12-19T11:51:14","slug":"premier-vaccinopole-dafrique-kigali-devance-dakar","status":"publish","type":"post","link":"https:\/\/dekkbi.com\/?p=27505","title":{"rendered":"Premier vaccinopole d\u2019Afrique : Kigali devance Dakar"},"content":{"rendered":"\n<p><strong>C\u2019est une comp\u00e9tition entre pays africains qui est vivement souhait\u00e9e. Kigali, la capitale rwandaise, vient d\u2019inaugurer son vaccinopole, et le premier en Afrique. Ce dernier, construit avec la firme BioNtech, va fortement contribuer \u00e0 la souverainet\u00e9 pharmaceutique du continent. Prochainement, Dakar va embo\u00eeter le pas, avec le complexe Pasteur de Diamniadio.&nbsp;<\/strong><\/p>\n\n\n\n<p><strong>Par Malick GAYE \u2013&nbsp;<\/strong>Dans la course pour la construction du premier vaccinopole en Afrique, Kigali dame le pion \u00e0 Dakar. Et ce n\u2019est pas n\u00e9cessairement un mal ! En effet, Macky Sall, invit\u00e9 \u00e0 la c\u00e9r\u00e9monie d\u2019inauguration du site BioNtech pour la production de vaccins, s\u2019est r\u00e9joui de cette comp\u00e9tition. \u00abIl y a quatre ans, le virus \u00e0 l\u2019origine de cette terrible maladie (Covid19) avait cr\u00e9\u00e9 une panique g\u00e9n\u00e9rale, et plong\u00e9 le monde dans une course effr\u00e9n\u00e9e aux masques, aux vaccins, aux produits et \u00e9quipements m\u00e9dicaux. Et le pire avait \u00e9t\u00e9 pr\u00e9dit pour l\u2019Afrique. Quatre ans apr\u00e8s, le continent est toujours l\u00e0, debout et r\u00e9silient. Mieux encore, nous sommes d\u2019attaque, avec le soutien de nos partenaires, pour nous pr\u00e9parer aux crises sanitaires futures\u00bb, a d\u00e9clar\u00e9 le pr\u00e9sident de la R\u00e9publique. Pour lui, \u00abcette c\u00e9r\u00e9monie est l\u2019une des meilleures r\u00e9ponses de l\u2019Afrique, pour le pr\u00e9sent et le futur, apr\u00e8s l\u2019\u00e9preuve de la pand\u00e9mie Covid19\u00bb.<\/p>\n\n\n\n<p>Pour Macky Sall, cet \u00e9lan de l\u2019Afrique dans la technologie de pointe, augure des jours meilleurs. \u00abCe qui se fait ici et dans les autres pays africains pionniers montre qu\u2019avec la vision et la volont\u00e9 politique, l\u2019Afrique est capable de r\u00e9aliser le meilleur, y compris dans les technologies les plus avanc\u00e9es et les plus exigeantes\u00bb,&nbsp;a insist\u00e9 le pr\u00e9sident de la R\u00e9publique. Avec la m\u00eame vision et la m\u00eame volont\u00e9 politique, a ajout\u00e9 Macky Sall, l\u2019Afrique doit travailler ensemble pour que les vaccins et autres produits biotechnologiques fabriqu\u00e9s sur le continent, suivant les m\u00eames standards que ceux produits, acc\u00e8dent aux plateformes de vente et de distribution.<\/p>\n\n\n\n<p>Par ailleurs, le chef de l\u2019Etat n\u2019a pas manqu\u00e9 de rappeler les efforts du S\u00e9n\u00e9gal pour la souverainet\u00e9 vaccinale. \u00abL\u2019Institut Pasteur de Dakar, qui f\u00eate cette ann\u00e9e ses 127 ans, et qui produit le vaccin contre la fi\u00e8vre jaune depuis 86 ans, est en train de finaliser dans la ville nouvelle de Diamniadio, un vaccinopole multidimensionnel\u00bb, a affirm\u00e9 Macky Sall, avant de lister ses composantes. Il s\u2019agit d\u2019une cha\u00eene compl\u00e8te de production de vaccins \u00e0 ARN messager, de remplissage aseptique, de conditionnement et de stockage ; d\u2019un Centre de m\u00e9tiers de la bio-production d\u00e9di\u00e9 au renforcement des comp\u00e9tences des ressources humaines dont la vocation est aussi d\u2019attirer les jeunes vers les fili\u00e8res de la biotechnologie qui constituent un important r\u00e9servoir d\u2019emplois et d\u2019opportunit\u00e9s ; enfin, d\u2019un Centre de recherche sur le vaccin, de la mise au point jusqu\u2019\u00e0 la production. \u00abJe lance un appel \u00e0 une collaboration active entre les producteurs, les structures nationales de r\u00e9glementation pharmaceutique, le secteur priv\u00e9, les cha\u00eenes d\u2019approvisionnement et les universit\u00e9s et centres de recherche africains, pour conforter la gestation de l\u2019industrie pharmaceutique sur le continent afin de mat\u00e9rialiser notre ambition pour la souverainet\u00e9 m\u00e9dicale et pharmaceutique\u00bb, a appel\u00e9 Macky Sall.<br><strong>mgaye@lequotidien.sn&nbsp;<\/strong><\/p>\n","protected":false},"excerpt":{"rendered":"<p>C\u2019est une comp\u00e9tition entre pays africains qui est vivement souhait\u00e9e. Kigali, la capitale rwandaise, vient d\u2019inaugurer son vaccinopole, et le<\/p>\n","protected":false},"author":1,"featured_media":27506,"comment_status":"open","ping_status":"open","sticky":false,"template":"","format":"standard","meta":{"footnotes":""},"categories":[3],"tags":[],"class_list":["post-27505","post","type-post","status-publish","format-standard","has-post-thumbnail","hentry","category-event-more-news"],"_links":{"self":[{"href":"https:\/\/dekkbi.com\/index.php?rest_route=\/wp\/v2\/posts\/27505","targetHints":{"allow":["GET"]}}],"collection":[{"href":"https:\/\/dekkbi.com\/index.php?rest_route=\/wp\/v2\/posts"}],"about":[{"href":"https:\/\/dekkbi.com\/index.php?rest_route=\/wp\/v2\/types\/post"}],"author":[{"embeddable":true,"href":"https:\/\/dekkbi.com\/index.php?rest_route=\/wp\/v2\/users\/1"}],"replies":[{"embeddable":true,"href":"https:\/\/dekkbi.com\/index.php?rest_route=%2Fwp%2Fv2%2Fcomments&post=27505"}],"version-history":[{"count":1,"href":"https:\/\/dekkbi.com\/index.php?rest_route=\/wp\/v2\/posts\/27505\/revisions"}],"predecessor-version":[{"id":27507,"href":"https:\/\/dekkbi.com\/index.php?rest_route=\/wp\/v2\/posts\/27505\/revisions\/27507"}],"wp:featuredmedia":[{"embeddable":true,"href":"https:\/\/dekkbi.com\/index.php?rest_route=\/wp\/v2\/media\/27506"}],"wp:attachment":[{"href":"https:\/\/dekkbi.com\/index.php?rest_route=%2Fwp%2Fv2%2Fmedia&parent=27505"}],"wp:term":[{"taxonomy":"category","embeddable":true,"href":"https:\/\/dekkbi.com\/index.php?rest_route=%2Fwp%2Fv2%2Fcategories&post=27505"},{"taxonomy":"post_tag","embeddable":true,"href":"https:\/\/dekkbi.com\/index.php?rest_route=%2Fwp%2Fv2%2Ftags&post=27505"}],"curies":[{"name":"wp","href":"https:\/\/api.w.org\/{rel}","templated":true}]}}