{"id":27483,"date":"2023-12-19T10:43:29","date_gmt":"2023-12-19T10:43:29","guid":{"rendered":"https:\/\/dekkbi.com\/?p=27483"},"modified":"2023-12-19T10:44:58","modified_gmt":"2023-12-19T10:44:58","slug":"culture-58-artistes-selectionnes-dans-lexposition-internationale-du-15e-dakart","status":"publish","type":"post","link":"https:\/\/dekkbi.com\/?p=27483","title":{"rendered":"15e Dak\u2019Art : 58 artistes s\u00e9lectionn\u00e9s dans l\u2019exposition internationale"},"content":{"rendered":"\n<p>Dakar,  (APS) \u2013 Cinquante-huit artistes provenant d\u2019une vingtaine de pays figurent dans la s\u00e9lection de l\u2019exposition internationale de la 15<sup>e<\/sup>\u00a0Biennale de l\u2019art africain contemporain de Dakar \u2018\u2019Dak\u2019Art\u2019\u2019 pr\u00e9vue du 16 mai au 16 juin 2024, a annonc\u00e9 la directrice artistique de l\u2019\u00e9v\u00e8nement, Salimata Diop.<\/p>\n\n\n\n<p>Les artistes s\u00e9lectionn\u00e9s dans l\u2019exposition internationale proviennent notamment de pays d\u2019Afrique, d\u2019Europe, des Etats-Unis et d\u2019Am\u00e9rique latine, a-t-elle pr\u00e9cis\u00e9 lors du lancement officiel de la Biennale.<\/p>\n\n\n\n<p>La c\u00e9r\u00e9monie organis\u00e9e dans l\u2019enceinte de l\u2019ancien Palais de justice de Dakar a \u00e9t\u00e9 pr\u00e9sid\u00e9e par le secr\u00e9taire g\u00e9n\u00e9ral du minist\u00e8re de la Culture et du Patrimoine historique, Habib L\u00e9on Ndiaye.<\/p>\n\n\n\n<p>Plus de 66 dossiers de candidatures \u00e9manant d\u2019une centaine de pays avaient \u00e9t\u00e9 re\u00e7u avant que le jury n\u2019en retienne que 58 artistes, a r\u00e9v\u00e9l\u00e9 la directrice artistique de la Biennale.<\/p>\n\n\n\n<p>Elle a signal\u00e9 que les artistes s\u00e9lectionn\u00e9s viennent du S\u00e9n\u00e9gal, de l\u2019Afrique du Sud, de la France, Tunisie, R\u00e9publique Dominicaine, Mali, Colombie, C\u00f4te d\u2019Ivoire, Nig\u00e9ria, Ethiopie, Kenya, Alg\u00e9rie, B\u00e9nin, Sierra L\u00e9one, Etats-Unis, Maroc, Gabon, Cameroun, Burkina Faso, Argentine et Mexique et Ouganda.<\/p>\n\n\n\n<p>Arebanor Bass\u00e8ne, Mad In Pixel, Mohamed Diop, Aliou Diack et Dior Thiam font partie des artistes s\u00e9n\u00e9galais s\u00e9lectionn\u00e9s dans l\u2019exposition internationale.<\/p>\n\n\n\n<p>La directrice artistique du Dak\u2019Art a salu\u00e9 la rigueur de la s\u00e9lection bas\u00e9e sur des crit\u00e8res de qualit\u00e9, de ma\u00eetrise et d\u2019originalit\u00e9 de la cr\u00e9ation mis en avant avec les commissaires invit\u00e9s, notamment la critique d\u2019art Marynet J de son vrai nom Marinette Jeannerod, l\u2019anthropologue docteur Kara Blackmore et l\u2019historienne de l\u2019art et mus\u00e9ologie Cindy Olohou, entre autres.<\/p>\n\n\n\n<p>Pour la directrice artistique, l\u2019exposition internationale s\u2019articulera autour de la th\u00e9matique de cette \u00e9dition \u2018\u2019The Wake \u2013 L\u2019\u00e9veil, le sillage\u2019\u2019 en &nbsp;\u00bbun parcours immersif, gr\u00e2ce \u00e0 une sc\u00e9nographie intimiste, narrative et grave&nbsp;\u00bb.<\/p>\n\n\n\n<p>\u2018\u2019Cette s\u00e9lection incarne l\u2019extraordinaire cr\u00e9ativit\u00e9 africaine, avec une diversit\u00e9 des m\u00e9diums, des techniques et des univers artistiques. &nbsp;Du dessin \u00e0 la r\u00e9alit\u00e9 virtuelle en passant par le son, la sculpture ou encore la photographie\u2019\u2019, a-t-elle affirm\u00e9.<\/p>\n\n\n\n<p>La franco-s\u00e9n\u00e9galaise a rappel\u00e9 que le processus de s\u00e9lection avait \u00e9t\u00e9 guid\u00e9 par \u2018\u2019un engagement en faveur de l\u2019exclusivit\u00e9, la recherche d\u2019un \u00e9quilibre qui transcende les fronti\u00e8res et c\u00e9l\u00e8bre la riche tapisserie des voix artistique\u2019\u2019.<\/p>\n\n\n\n<p>\u2018\u2019On a regard\u00e9 les propositions et ensuite on a \u00e9quilibr\u00e9 avec la phase des invitations. Parce que j\u2019ai invit\u00e9 des artistes et c\u2019est en ce moment que j\u2019ai essay\u00e9 d\u2019harmoniser et pour recr\u00e9er un certain \u00e9quilibre entre les artistes qui vivent et travaillent sur le continent, ce qui est important et en terme de reconnaissance\u2019\u2019, a-t-elle fait valoir.<\/p>\n\n\n\n<p>Elle a estim\u00e9 que la biennale existe sur l\u2019h\u00e9ritage de la n\u00e9gritude et du festival mondiale des arts n\u00e8gres et appel\u00e9 \u00e0 ne jamais oublier que ce n\u2019est pas une biennale uniquement africaine.<\/p>\n\n\n\n<p>\u2018\u2019Il ne faut jamais oublier qu\u2019on doit embrasser nos complexit\u00e9s et notre h\u00e9ritage \u00e0 travers le monde et la diaspora tr\u00e8s importante pour cela\u2019\u2019, a-t-elle insist\u00e9.<\/p>\n\n\n\n<p>La secr\u00e9taire g\u00e9n\u00e9rale de la biennale de l\u2019art africain contemporain de Dakar, Mari\u00e8me Ba a de son c\u00f4t\u00e9 fait savoir que le comit\u00e9 d\u2019organisation de l\u2019\u00e9v\u00e8nement attendait la confirmation du Cap Vert d\u00e9sign\u00e9 pays invit\u00e9 d\u2019honneur avec les Etats-Unis d\u2019Am\u00e9rique.<\/p>\n\n\n\n<p>FKS\/AKS<\/p>\n","protected":false},"excerpt":{"rendered":"<p>Dakar, (APS) \u2013 Cinquante-huit artistes provenant d\u2019une vingtaine de pays figurent dans la s\u00e9lection de l\u2019exposition internationale de la 15e\u00a0Biennale<\/p>\n","protected":false},"author":1,"featured_media":27484,"comment_status":"open","ping_status":"open","sticky":false,"template":"","format":"standard","meta":{"footnotes":""},"categories":[21],"tags":[],"class_list":["post-27483","post","type-post","status-publish","format-standard","has-post-thumbnail","hentry","category-societe"],"_links":{"self":[{"href":"https:\/\/dekkbi.com\/index.php?rest_route=\/wp\/v2\/posts\/27483","targetHints":{"allow":["GET"]}}],"collection":[{"href":"https:\/\/dekkbi.com\/index.php?rest_route=\/wp\/v2\/posts"}],"about":[{"href":"https:\/\/dekkbi.com\/index.php?rest_route=\/wp\/v2\/types\/post"}],"author":[{"embeddable":true,"href":"https:\/\/dekkbi.com\/index.php?rest_route=\/wp\/v2\/users\/1"}],"replies":[{"embeddable":true,"href":"https:\/\/dekkbi.com\/index.php?rest_route=%2Fwp%2Fv2%2Fcomments&post=27483"}],"version-history":[{"count":2,"href":"https:\/\/dekkbi.com\/index.php?rest_route=\/wp\/v2\/posts\/27483\/revisions"}],"predecessor-version":[{"id":27487,"href":"https:\/\/dekkbi.com\/index.php?rest_route=\/wp\/v2\/posts\/27483\/revisions\/27487"}],"wp:featuredmedia":[{"embeddable":true,"href":"https:\/\/dekkbi.com\/index.php?rest_route=\/wp\/v2\/media\/27484"}],"wp:attachment":[{"href":"https:\/\/dekkbi.com\/index.php?rest_route=%2Fwp%2Fv2%2Fmedia&parent=27483"}],"wp:term":[{"taxonomy":"category","embeddable":true,"href":"https:\/\/dekkbi.com\/index.php?rest_route=%2Fwp%2Fv2%2Fcategories&post=27483"},{"taxonomy":"post_tag","embeddable":true,"href":"https:\/\/dekkbi.com\/index.php?rest_route=%2Fwp%2Fv2%2Ftags&post=27483"}],"curies":[{"name":"wp","href":"https:\/\/api.w.org\/{rel}","templated":true}]}}