{"id":27438,"date":"2023-12-18T11:20:21","date_gmt":"2023-12-18T11:20:21","guid":{"rendered":"https:\/\/dekkbi.com\/?p=27438"},"modified":"2023-12-18T11:20:22","modified_gmt":"2023-12-18T11:20:22","slug":"elections-generales-en-rdc-ou-sont-les-femmes","status":"publish","type":"post","link":"https:\/\/dekkbi.com\/?p=27438","title":{"rendered":"\u00c9lections g\u00e9n\u00e9rales en RDC: o\u00f9 sont les femmes?"},"content":{"rendered":"\n<p>La R\u00e9publique d\u00e9mocratique du Congo (RDC) \u00e9lit son pr\u00e9sident ce 20 d\u00e9cembre 2023. Jamais une femme n\u2019y a occup\u00e9 cette fonction, ni celle de Premi\u00e8re ministre ou n\u2019a dirig\u00e9 le S\u00e9nat (deuxi\u00e8me personnage de l\u2019\u00c9tat). En RDC, la repr\u00e9sentativit\u00e9 f\u00e9minine en politique reste un souci majeur qui s\u2019inscrit dans un probl\u00e8me plus global de droits des femmes, malgr\u00e9 les efforts entrepris ces derni\u00e8res ann\u00e9es.<\/p>\n\n\n\n<p><em>De notre envoy\u00e9 sp\u00e9cial \u00e0 Kinshasa,<\/em><\/p>\n\n\n\n<p>\u00ab&nbsp;<em>Pas question&nbsp;! Pas question de faire de la politique&nbsp;!<\/em>&nbsp;\u00bb Exauc\u00e9e, 23 ans, n\u2019oubliera jamais la r\u00e9action de ses parents quand elle leur a annonc\u00e9 en 2018 qu\u2019elle voulait s\u2019engager. Surtout celle apeur\u00e9e de sa m\u00e8re. \u00ab&nbsp;<em>\u00c0 chaque fois qu\u2019il y avait des marches et des activit\u00e9s de contestation, elle faisait des cauchemars, un ou deux jours avant<\/em>&nbsp;\u00bb, raconte aujourd\u2019hui cette \u00e9tudiante en m\u00e9decine, qui fait partie de l\u2019\u00e9quipe de campagne de Martin Fayulu, l\u2019un des principaux candidats \u00e0 la pr\u00e9sidentielle du 20 d\u00e9cembre 2023 en R\u00e9publique d\u00e9mocratique du Congo (RDC). \u00ab&nbsp;<em>Mon p\u00e8re, lui, m\u2019a dit&nbsp;: \u00ab\u00a0<\/em>Je sais comment la barbarie caract\u00e9rise la sph\u00e8re politique congolaise. Je ne peux que t\u2019accompagner mais je te demande d\u2019y aller doucement\u00a0\u00bb<em>.<\/em>&nbsp;\u00bb<\/p>\n\n\n\n<p>Cinq ans plus tard, Exauc\u00e9e \u00e9cume le pays pour le compte du parti Engagement pour la citoyennet\u00e9 et le d\u00e9veloppement (Ecide). Sa d\u00e9termination reste intacte. Tout comme son envie de voir les m\u0153urs \u00e9voluer. \u00ab&nbsp;<em>Autour de moi, il n\u2019y a pas beaucoup de femmes qui font de la politique<\/em>, d\u00e9plore-t-elle.<em>&nbsp;Personnellement, \u00e0 maintes reprises, j\u2019ai fait face \u00e0 des constructions sociales discriminatoires, selon lesquelles la place d\u2019une femme est \u00e0 la cuisine, qu\u2019elle ne doit pas parler devant les hommes. En fait, une femme politique, c\u2019est une femme libre<\/em>&nbsp;<em>et qui jouit d\u2019une libert\u00e9 de mouvement sans conditions&nbsp;<\/em>\u00bb.<\/p>\n\n\n\n<p>Cette libert\u00e9 de vouloir agir, d\u00e9cider, elle se paie souvent au prix fort en RDC, selon Marie-Jos\u00e9e Ifoku. Comme en 2018, cette derni\u00e8re sera \u00e9galement la seule femme en lice pour la pr\u00e9sidentielle 2023, apr\u00e8s le retrait d\u2019une autre pr\u00e9tendante, Jo\u00eblle Bile. La patronne du mouvement Alliance des \u00e9lites pour un nouveau Congo th\u00e9orise&nbsp;: \u00ab&nbsp;<em>Le syst\u00e8me de gouvernance a \u00e9t\u00e9 con\u00e7u dans l\u2019esprit de comp\u00e9tition des muscles, terrain favorable des hommes. Violence verbale, ruse, jusqu\u2019\u00e0 la violence physique sur les plateaux de t\u00e9l\u00e9vision et dans les cabinets politiques, ne sont pas le fort des femmes, qui pr\u00e9f\u00e8rent \u00e9viter au lieu de s\u2019engager dans un combat avec les armes des autres. \u00c9cart\u00e9es de l\u2019\u00e9ducation et soumises \u00e0 des options fix\u00e9es par la coutume, la jeune fille congolaise est d\u00e9j\u00e0 paralys\u00e9e pour envisager entrer dans la politique.&nbsp;<\/em>\u00bb<\/p>\n\n\n\n<h2 class=\"wp-block-heading\">Une comparaison d\u00e9favorable avec les pays voisins<\/h2>\n\n\n\n<p>Certains chiffres traduisent ce probl\u00e8me de repr\u00e9sentativit\u00e9 en R\u00e9publique d\u00e9mocratique du Congo. Surtout un&nbsp;: z\u00e9ro, comme le nombre de femmes ayant dirig\u00e9 le pays, le gouvernement ou le S\u00e9nat. Jusqu\u2019\u00e0 pr\u00e9sent, seules deux femmes y ont \u00e9t\u00e9 vice-Premi\u00e8res ministres (\u00c9lys\u00e9e Munembwe Tamukumwe et \u00c8ve Bazaiba Masudi). Certes, des premi\u00e8res ont eu lieu ces derni\u00e8res ann\u00e9es, comme lorsque, en 2019, Jeanine Mabunda Lioko a pris la t\u00eate de l\u2019Assembl\u00e9e nationale.<\/p>\n\n\n\n<p>Mais la RDC p\u00e2tit de la comparaison avec ses neuf voisins \u2013 Congo-Brazzaville except\u00e9 \u2013 o\u00f9 au moins une femme a d\u00e9j\u00e0 \u00e9t\u00e9 chef de l\u2019\u00c9tat, du gouvernement ou vice-pr\u00e9sidente&nbsp;: la Tanzanie est par exemple dirig\u00e9e par Samia Suluhu&nbsp;; en Angola, Esperan\u00e7a Da Costa est l\u2019actuelle vice-pr\u00e9sidente de Jo\u00e3o Louren\u00e7o&nbsp;; en Ouganda, Jessica Alupo occupe la m\u00eame fonction.<\/p>\n\n\n\n<p>Sur le terrain l\u00e9gislatif, la situation n\u2019est gu\u00e8re plus reluisante&nbsp;: d\u2019apr\u00e8s les donn\u00e9es de l\u2019Union interparlementaire (IPU), qui regroupe des repr\u00e9sentants de parlements nationaux issus de 180 pays, avec 13,2% de d\u00e9put\u00e9es, la RDC est loin en dessous de la moyenne mondiale (26,7%) et de l\u2019Afrique subsaharienne (27,1%), tr\u00e8s loin du Rwanda voisin (61,3% de d\u00e9put\u00e9es).<\/p>\n\n\n\n<h2 class=\"wp-block-heading\">Un probl\u00e8me plus global<\/h2>\n\n\n\n<p>Le faible engagement et\/ou acc\u00e8s des femmes en politique s\u2019inscrit cependant dans un contexte plus global de violences et de discriminations r\u00e9guli\u00e8rement d\u00e9nonc\u00e9es par structures inter\u00e9tatiques, organisations non gouvernementales ou de la soci\u00e9t\u00e9 civile. Pour preuve, le tr\u00e8s mauvais classement congolais dans diff\u00e9rents barom\u00e8tres, comme celui du Georgetown Institute for Women, Peace and Security (GIWPS), organisme fond\u00e9 en 2011. La RDC y pointe au 174e rang \u00ab&nbsp;<em>en termes d\u2019inclusion, de justice et de s\u00e9curit\u00e9 des femmes&nbsp;<\/em>\u00bb, sur les 177 pays mesur\u00e9s. Seule la Centrafrique, 175e, fait pire, sur le continent.<\/p>\n\n\n\n<p>Elena Ortiz, responsable de recherches et auteure principale au GIWPS, souligne par exemple que \u00ab&nbsp;<em>seulement un cinqui\u00e8me des femmes ont acc\u00e8s \u00e0 leur propre compte en banque<\/em>&nbsp;\u00bb, que \u00ab&nbsp;<em>seules 37% des femmes poss\u00e8dent un t\u00e9l\u00e9phone portable (ce qui est le deuxi\u00e8me taux le plus bas au monde apr\u00e8s le Pakistan)<\/em>&nbsp;\u00bb. Elle poursuit&nbsp;: \u00ab&nbsp;<em>Les taux de violence bas\u00e9e sur le genre ont augment\u00e9 ces derni\u00e8res ann\u00e9es parall\u00e8lement \u00e0 la poursuite du conflit. L&rsquo;ONU affirme que plus de 90 000 femmes et filles ont eu recours \u00e0 des soins m\u00e9dicaux en raison de violences sexistes \u2013 en particulier de viols \u2013 cette ann\u00e9e. Ce chiffre est probablement consid\u00e9rablement sous-estim\u00e9, \u00e9tant donn\u00e9 les difficult\u00e9s auxquelles les femmes sont confront\u00e9es pour acc\u00e9der aux services ainsi que leur r\u00e9ticence \u00e0 se manifester en raison d&rsquo;\u00e9ventuelles stigmatisations ou repr\u00e9sailles.&nbsp;<\/em>\u00bb<\/p>\n\n\n\n<p>Elena Ortiz voit n\u00e9anmoins quelques signes positifs. \u00ab&nbsp;<em>La perception des femmes en termes de s\u00e9curit\u00e9 s\u2019est am\u00e9lior\u00e9e, ces derni\u00e8res ann\u00e9es<\/em>, selon les estimations du GIWSP.<em>&nbsp;Le nombre de femmes qui d\u00e9clarent se sentir en s\u00e9curit\u00e9 lorsqu\u2019elles marchent seules dans leur quartier le soir est pass\u00e9 de 36% en 2017 \u00e0 47% en 2023&nbsp;<\/em>\u00bb.<\/p>\n\n\n\n<p>Ces probl\u00e8mes d\u2019in\u00e9galit\u00e9s ont en tout cas donn\u00e9 lieu \u00e0 des \u00e9volutions juridiques. Depuis 2006, la Constitution de la RDC consacre par exemple la parit\u00e9. Il y a aussi la loi du 1\u1d49\u02b3\u00a0ao\u00fbt 2015 qui pr\u00e9voit que \u00ab\u00a0<em><u>l<\/u>a femme est repr\u00e9sent\u00e9e d\u2019une mani\u00e8re \u00e9quitable dans toutes les fonctions nominatives et \u00e9lectives au sein des institutions nationales, provinciales et locales\u00a0<\/em>\u00bb.<\/p>\n\n\n\n<p>Marie-Jos\u00e9e Ifoku per\u00e7oit cette \u00e9volution l\u00e9gale. Mais elle la relativise&nbsp;: \u00ab&nbsp;<em>La loi garantit une participation \u00e9galitaire homme-femme dans la gestion de la chose publique. Il y a m\u00eame une loi sur la parit\u00e9 dans ce sens. Mais l\u2019imaginaire populaire ne voit toujours pas de bon \u0153il la femme en politique, en pensant que c\u2019est une affaire d\u2019hommes. Par cons\u00e9quent, les femmes qui y entrent ne sont pas toujours bien consid\u00e9r\u00e9es par certains hommes qui ne savent pas appr\u00e9cier les comp\u00e9tences des femmes. Alors, ils les r\u00e9duisent \u00e0 des objets de plaisir et \u00e0 des figurantes pour donner une image de promotion de la femme.&nbsp;<\/em>\u00bb<\/p>\n\n\n\n<h2 class=\"wp-block-heading\">Mettre fin \u00e0 la masculinit\u00e9 toxique<\/h2>\n\n\n\n<p>C\u2019est dans ce contexte que le pr\u00e9sident actuel, F\u00e9lix Tshisekedi, a lanc\u00e9 une campagne contre la masculinit\u00e9 toxique. Le chef de l\u2019\u00c9tat s\u2019est m\u00eame fait le h\u00e9raut de la \u00ab&nbsp;masculinit\u00e9 positive&nbsp;\u00bb en septembre dernier en \u00e9voquant le probl\u00e8me \u00e0 la tribune des Nations unies et, en tant que chef en exercice de l\u2019Union africaine (UA), en lan\u00e7ant un appel \u00e0 \u00ab&nbsp;<em>l\u2019\u00e9limination des violences faites aux femmes et aux filles en Afrique<\/em>&nbsp;\u00bb.<\/p>\n\n\n\n<p>Un travail que le minist\u00e8re du Genre, dirig\u00e9 par Mireille Masangu, est cens\u00e9 mener. Dans un communiqu\u00e9 adress\u00e9 \u00e0 RFI, celui-ci reconna\u00eet que \u00ab&nbsp;<em>par rapport \u00e0 la participation au processus \u00e9lectoral en cours, il y a r\u00e9gression par rapport \u00e0 2018. Cependant, la volont\u00e9 politique du pr\u00e9sident F\u00e9lix \u00e0 promouvoir la femme \u00e0 la participation politique et aux instances de prises des d\u00e9cisions est manifeste&nbsp;<\/em>\u00bb.<\/p>\n\n\n\n<p>Reste que les mentalit\u00e9s doivent encore changer pour que des femmes acc\u00e8dent davantage au pouvoir, \u00e0 en croire un sondage men\u00e9 en 2022 par le Groupe d\u2019\u00e9tudes sur le Congo (GEC, bas\u00e9 \u00e0 New York) et l\u2019institut congolais de recherches Ebuteli, avec le Bureau d\u2019\u00e9tudes, de recherche et de consulting international (Berci). \u00c0 la question : \u00ab<em>\u00a0jusqu\u2019\u00e0 quel point soutenez-vous les femmes qui servent l\u2019\u00c9tat au poste de pr\u00e9sidente de la R\u00e9publique\u00a0<\/em>\u00bb, seuls 32% des sond\u00e9s affichent leur soutien.<\/p>\n\n\n\n<p>SOURCE RFI<\/p>\n","protected":false},"excerpt":{"rendered":"<p>La R\u00e9publique d\u00e9mocratique du Congo (RDC) \u00e9lit son pr\u00e9sident ce 20 d\u00e9cembre 2023. Jamais une femme n\u2019y a occup\u00e9 cette<\/p>\n","protected":false},"author":1,"featured_media":27439,"comment_status":"open","ping_status":"open","sticky":false,"template":"","format":"standard","meta":{"footnotes":""},"categories":[51],"tags":[],"class_list":["post-27438","post","type-post","status-publish","format-standard","has-post-thumbnail","hentry","category-general"],"_links":{"self":[{"href":"https:\/\/dekkbi.com\/index.php?rest_route=\/wp\/v2\/posts\/27438","targetHints":{"allow":["GET"]}}],"collection":[{"href":"https:\/\/dekkbi.com\/index.php?rest_route=\/wp\/v2\/posts"}],"about":[{"href":"https:\/\/dekkbi.com\/index.php?rest_route=\/wp\/v2\/types\/post"}],"author":[{"embeddable":true,"href":"https:\/\/dekkbi.com\/index.php?rest_route=\/wp\/v2\/users\/1"}],"replies":[{"embeddable":true,"href":"https:\/\/dekkbi.com\/index.php?rest_route=%2Fwp%2Fv2%2Fcomments&post=27438"}],"version-history":[{"count":1,"href":"https:\/\/dekkbi.com\/index.php?rest_route=\/wp\/v2\/posts\/27438\/revisions"}],"predecessor-version":[{"id":27440,"href":"https:\/\/dekkbi.com\/index.php?rest_route=\/wp\/v2\/posts\/27438\/revisions\/27440"}],"wp:featuredmedia":[{"embeddable":true,"href":"https:\/\/dekkbi.com\/index.php?rest_route=\/wp\/v2\/media\/27439"}],"wp:attachment":[{"href":"https:\/\/dekkbi.com\/index.php?rest_route=%2Fwp%2Fv2%2Fmedia&parent=27438"}],"wp:term":[{"taxonomy":"category","embeddable":true,"href":"https:\/\/dekkbi.com\/index.php?rest_route=%2Fwp%2Fv2%2Fcategories&post=27438"},{"taxonomy":"post_tag","embeddable":true,"href":"https:\/\/dekkbi.com\/index.php?rest_route=%2Fwp%2Fv2%2Ftags&post=27438"}],"curies":[{"name":"wp","href":"https:\/\/api.w.org\/{rel}","templated":true}]}}