{"id":27435,"date":"2023-12-18T11:16:56","date_gmt":"2023-12-18T11:16:56","guid":{"rendered":"https:\/\/dekkbi.com\/?p=27435"},"modified":"2023-12-18T11:16:57","modified_gmt":"2023-12-18T11:16:57","slug":"israel-utilise-la-faim-comme-arme-de-guerre-a-gaza-rapporte-human-rights-watch","status":"publish","type":"post","link":"https:\/\/dekkbi.com\/?p=27435","title":{"rendered":"Isra\u00ebl utilise la faim comme arme de guerre \u00e0 Gaza, rapporte Human Rights Watch"},"content":{"rendered":"\n<p>L&rsquo;arm\u00e9e isra\u00e9lienne poursuit ses frappes sur la bande de Gaza, au 72e jour de guerre. Apr\u00e8s d&rsquo;intenses bombardements sur le camp de Jabaliya, et sur plusieurs h\u00f4pitaux dont\u00a0la maternit\u00e9 de l&rsquo;h\u00f4pital Nasser, \u00e0 Khan Youn\u00e8s, le Conseil de s\u00e9curit\u00e9 des Nations unies doit se prononcer ce lundi 18 d\u00e9cembre sur un nouveau texte appelant \u00e0 une \u00ab\u00a0<em>cessation urgente et durable des hostilit\u00e9s<\/em>\u00a0\u00bb \u00e0 Gaza.<\/p>\n\n\n\n<p><strong>Ce qu&rsquo;il faut retenir :&nbsp;<\/strong><\/p>\n\n\n\n<p>\u25a0&nbsp;<strong>Le Conseil de s\u00e9curit\u00e9 de l&rsquo;ONU doit se prononcer ce lundi 18 d\u00e9cembre sur un nouveau texte&nbsp;qui appelle \u00e0 une \u00ab&nbsp;<em>cessation urgente et durable des hostilit\u00e9s<\/em>&nbsp;\u00bb<\/strong>&nbsp;\u00e0 Gaza, au moment o\u00f9 Washington montre des signes d&rsquo;impatience face \u00e0 son alli\u00e9 isra\u00e9lien.&nbsp;<\/p>\n\n\n\n<p>\u25a0<strong>&nbsp;La cheffe de la diplomatie fran\u00e7aise<\/strong>&nbsp;<strong>Catherine Colonna, en visite en Isra\u00ebl, s\u2019est dite pr\u00e9occup\u00e9e&nbsp;\u00ab<em>&nbsp;au plus haut point&nbsp;<\/em>\u00bb&nbsp;par la situation \u00e0 Gaza&nbsp;<\/strong>et a appel\u00e9 \u00e0&nbsp;\u00ab<em>&nbsp;une nouvelle tr\u00eave imm\u00e9diate et durable&nbsp;<\/em>\u00bb.<\/p>\n\n\n\n<p>\u25a0&nbsp;<strong>L&rsquo;arm\u00e9e isra\u00e9lienne<\/strong>&nbsp;a affirm\u00e9 avoir d\u00e9couvert au cours de son offensive&nbsp;<strong>\u00ab&nbsp;<em>le plus grand tunnel<\/em>&nbsp;\u00bb<\/strong>&nbsp;que le Hamas ait creus\u00e9 sous la bande de Gaza et&nbsp;<strong>d\u00e9bouchant \u00e0 seulement quelques centaines de m\u00e8tres de son territoire<\/strong>. L&rsquo;arm\u00e9e isra\u00e9lienne a indiqu\u00e9 d\u00e9but d\u00e9cembre avoir d\u00e9couvert&nbsp;<strong>plus de 800 descentes de tunnels<\/strong>, dont 500 ont \u00e9t\u00e9 d\u00e9truites.<\/p>\n\n\n\n<p>\u25a0 Environ&nbsp;<strong>18<\/strong>&nbsp;<strong>800 Palestiniens&nbsp;ont \u00e9t\u00e9 tu\u00e9s&nbsp;<\/strong>dans les frappes isra\u00e9liennes sur Gaza depuis le d\u00e9but de l&rsquo;op\u00e9ration isra\u00e9lienne, selon le gouvernement du Hamas. Pr\u00e8s de&nbsp;<strong>51<\/strong>&nbsp;<strong>000&nbsp;personnes ont \u00e9galement \u00e9t\u00e9 bless\u00e9es<\/strong>. Selon le minist\u00e8re de la Sant\u00e9 de l&rsquo;enclave, 70&nbsp;% des victimes sont des femmes et des jeunes de moins de 18 ans. Quelque<strong>&nbsp;1&nbsp;140&nbsp;personnes&nbsp;<\/strong>ont \u00e9t\u00e9 tu\u00e9es lors de l&rsquo;attaque du 7 octobre, selon les derni\u00e8res donn\u00e9es fournies par le gouvernement isra\u00e9lien. Enfin,&nbsp;<strong>129 otages<\/strong>&nbsp;sont toujours retenus dans la bande de Gaza.<\/p>\n\n\n\n<hr class=\"wp-block-separator has-alpha-channel-opacity\"\/>\n\n\n\n<p><strong>10h30 :\u00a0En Iran, la distribution de carburant perturb\u00e9e par un \u00ab\u00a0<em>possible sabotage<\/em>\u00a0\u00bb revendiqu\u00e9 par des hackers pro-isra\u00e9liens<\/strong><\/p>\n\n\n\n<p>La distribution de carburant a \u00e9t\u00e9 interrompue lundi dans 60% des stations-service \u00e0 travers l&rsquo;Iran \u00e0 cause d&rsquo;un \u00ab&nbsp;<em>possible sabotage<\/em>&nbsp;\u00bb, a annonc\u00e9 la t\u00e9l\u00e9vision d&rsquo;Etat. \u00ab&nbsp;<em>Nous avons eu un probl\u00e8me au niveau des lecteurs de cartes<\/em>&nbsp;\u00bb ayant provoqu\u00e9 la perturbation de l&rsquo;approvisionnement en carburant dans \u00ab&nbsp;<em>60% des stations<\/em>&nbsp;\u00bb du pays, a indiqu\u00e9 \u00e0 la t\u00e9l\u00e9vision le vice-ministre du P\u00e9trole, Jalil Salari. Un groupe de hackers pro-isra\u00e9liens a revendiqu\u00e9 la cyber-attaque, ont rapport\u00e9 plusieurs m\u00e9dias iraniens et isra\u00e9liens, dont Haaretz.<\/p>\n\n\n\n<p><strong>10h10 :\u00a0Les \u00e9quipes du Croissant rouge palestinien transportent des bless\u00e9s \u00e0 l\u2019h\u00f4pital Al-Aqsa \u00e0 Gaza<\/strong><\/p>\n\n\n\n<p><strong>9h55 : Catherine Colonna au Liban pour&nbsp;pr\u00e9venir une escalade entre le Hezbollah et Isra\u00ebl<\/strong><\/p>\n\n\n\n<p>Pr\u00e9venir une escalade entre Isra\u00ebl et le Hezbollah libanais soutenant le Hamas est au c\u0153ur des entretiens de la ministre fran\u00e7aise des Affaires \u00e9trang\u00e8res, Catherine Colonna, ce lundi \u00e0 Beyrouth, au lendemain de sa visite en Isra\u00ebl et en Cisjordanie occup\u00e9e. Depuis le d\u00e9but de la guerre entre Isra\u00ebl et le mouvement islamiste palestinien Hamas \u00e0 Gaza le 7 octobre, le Hezbollah pro-iranien a ouvert le front du sud du Liban pour soutenir son alli\u00e9 palestinien, et Isra\u00ebl riposte par des bombardements.<\/p>\n\n\n\n<p>Les violences, pour le moment limit\u00e9es aux zones frontali\u00e8res, ont fait plus de 130 morts parmi lesquels pr\u00e8s d&rsquo;une centaine de combattants du Hezbollah au Liban, et au moins onze tu\u00e9s c\u00f4t\u00e9 isra\u00e9lien. Mais les bombardements isra\u00e9liens ont r\u00e9cemment gagn\u00e9 en intensit\u00e9 et en profondeur, observent les diplomates fran\u00e7ais qui redoutent une escalade conduisant \u00e0 un embrasement r\u00e9gional.<\/p>\n\n\n\n<p><strong>9h45 :&nbsp;Quatre Palestiniens tu\u00e9s en Cisjordanie, dit le minist\u00e8re de la Sant\u00e9 palestinien<\/strong><\/p>\n\n\n\n<p>Quatre Palestiniens ont \u00e9t\u00e9 tu\u00e9s ce lundi dans le camp de r\u00e9fugi\u00e9s Faraa, au sud de la Cisjordanie, a indiqu\u00e9 le minist\u00e8re de la Sant\u00e9 palestinien dans un communiqu\u00e9.<\/p>\n\n\n\n<p><strong>9h15 : La d\u00e9couverte du&nbsp;\u00ab<\/strong>&nbsp;<strong><em>plus grand tunnel<\/em><\/strong>&nbsp;<strong>\u00bb creus\u00e9 par le Hamas<\/strong><\/p>\n\n\n\n<p>Dimanche 17 d\u00e9cembre, les forces arm\u00e9es isra\u00e9liennes ont annonc\u00e9 avoir fait la d\u00e9couverte de ce qu\u2019elles estiment \u00eatre le \u00ab&nbsp;<em>plus grand tunnel&nbsp;<\/em>\u00bb creus\u00e9 par le Hamas sous la bande de Gaza. Il d\u00e9bouche \u00e0 seulement quelques centaines de m\u00e8tres de son territoire.<\/p>\n\n\n\n<p><strong>8h40 : La faim utilis\u00e9e comme arme de guerre \u00e0 Gaza par Isra\u00ebl, selon un rapport de Human Rights Watch<\/strong><\/p>\n\n\n\n<p>L&rsquo;ONG Human Rights Watch (HRW) publie ce lundi un rapport intitul\u00e9\u00a0<strong>\u00ab Isra\u00ebl : la faim utilis\u00e9e comme arme de guerre \u00e0 Gaza\u00a0\u00bb<\/strong>. Selon HRW, des preuves montrent que l\u2019acc\u00e8s \u00e0 la nourriture et \u00e0 l\u2019eau est d\u00e9lib\u00e9r\u00e9ment refus\u00e9 aux civils de Gaza, \u00ab\u00a0<em>ce qui est un odieux crime de guerre<\/em>\u00a0\u00bb, d\u00e9nonce Omar Shakir, le directeur de l&rsquo;ONG sur la zone palestinienne et isra\u00e9lienne. HRW indique aussi que \u00ab\u00a0<em>L&rsquo;arm\u00e9e isra\u00e9lienne bloque d\u00e9lib\u00e9r\u00e9ment l&rsquo;acc\u00e8s \u00e0 l&rsquo;eau potable, \u00e0 la nourriture et au carburant, tout en entravant intentionnellement l&rsquo;aide humanitaire, en d\u00e9truisant semble-t-il des zones agricoles et en privant la population civile de produits indispensables \u00e0 sa survie.<\/em>\u00a0\u00bb<\/p>\n\n\n\n<p>Le gouvernement isra\u00e9lien a r\u00e9agi en qualifiant HRW \u00ab\u00a0<em>d&rsquo;organisation antis\u00e9mite et anti-isra\u00e9lienne<\/em>\u00a0\u00bb.<\/p>\n\n\n\n<p><strong>8h15 :&nbsp;Le gouvernement du Hamas annonce 110 morts dans des frappes isra\u00e9liennes dans le nord de Gaza<\/strong><\/p>\n\n\n\n<p>Le minist\u00e8re de la Sant\u00e9 du Hamas dans la bande de Gaza a annonc\u00e9 ce lundi que 110 Palestiniens avaient \u00e9t\u00e9 tu\u00e9s depuis dimanche dans des frappes isra\u00e9liennes \u00e0 Jabaliya, dans le nord de la bande de Gaza. Dans un court communiqu\u00e9, le minist\u00e8re de la Sant\u00e9 a rapport\u00e9 que des frappes avaient fait \u00ab&nbsp;<em>50 martyrs sur des maisons de Jabaliya<\/em>&nbsp;\u00bb, portant \u00e0 110 le nombre de d\u00e9c\u00e8s depuis dimanche dans cette ville. Le dernier bilan du minist\u00e8re, publi\u00e9 vendredi, faisait \u00e9tat de 18&nbsp;800 morts depuis le d\u00e9but de la guerre avec Isra\u00ebl le 7 octobre.<\/p>\n","protected":false},"excerpt":{"rendered":"<p>L&rsquo;arm\u00e9e isra\u00e9lienne poursuit ses frappes sur la bande de Gaza, au 72e jour de guerre. Apr\u00e8s d&rsquo;intenses bombardements sur le<\/p>\n","protected":false},"author":1,"featured_media":27436,"comment_status":"open","ping_status":"open","sticky":false,"template":"","format":"standard","meta":{"footnotes":""},"categories":[51],"tags":[],"class_list":["post-27435","post","type-post","status-publish","format-standard","has-post-thumbnail","hentry","category-general"],"_links":{"self":[{"href":"https:\/\/dekkbi.com\/index.php?rest_route=\/wp\/v2\/posts\/27435","targetHints":{"allow":["GET"]}}],"collection":[{"href":"https:\/\/dekkbi.com\/index.php?rest_route=\/wp\/v2\/posts"}],"about":[{"href":"https:\/\/dekkbi.com\/index.php?rest_route=\/wp\/v2\/types\/post"}],"author":[{"embeddable":true,"href":"https:\/\/dekkbi.com\/index.php?rest_route=\/wp\/v2\/users\/1"}],"replies":[{"embeddable":true,"href":"https:\/\/dekkbi.com\/index.php?rest_route=%2Fwp%2Fv2%2Fcomments&post=27435"}],"version-history":[{"count":1,"href":"https:\/\/dekkbi.com\/index.php?rest_route=\/wp\/v2\/posts\/27435\/revisions"}],"predecessor-version":[{"id":27437,"href":"https:\/\/dekkbi.com\/index.php?rest_route=\/wp\/v2\/posts\/27435\/revisions\/27437"}],"wp:featuredmedia":[{"embeddable":true,"href":"https:\/\/dekkbi.com\/index.php?rest_route=\/wp\/v2\/media\/27436"}],"wp:attachment":[{"href":"https:\/\/dekkbi.com\/index.php?rest_route=%2Fwp%2Fv2%2Fmedia&parent=27435"}],"wp:term":[{"taxonomy":"category","embeddable":true,"href":"https:\/\/dekkbi.com\/index.php?rest_route=%2Fwp%2Fv2%2Fcategories&post=27435"},{"taxonomy":"post_tag","embeddable":true,"href":"https:\/\/dekkbi.com\/index.php?rest_route=%2Fwp%2Fv2%2Ftags&post=27435"}],"curies":[{"name":"wp","href":"https:\/\/api.w.org\/{rel}","templated":true}]}}