{"id":27428,"date":"2023-12-18T10:44:53","date_gmt":"2023-12-18T10:44:53","guid":{"rendered":"https:\/\/dekkbi.com\/?p=27428"},"modified":"2023-12-18T10:48:59","modified_gmt":"2023-12-18T10:48:59","slug":"diourbel-forum-socioeconomique-des-femmes-le-ministre-fatou-diane-annonce-un-financement-de-700-millions","status":"publish","type":"post","link":"https:\/\/dekkbi.com\/?p=27428","title":{"rendered":"Diourbel- forum socio\u00e9conomique des femmes: le ministre Fatou Dian\u00e9 annonce un financement de 700 millions"},"content":{"rendered":"\n<p>Le Forum d\u2019animation socio\u00e9conomique des femmes s\u2019est tenu avant-hier, samedi, \u00e0 Diourbel. Prenant part \u00e0 l\u2019\u00e9v\u00e9nement, le ministre de la Femme, de la Famille, du Genre et de la Protection de l\u2019enfant, Mme Fatou Dian\u00e9 Gueye, a annonc\u00e9 un financement de plus de 700 millions de nos francs pour la r\u00e9gion de Diourbel. Le ministre de la Femme, Mme Fatou Dian\u00e9 Gu\u00e8ye, qui a proc\u00e9d\u00e9 \u00e0 la remise de financement aux femmes de la r\u00e9gion de Diourbel a d\u00e9clar\u00e9 que les demandes et les besoins ont \u00e9t\u00e9 r\u00e9\u00e9valu\u00e9s.<\/p>\n\n\n\n<p><em>\u00abC\u2019est une activit\u00e9 de remobilisation des femmes autour des activit\u00e9s g\u00e9n\u00e9ratrices de revenus. Nous avons&nbsp; \u00e9valu\u00e9 les demandes de financement, nous avons r\u00e9\u00e9valu\u00e9 les besoins en financement, nous avons r\u00e9\u00e9valu\u00e9 les besoins en mat\u00e9riels d\u2019all\u00e8gement des femmes. C\u2019est plus de 400 millions de nos francs&nbsp; pour Diourbel, pour la r\u00e9gion de Diourbel 320 millions. Il y a&nbsp; 7 UDF, Unit\u00e9 de d\u00e9veloppement&nbsp; f\u00e9minine, qui ont re\u00e7u chacune un ch\u00e8que de 10 millions, soit 70 millions, et 5 millions dans chaque commune rurale. 150 millions seront inject\u00e9s dans le d\u00e9partement de Diourbel. Pour Mback\u00e9 150 millions seront&nbsp; inject\u00e9s dont&nbsp; 50 millions dans la commune de Mback\u00e9, 50 millions pour Touba et 50 millions pour la commune de Bambey. A cela vient s\u2019ajouter un financement du PALAM de&nbsp; 89 millions mais aussi des autres programmes du pays\u00bb<\/em>.<\/p>\n\n\n\n<p><strong>ADAMA NDIAYE\u00a0<\/strong><\/p>\n\n\n\n<p>SUDQUOTIDIEN<\/p>\n","protected":false},"excerpt":{"rendered":"<p>Le Forum d\u2019animation socio\u00e9conomique des femmes s\u2019est tenu avant-hier, samedi, \u00e0 Diourbel. Prenant part \u00e0 l\u2019\u00e9v\u00e9nement, le ministre de la<\/p>\n","protected":false},"author":1,"featured_media":27429,"comment_status":"open","ping_status":"open","sticky":false,"template":"","format":"standard","meta":{"footnotes":""},"categories":[3],"tags":[],"class_list":["post-27428","post","type-post","status-publish","format-standard","has-post-thumbnail","hentry","category-event-more-news"],"_links":{"self":[{"href":"https:\/\/dekkbi.com\/index.php?rest_route=\/wp\/v2\/posts\/27428","targetHints":{"allow":["GET"]}}],"collection":[{"href":"https:\/\/dekkbi.com\/index.php?rest_route=\/wp\/v2\/posts"}],"about":[{"href":"https:\/\/dekkbi.com\/index.php?rest_route=\/wp\/v2\/types\/post"}],"author":[{"embeddable":true,"href":"https:\/\/dekkbi.com\/index.php?rest_route=\/wp\/v2\/users\/1"}],"replies":[{"embeddable":true,"href":"https:\/\/dekkbi.com\/index.php?rest_route=%2Fwp%2Fv2%2Fcomments&post=27428"}],"version-history":[{"count":2,"href":"https:\/\/dekkbi.com\/index.php?rest_route=\/wp\/v2\/posts\/27428\/revisions"}],"predecessor-version":[{"id":27431,"href":"https:\/\/dekkbi.com\/index.php?rest_route=\/wp\/v2\/posts\/27428\/revisions\/27431"}],"wp:featuredmedia":[{"embeddable":true,"href":"https:\/\/dekkbi.com\/index.php?rest_route=\/wp\/v2\/media\/27429"}],"wp:attachment":[{"href":"https:\/\/dekkbi.com\/index.php?rest_route=%2Fwp%2Fv2%2Fmedia&parent=27428"}],"wp:term":[{"taxonomy":"category","embeddable":true,"href":"https:\/\/dekkbi.com\/index.php?rest_route=%2Fwp%2Fv2%2Fcategories&post=27428"},{"taxonomy":"post_tag","embeddable":true,"href":"https:\/\/dekkbi.com\/index.php?rest_route=%2Fwp%2Fv2%2Ftags&post=27428"}],"curies":[{"name":"wp","href":"https:\/\/api.w.org\/{rel}","templated":true}]}}