{"id":27368,"date":"2023-12-16T12:01:24","date_gmt":"2023-12-16T12:01:24","guid":{"rendered":"https:\/\/dekkbi.com\/?p=27368"},"modified":"2023-12-16T12:01:24","modified_gmt":"2023-12-16T12:01:24","slug":"je-nai-aucun-espoir-lancien-manager-de-michael-schumacher-fait-part-de-ses-regrets-sur-la-legende-de-la-f1","status":"publish","type":"post","link":"https:\/\/dekkbi.com\/?p=27368","title":{"rendered":"\u201cJe n\u2019ai aucun espoir\u201d: l\u2019ancien manager de Michael Schumacher fait part de ses \u201cregrets\u201d sur la l\u00e9gende de la F1"},"content":{"rendered":"\n<p>Fin d\u00e9cembre, cela fera 10 ans que le septuple champion du monde de F1 Michael Schumacher a \u00e9t\u00e9 victime d\u2019un grave accident de ski \u00e0 M\u00e9ribel, en France. Dans une interview poignante accord\u00e9e \u00e0 L\u2019Express, Willi Weber, ancien manager de \u201cSchumi\u201d, d\u00e9clare qu\u2019il a perdu tout espoir de revoir un jour la l\u00e9gende de la F1.<\/p>\n\n\n\n<p>Schumacher, aujourd\u2019hui \u00e2g\u00e9 de 54 ans, a eu un grave accident de ski en 2013. L\u2019ex-pilote de F1 est tomb\u00e9 contre un rocher et a subi des l\u00e9sions c\u00e9r\u00e9brales. Depuis ce drame, le myst\u00e8re demeure autour de l\u2019ancien champion. Il n\u2019est jamais r\u00e9apparu en public et tr\u00e8s peu de gens savent ce qu\u2019il en est r\u00e9ellement aujourd\u2019hui. M\u00eame Willi Weber est dans l\u2019ignorance.<\/p>\n\n\n\n<p>L\u2019Allemand, \u00e2g\u00e9 de 81 ans, a pourtant assist\u00e9 Schumacher en tant que manager pendant sa carri\u00e8re dans le sport automobile. \u201cJe ne suis pas all\u00e9 rendre visite \u00e0 Michael \u00e0 l\u2019h\u00f4pital imm\u00e9diatement apr\u00e8s son accident et je le regrette encore aujourd\u2019hui. L\u2019accident m\u2019a lourdement pes\u00e9 \u00e9motionnellement\u201d.<\/p>\n\n\n\n<p>\u201c<strong>Jamais de nouvelles positives<\/strong>\u201d.<\/p>\n\n\n\n<p>Pour sa propre sant\u00e9, Weber dit qu\u2019il \u00e9tait n\u00e9cessaire de prendre ses distances avec Schumacher et son entourage apr\u00e8s l\u2019accident. \u201c\u00c0 un moment donn\u00e9, j\u2019ai compris qu\u2019il valait mieux laisser tomber Michael. Et aujourd\u2019hui, je ne nourris plus aucun espoir de le revoir un jour. Pendant ces dix ans, il n\u2019y a jamais eu de nouvelles positives.\u201d<\/p>\n\n\n\n<p>La carri\u00e8re automobile de Mick, le fils de Schumacher, est suivi de pr\u00e8s par Weber. Apr\u00e8s plusieurs saisons m\u00e9diocres, Mick a perdu sa place en Formule 1 et Weber pense que les choses auraient pu \u00eatre diff\u00e9rentes si son p\u00e8re Michael avait \u00e9t\u00e9 \u00e0 ses c\u00f4t\u00e9s. \u201cJe suis convaincu qu\u2019il aurait aid\u00e9 Mick comme je l\u2019ai fait avec Michael lui-m\u00eame. Mick n\u2019aurait alors pas \u00e9t\u00e9 trait\u00e9 de mani\u00e8re aussi malsaine par l\u2019\u00e9quipe Haas et on lui aurait s\u00fbrement donn\u00e9 une seconde chance en F1 aujourd\u2019hui\u201d. Schumacher Jr. \u00e9tait pilote de r\u00e9serve chez Mercedes la saison derni\u00e8re.<\/p>\n","protected":false},"excerpt":{"rendered":"<p>Fin d\u00e9cembre, cela fera 10 ans que le septuple champion du monde de F1 Michael Schumacher a \u00e9t\u00e9 victime d\u2019un<\/p>\n","protected":false},"author":1,"featured_media":27369,"comment_status":"open","ping_status":"open","sticky":false,"template":"","format":"standard","meta":{"footnotes":""},"categories":[9],"tags":[],"class_list":["post-27368","post","type-post","status-publish","format-standard","has-post-thumbnail","hentry","category-sports"],"_links":{"self":[{"href":"https:\/\/dekkbi.com\/index.php?rest_route=\/wp\/v2\/posts\/27368","targetHints":{"allow":["GET"]}}],"collection":[{"href":"https:\/\/dekkbi.com\/index.php?rest_route=\/wp\/v2\/posts"}],"about":[{"href":"https:\/\/dekkbi.com\/index.php?rest_route=\/wp\/v2\/types\/post"}],"author":[{"embeddable":true,"href":"https:\/\/dekkbi.com\/index.php?rest_route=\/wp\/v2\/users\/1"}],"replies":[{"embeddable":true,"href":"https:\/\/dekkbi.com\/index.php?rest_route=%2Fwp%2Fv2%2Fcomments&post=27368"}],"version-history":[{"count":1,"href":"https:\/\/dekkbi.com\/index.php?rest_route=\/wp\/v2\/posts\/27368\/revisions"}],"predecessor-version":[{"id":27370,"href":"https:\/\/dekkbi.com\/index.php?rest_route=\/wp\/v2\/posts\/27368\/revisions\/27370"}],"wp:featuredmedia":[{"embeddable":true,"href":"https:\/\/dekkbi.com\/index.php?rest_route=\/wp\/v2\/media\/27369"}],"wp:attachment":[{"href":"https:\/\/dekkbi.com\/index.php?rest_route=%2Fwp%2Fv2%2Fmedia&parent=27368"}],"wp:term":[{"taxonomy":"category","embeddable":true,"href":"https:\/\/dekkbi.com\/index.php?rest_route=%2Fwp%2Fv2%2Fcategories&post=27368"},{"taxonomy":"post_tag","embeddable":true,"href":"https:\/\/dekkbi.com\/index.php?rest_route=%2Fwp%2Fv2%2Ftags&post=27368"}],"curies":[{"name":"wp","href":"https:\/\/api.w.org\/{rel}","templated":true}]}}