{"id":2736,"date":"2022-11-04T11:06:00","date_gmt":"2022-11-04T11:06:00","guid":{"rendered":"https:\/\/dekkbi.com\/?p=2736"},"modified":"2022-11-04T11:06:01","modified_gmt":"2022-11-04T11:06:01","slug":"projet-de-reseau-gazier-du-senegal-pour-reduire-la-forte-dependance-du-pays-au-fioul","status":"publish","type":"post","link":"https:\/\/dekkbi.com\/?p=2736","title":{"rendered":"Projet de R\u00e9seau gazier du S\u00e9n\u00e9gal : Pour \u00abr\u00e9duire la forte d\u00e9pendance\u00bb du pays au fioul"},"content":{"rendered":"\n<p><a href=\"https:\/\/lequotidien.sn\/author\/aicha\/\"><\/a><em>by<\/em>Lequotidien\u00a0<\/p>\n\n\n\n<p>Le projet de R\u00e9seau gazier du S\u00e9n\u00e9gal, attendu pour \u00abr\u00e9duire la forte d\u00e9pendance\u00bb du pays au fioul par l\u2019utilisation du gaz, \u00abplus propre et moins co\u00fbteux\u00bb, devrait \u00e0 terme contribuer \u00e0 l\u2019acc\u00e8s universel \u00e0 l\u2019\u00e9lectricit\u00e9.<\/p>\n\n\n\n<p>Ce projet a \u00e9t\u00e9 pr\u00e9sent\u00e9 hier \u00e0 Dakar, au cours d\u2019un Comit\u00e9 r\u00e9gional de d\u00e9veloppement (Crd), d\u2019information et de partage pr\u00e9sid\u00e9 par l\u2019adjoint au Gouverneur, Assane Gu\u00e8ye, en pr\u00e9sence notamment des pr\u00e9fets, sous-pr\u00e9fets et maires des communes du d\u00e9partement de Rufisque.<\/p>\n\n\n\n<p>Il y avait aussi le Secr\u00e9taire g\u00e9n\u00e9ral du minist\u00e8re du P\u00e9trole et des \u00e9nergies, Cheikh Niane, ainsi que les autres parties prenantes, en l\u2019occurrence les services de l\u2019Etat concern\u00e9s par ce projet.<\/p>\n\n\n\n<p>Selon l\u2019adjoint au Gouverneur de Dakar, \u00abce projet est d\u2019une importance capitale\u00bb, en ce qu\u2019il devrait permettre \u00e0 terme de r\u00e9duire la forte d\u00e9pendance du pays au fioul dans la production d\u2019\u00e9lectricit\u00e9, en utilisant le gaz, \u00abplus propre et moins co\u00fbteux\u00bb.<\/p>\n\n\n\n<p>Assane Gu\u00e8ye a signal\u00e9 que le r\u00e9seau de gazoducs, devant acheminer le gaz aux centrales \u00e9lectriques du Cap des Biches, va traverser plusieurs communes du d\u00e9partement de Rufisque. \u00abDonc n\u00e9cessairement, il y aura des impact\u00e9s. Mais il s\u2019agit d\u2019un projet important qui va faciliter l\u2019acc\u00e8s universel \u00e0 l\u2019\u00e9lectricit\u00e9\u00bb, a-t-il ajout\u00e9.<\/p>\n\n\n\n<p>\u00abAvec les d\u00e9couvertes du p\u00e9trole et du gaz sur le territoire national, il est permis d\u2019avoir de l\u2019espoir\u00bb, a d\u00e9clar\u00e9 pour sa part le Sg du minist\u00e8re du P\u00e9trole et des \u00e9nergies dont une copie du discours a \u00e9t\u00e9 transmise \u00e0 l\u2019Agence de presse s\u00e9n\u00e9galaise (Aps).<\/p>\n\n\n\n<p>Le gisement Grand Tortue Ahmeyin (Gta), \u00e0 la fronti\u00e8re s\u00e9n\u00e9galo-mauritanienne, et celui dit Yaakar Teranga, au large de Cayar, \u00abregorgeant de suffisamment de ressources gazi\u00e8res pouvant permettre au S\u00e9n\u00e9gal d\u2019atteindre ses objectifs en mati\u00e8re d\u2019acc\u00e8s \u00e0 l\u2019\u00e9lectricit\u00e9 et aux services \u00e9nerg\u00e9tiques de qualit\u00e9\u00bb, a dit M.&nbsp;Niane.<\/p>\n\n\n\n<p>Pour ce faire, le minist\u00e8re du P\u00e9trole et des \u00e9nergies \u00abest en train de mettre en \u0153uvre la Strat\u00e9gie gas-to-power\u00bb, adopt\u00e9e en Conseil des ministres en novembre 2018 et qui vise l\u2019ind\u00e9pendance \u00e9nerg\u00e9tique du S\u00e9n\u00e9gal.<br>Cette strat\u00e9gie devrait \u00e9galement se traduire par la r\u00e9duction du co\u00fbt de l\u2019\u00e9nergie, \u00abla suppression de la compensation\u00bb que l\u2019Etat verse \u00e0 la Senelec, la Soci\u00e9t\u00e9 nationale d\u2019\u00e9lectricit\u00e9, et l\u2019acc\u00e8s universel \u00abd\u2019ici 2025\u00bb.<\/p>\n\n\n\n<p>\u00abL\u2019atteinte de ces objectifs n\u00e9cessite de s\u2019appuyer sur certains instrument,s parmi lesquels un r\u00e9seau de gazoducs fiable et moderne \u00e0 m\u00eame d\u2019apporter le gaz naturel jusqu\u2019aux centrales \u00e9lectriques principalement\u00bb, selon Cheikh Niane.<\/p>\n\n\n\n<p>Aussi, la soci\u00e9t\u00e9 R\u00e9seau gazier du S\u00e9n\u00e9gal (Rgs) a \u00e9t\u00e9 cr\u00e9\u00e9e \u00abpour porter cet ambitieux projet\u00bb dont les \u00e9tudes techniques, sociales et environnementales sont d\u00e9j\u00e0 \u00abr\u00e9solument\u00bb engag\u00e9es.<\/p>\n\n\n\n<p>\u00abLes d\u00e9fis sont multiples, car les activit\u00e9s de Rgs sont parfaitement corr\u00e9l\u00e9es aux projets gaziers en cours. Dans de telles circonstances, les d\u00e9lais sont tr\u00e8s serr\u00e9s et les exigences tr\u00e8s \u00e9lev\u00e9es\u00bb, a-t-il ajout\u00e9.<\/p>\n\n\n\n<p>Selon M.&nbsp;Niane, le minist\u00e8re du P\u00e9trole et des \u00e9nergies compte sur l\u2019ensemble des acteurs pour relever les d\u00e9fis li\u00e9s \u00e0 l\u2019\u00e9tude d\u2019impact environnemental et au Plan de r\u00e9installation et de compensation.<\/p>\n\n\n\n<p>Le Directeur g\u00e9n\u00e9ral du R\u00e9seau gazier du S\u00e9n\u00e9gal (Rgs), Joseph M\u00e9dou, a pr\u00e9sent\u00e9 le projet en insistant sur le r\u00e9sultat attendu, qui est de baisser les facteurs de production de l\u2019\u00e9lectricit\u00e9, ce qui devrait se traduire par une baisse de la facture pour les m\u00e9nages et industriels.<\/p>\n","protected":false},"excerpt":{"rendered":"<p>byLequotidien\u00a0 Le projet de R\u00e9seau gazier du S\u00e9n\u00e9gal, attendu pour \u00abr\u00e9duire la forte d\u00e9pendance\u00bb du pays au fioul par l\u2019utilisation<\/p>\n","protected":false},"author":1,"featured_media":2553,"comment_status":"open","ping_status":"open","sticky":false,"template":"","format":"standard","meta":{"footnotes":""},"categories":[3],"tags":[],"class_list":["post-2736","post","type-post","status-publish","format-standard","has-post-thumbnail","hentry","category-event-more-news"],"_links":{"self":[{"href":"https:\/\/dekkbi.com\/index.php?rest_route=\/wp\/v2\/posts\/2736","targetHints":{"allow":["GET"]}}],"collection":[{"href":"https:\/\/dekkbi.com\/index.php?rest_route=\/wp\/v2\/posts"}],"about":[{"href":"https:\/\/dekkbi.com\/index.php?rest_route=\/wp\/v2\/types\/post"}],"author":[{"embeddable":true,"href":"https:\/\/dekkbi.com\/index.php?rest_route=\/wp\/v2\/users\/1"}],"replies":[{"embeddable":true,"href":"https:\/\/dekkbi.com\/index.php?rest_route=%2Fwp%2Fv2%2Fcomments&post=2736"}],"version-history":[{"count":1,"href":"https:\/\/dekkbi.com\/index.php?rest_route=\/wp\/v2\/posts\/2736\/revisions"}],"predecessor-version":[{"id":2737,"href":"https:\/\/dekkbi.com\/index.php?rest_route=\/wp\/v2\/posts\/2736\/revisions\/2737"}],"wp:featuredmedia":[{"embeddable":true,"href":"https:\/\/dekkbi.com\/index.php?rest_route=\/wp\/v2\/media\/2553"}],"wp:attachment":[{"href":"https:\/\/dekkbi.com\/index.php?rest_route=%2Fwp%2Fv2%2Fmedia&parent=2736"}],"wp:term":[{"taxonomy":"category","embeddable":true,"href":"https:\/\/dekkbi.com\/index.php?rest_route=%2Fwp%2Fv2%2Fcategories&post=2736"},{"taxonomy":"post_tag","embeddable":true,"href":"https:\/\/dekkbi.com\/index.php?rest_route=%2Fwp%2Fv2%2Ftags&post=2736"}],"curies":[{"name":"wp","href":"https:\/\/api.w.org\/{rel}","templated":true}]}}