{"id":27359,"date":"2023-12-16T11:37:20","date_gmt":"2023-12-16T11:37:20","guid":{"rendered":"https:\/\/dekkbi.com\/?p=27359"},"modified":"2023-12-16T11:37:20","modified_gmt":"2023-12-16T11:37:20","slug":"cote-divoire-la-justice-suspend-in-extremis-le-congres-du-parti-dopposition-pdci","status":"publish","type":"post","link":"https:\/\/dekkbi.com\/?p=27359","title":{"rendered":"C\u00f4te d\u2019Ivoire: la justice suspend \u00abin extremis\u00bb le congr\u00e8s du parti d\u2019opposition PDCI"},"content":{"rendered":"\n<p>En C\u00f4te d&rsquo;Ivoire, alors que le congr\u00e8s du PDCI devait se d\u00e9rouler samedi 16 d\u00e9cembre, sa tenue a \u00e9t\u00e9 suspendue in extremis par une ordonnance en r\u00e9f\u00e9r\u00e9 du tribunal de Grande instance d\u2019Abidjan (TGI). Le parti esp\u00e9rait d\u00e9signer le successeur de l\u2019ex-pr\u00e9sident Henri Konan B\u00e9di\u00e9 d\u00e9c\u00e9d\u00e9 le 1er aout, et qui a dirig\u00e9 le parti pendant pr\u00e8s de 30 ans.<\/p>\n\n\n\n<p>Selon cette d\u00e9cision que RFI a pu consulter, deux militants du PDCI ont d\u00e9pos\u00e9 un recours en justice contre la tenue de ce congr\u00e8s extraordinaire du parti d&rsquo;opposition. Ces militants font \u00e9tat de plusieurs griefs contre l&rsquo;organisation du congr\u00e8s. Il devait permettre de choisir un nouveau pr\u00e9sident au Parti pour succ\u00e9der \u00e0 Henri Konan B\u00e9di\u00e9.<\/p>\n\n\n\n<h2 class=\"wp-block-heading\">Tractations<\/h2>\n\n\n\n<p>Apr\u00e8s tractations, le congr\u00e8s devait\u00a0<strong>d\u00e9gager un consensus<\/strong>\u00a0entre les deux principaux choix de leader\u00a0: le financier Tidjiane Thiam et le maire de Cocody Jean-Marc Yac\u00e9.<\/p>\n\n\n\n<p>Les militants \u00e0 l\u2019origine du recours en justice jugent son organisation opaque et estiment surtout que le secr\u00e9taire ex\u00e9cutif du parti et d\u00e9put\u00e9 Maurice Kakou Guikahu\u00e9 a \u00e9t\u00e9 injustement \u00e9cart\u00e9 de la course \u00e0 la pr\u00e9sidence du PDCI alors qu&rsquo;il remplissait les\u00a0<strong>crit\u00e8res de candidature<\/strong>.<\/p>\n\n\n\n<h2 class=\"wp-block-heading\">Confusion<\/h2>\n\n\n\n<p>Le TGI d&rsquo;Abidjan a jug\u00e9 le recours recevable, estimant que \u00ab&nbsp;<em>les irr\u00e9gularit\u00e9s d\u00e9nonc\u00e9es<\/em>&nbsp;\u00bb risquent de \u00ab&nbsp;<em>compromettre l&rsquo;\u00e9lection du nouveau pr\u00e9sident du PDCI<\/em>&nbsp;\u00bb voire \u00ab&nbsp;<em>d&rsquo;engendrer des troubles \u00e0 l&rsquo;ordre public<\/em>&nbsp;\u00bb, cette requ\u00eate et prononce la suspension du congr\u00e8s et son report.<\/p>\n\n\n\n<p>La confusion r\u00e9gnait samedi matin \u00e0 l&rsquo;aube chez les cadres du PDCI\u00a0: beaucoup n&rsquo;\u00e9taient pas au courant de cette ordonnance en r\u00e9f\u00e9r\u00e9 du tribunal de Grande instance d&rsquo;Abidjan, prise vendredi soir.<\/p>\n\n\n\n<p><a href=\"https:\/\/paid.outbrain.com\/network\/redir?p=v0pebUXUnG1uqu8lkGMcZCyw0Bc0-3hnPVN_ZV_bu5OQnRpsEKW9oE6POUA6WgWK3irIfJvnmIZzgRWZMuB5atRgououtyGPZNZED7qzIldbfEhmuR9BfSWjjERvvFAI9xnVIFVQEZ0vfieAA7jYROS32uM6jX5ZEw5Z6kyGacJZ3rqYI80KdRVXsjyll1P0TSr0ayQGY2OrX6M4cEJF9t3scxHc-cZ1myCze6jn8UuB2lsnXv3dE2TiObnoRM-5SMfpSgfQlFEpzGPrXsgJY-Q1iAY7l-_cdDoR_cb0nizL4B3PC2AI2T94eaaj-h0Ncj-OKRNXoqRfwn4eJlwS3xtyHudDmBPlfEA216iUAewItI3IyPGtDbueLhtDXi7ZMxJkQtXLrzj6GNq3h9yUbNDlOWPF7q6kEX9pUb_fmaiIsMeLCQXAX3ai0Rkwvcafp6c5JQNbda1AcEm_MNH58CPhxb9abaJAYoSjfESBpOurv0K3x3R_8xT7GN-AVsspGEw652Mkacdd9o0UUBLje6TJ5N2Loj-gtwQBdNevYvTCl5LqWxhdQGUcalOga9q2JMVw-lRnaXuhevtDo58ns4-yjnbtFb7N6NjJs5wpgE1YAWcPqJbJt9FpNGaP5K2ilti5pCWuRTSP0EjSVTFVzdM2Xtp50ngbZEpEpn5jnI9hnRRWchw3Us_p5J3zTotUfQA3qSWUOYuYius7NxF4zgXyexTx4EmeYUXhGh0hRlCxSoAbqkgE4QHOQVPh2PzZWgG-R4rwK9AtMO8TWX0ycnQ1r--NOakvSLl4nWkHhlMc6fLyocEdjbEGr6aExRl-M6q0qX7bZ69Vgzs-xQSb6WZtvGdwDkWxIIdMVrQz3-qydjEetJBMrc2kA_q9S06-1L2nXfDsgZocTTleqh8vc8MLkIBAv1jlm6Ru6jnwDCZLa-ycvSSzuggU--GlmL0WEvrdOaZJ9EwttMJhmhPWLGjAe5W91wVOLjKh7MH38Od2BzU6CPvcTR6goerRbvAM9ukYmg1IJww86ycCF6HJOTNDxJ9qQPRmrubdPySyMAaWY86wPz9tIe9D4HjOmbYozL1y7ewchYr2SgIj_6MNb3akpwo0vnOIdBGehFnAmfeEb-L-XHaO88h9lMXJVeCOm_LBQ_ISRyTwGLr3alYuNqUBqN5Jfg6iy2vDM0qxg1tHxL8Bg3M81NZ9cho6vDZyWezdIShPedbfmfPB9_ixho0N59i0109raYTCLMTDh7TFJmBFtYJc00YwTwMmhqDAjVu4sQRf3KqYQ9ur6kfQob22NMQeBxf0-l1mRSEI2UPm2YE_UxflUvD54eLaxLAjjFdBsCO394opCEDDE7qjIdS0gU1NxCUzsPffa1JHr2IRNo1yU7BQP9aJBuBwHx1RSvpNq7B_o4x8Ixil8_-U3FR3WvU42-BKw3a4CzVJGSz5lr4i_o0r8xhO_YcHC0BJAfARGnr-K2uCQd1qsTCtydWMuT0lZdkCilq1bjcJHME4Fu1AYL8rTeeicFQk_roN&amp;c=af8cac27&amp;v=4\"><\/a><\/p>\n","protected":false},"excerpt":{"rendered":"<p>En C\u00f4te d&rsquo;Ivoire, alors que le congr\u00e8s du PDCI devait se d\u00e9rouler samedi 16 d\u00e9cembre, sa tenue a \u00e9t\u00e9 suspendue<\/p>\n","protected":false},"author":1,"featured_media":27360,"comment_status":"open","ping_status":"open","sticky":false,"template":"","format":"standard","meta":{"footnotes":""},"categories":[51],"tags":[],"class_list":["post-27359","post","type-post","status-publish","format-standard","has-post-thumbnail","hentry","category-general"],"_links":{"self":[{"href":"https:\/\/dekkbi.com\/index.php?rest_route=\/wp\/v2\/posts\/27359","targetHints":{"allow":["GET"]}}],"collection":[{"href":"https:\/\/dekkbi.com\/index.php?rest_route=\/wp\/v2\/posts"}],"about":[{"href":"https:\/\/dekkbi.com\/index.php?rest_route=\/wp\/v2\/types\/post"}],"author":[{"embeddable":true,"href":"https:\/\/dekkbi.com\/index.php?rest_route=\/wp\/v2\/users\/1"}],"replies":[{"embeddable":true,"href":"https:\/\/dekkbi.com\/index.php?rest_route=%2Fwp%2Fv2%2Fcomments&post=27359"}],"version-history":[{"count":1,"href":"https:\/\/dekkbi.com\/index.php?rest_route=\/wp\/v2\/posts\/27359\/revisions"}],"predecessor-version":[{"id":27361,"href":"https:\/\/dekkbi.com\/index.php?rest_route=\/wp\/v2\/posts\/27359\/revisions\/27361"}],"wp:featuredmedia":[{"embeddable":true,"href":"https:\/\/dekkbi.com\/index.php?rest_route=\/wp\/v2\/media\/27360"}],"wp:attachment":[{"href":"https:\/\/dekkbi.com\/index.php?rest_route=%2Fwp%2Fv2%2Fmedia&parent=27359"}],"wp:term":[{"taxonomy":"category","embeddable":true,"href":"https:\/\/dekkbi.com\/index.php?rest_route=%2Fwp%2Fv2%2Fcategories&post=27359"},{"taxonomy":"post_tag","embeddable":true,"href":"https:\/\/dekkbi.com\/index.php?rest_route=%2Fwp%2Fv2%2Ftags&post=27359"}],"curies":[{"name":"wp","href":"https:\/\/api.w.org\/{rel}","templated":true}]}}