{"id":27356,"date":"2023-12-16T11:27:46","date_gmt":"2023-12-16T11:27:46","guid":{"rendered":"https:\/\/dekkbi.com\/?p=27356"},"modified":"2023-12-16T11:27:47","modified_gmt":"2023-12-16T11:27:47","slug":"koweit-lemir-cheikh-nawaf-al-ahmad-al-sabah-est-mort-a-lage-de-86-ans","status":"publish","type":"post","link":"https:\/\/dekkbi.com\/?p=27356","title":{"rendered":"Kowe\u00eft: l&rsquo;\u00e9mir Cheikh Nawaf al-Ahmad Al-Sabah est mort \u00e0 l&rsquo;\u00e2ge de 86 ans"},"content":{"rendered":"\n<p>L&rsquo;\u00e9mir du Kowe\u00eft, Cheikh Nawaf al-Ahmad Al-Sabah, est d\u00e9c\u00e9d\u00e9, samedi 16 d\u00e9cembre, \u00e0 l&rsquo;\u00e2ge de 86 ans, a annonc\u00e9 le Palais de l&rsquo;\u00e9mir, apr\u00e8s un mandat de trois ans marqu\u00e9 par des conflits politiques \u00e0 r\u00e9p\u00e9tition \u00e0 la t\u00eate de ce pays du Golfe riche en p\u00e9trole.<\/p>\n\n\n\n<p>\u00ab<em>&nbsp;Avec une grande tristesse, nous pleurons la mort de Cheikh Nawaf al-Ahmad Al-Sabah, \u00e9mir de l&rsquo;\u00c9tat du Kowe\u00eft<\/em>&nbsp;\u00bb, a indiqu\u00e9, samedi 16 d\u00e9cembre, un communiqu\u00e9 diffus\u00e9 \u00e0 la t\u00e9l\u00e9vision d&rsquo;\u00c9tat kowe\u00eftienne. Celle-ci avait auparavant interrompu ses programmes et diffus\u00e9 des versets du Coran. En novembre 2023, cheikh Nawaf avait \u00e9t\u00e9 admis \u00e0 l&rsquo;h\u00f4pital \u00ab&nbsp;<em>en raison d&rsquo;un probl\u00e8me de sant\u00e9 urgent<\/em>&nbsp;\u00bb, a \u00e9crit l&rsquo;agence de presse officielle Kuna, qui n&rsquo;a pas donn\u00e9 de d\u00e9tails sur sa maladie.<\/p>\n\n\n\n<h2 class=\"wp-block-heading\">Une profonde crise<\/h2>\n\n\n\n<p>Par la suite, Il a \u00e9t\u00e9 d\u00e9clar\u00e9 dans un \u00e9tat stable. Compte tenu de son \u00e2ge, sa sant\u00e9 a souvent \u00e9t\u00e9 une pr\u00e9occupation pendant son mandat. Cheikh Nawaf a \u00e9t\u00e9 nomm\u00e9 prince h\u00e9ritier en 2006 par son demi-fr\u00e8re, Cheikh Sabah al-Ahmad Al-Sabah, et a pris la rel\u00e8ve en tant qu&rsquo;\u00e9mir \u00e0 sa mort en septembre 2020 \u00e0 l&rsquo;\u00e2ge de 91 ans. Riche \u00c9tat p\u00e9trolier du Golfe, le Kowe\u00eft est plong\u00e9 depuis plusieurs ann\u00e9es dans une profonde crise entre les pouvoirs ex\u00e9cutif et l\u00e9gislatif qui sape les espoirs de r\u00e9formes.<\/p>\n\n\n\n<p>N\u00e9 en 1937, cheikh Nawaf \u00e9tait le cinqui\u00e8me fils de l&rsquo;ancien \u00e9mir cheikh Ahmad al-Jaber Al-Sabah (1921-1950). Il a commenc\u00e9 sa carri\u00e8re politique \u00e0 25 ans en tant que gouverneur de la province de Hawalli, avant de lancer sa carri\u00e8re minist\u00e9rielle.\u00a0<\/p>\n\n\n\n<p>Arriv\u00e9 au pouvoir, il a d\u00fb g\u00e9rer une crise d&rsquo;ordre \u00e9conomique provoqu\u00e9e par une chute des prix du p\u00e9trole, qui a vu la note souveraine du pays abaiss\u00e9e par les agences de notation en 2020. Sur le plan diplomatique, il a gard\u00e9 le\u00a0<em>statu quo<\/em>, pr\u00e9f\u00e9rant ne pas nouer de relations avec Isra\u00ebl comme l&rsquo;ont fait ses voisins de Bahre\u00efn et des \u00c9mirats arabes unis. Il a \u00e9galement maintenu des relations \u00e9quilibr\u00e9es avec l&rsquo;Arabie saoudite et l&rsquo;Iran, les deux grands rivaux de la r\u00e9gion.<\/p>\n\n\n\n<h2 class=\"wp-block-heading\">Un dirigeant plus jeune&nbsp;?<\/h2>\n\n\n\n<p>L&rsquo;actuel prince h\u00e9ritier, Mechaal al-Ahmad al-Jaber al-Sabah, demi-fr\u00e8re de l&rsquo;\u00e9mir est \u00e2g\u00e9 de 83 ans, et la question qui se pose d\u00e9sormais est de savoir si la famille princi\u00e8re va se choisir un dirigeant plus jeune. Le Kowe\u00eft, pays conservateur o\u00f9 les pouvoirs souverains restent concentr\u00e9s entre les mains de la famille Al-Sabah au pouvoir, abrite n\u00e9anmoins le Parlement le plus actif et le plus puissant du Golfe.<\/p>\n\n\n\n<p>(<em>Avec AFP<\/em>)<\/p>\n","protected":false},"excerpt":{"rendered":"<p>L&rsquo;\u00e9mir du Kowe\u00eft, Cheikh Nawaf al-Ahmad Al-Sabah, est d\u00e9c\u00e9d\u00e9, samedi 16 d\u00e9cembre, \u00e0 l&rsquo;\u00e2ge de 86 ans, a annonc\u00e9 le<\/p>\n","protected":false},"author":1,"featured_media":27357,"comment_status":"open","ping_status":"open","sticky":false,"template":"","format":"standard","meta":{"footnotes":""},"categories":[51],"tags":[],"class_list":["post-27356","post","type-post","status-publish","format-standard","has-post-thumbnail","hentry","category-general"],"_links":{"self":[{"href":"https:\/\/dekkbi.com\/index.php?rest_route=\/wp\/v2\/posts\/27356","targetHints":{"allow":["GET"]}}],"collection":[{"href":"https:\/\/dekkbi.com\/index.php?rest_route=\/wp\/v2\/posts"}],"about":[{"href":"https:\/\/dekkbi.com\/index.php?rest_route=\/wp\/v2\/types\/post"}],"author":[{"embeddable":true,"href":"https:\/\/dekkbi.com\/index.php?rest_route=\/wp\/v2\/users\/1"}],"replies":[{"embeddable":true,"href":"https:\/\/dekkbi.com\/index.php?rest_route=%2Fwp%2Fv2%2Fcomments&post=27356"}],"version-history":[{"count":1,"href":"https:\/\/dekkbi.com\/index.php?rest_route=\/wp\/v2\/posts\/27356\/revisions"}],"predecessor-version":[{"id":27358,"href":"https:\/\/dekkbi.com\/index.php?rest_route=\/wp\/v2\/posts\/27356\/revisions\/27358"}],"wp:featuredmedia":[{"embeddable":true,"href":"https:\/\/dekkbi.com\/index.php?rest_route=\/wp\/v2\/media\/27357"}],"wp:attachment":[{"href":"https:\/\/dekkbi.com\/index.php?rest_route=%2Fwp%2Fv2%2Fmedia&parent=27356"}],"wp:term":[{"taxonomy":"category","embeddable":true,"href":"https:\/\/dekkbi.com\/index.php?rest_route=%2Fwp%2Fv2%2Fcategories&post=27356"},{"taxonomy":"post_tag","embeddable":true,"href":"https:\/\/dekkbi.com\/index.php?rest_route=%2Fwp%2Fv2%2Ftags&post=27356"}],"curies":[{"name":"wp","href":"https:\/\/api.w.org\/{rel}","templated":true}]}}