{"id":27296,"date":"2023-12-15T14:39:44","date_gmt":"2023-12-15T14:39:44","guid":{"rendered":"https:\/\/dekkbi.com\/?p=27296"},"modified":"2023-12-15T14:39:46","modified_gmt":"2023-12-15T14:39:46","slug":"ue-la-hongrie-conditionne-laide-financiere-a-lukraine-a-la-reception-de-fonds-geles","status":"publish","type":"post","link":"https:\/\/dekkbi.com\/?p=27296","title":{"rendered":"UE: la Hongrie conditionne l\u2019aide financi\u00e8re \u00e0 l\u2019Ukraine \u00e0 la r\u00e9ception de fonds gel\u00e9s"},"content":{"rendered":"\n<p>Le deuxi\u00e8me jour du sommet europ\u00e9en organis\u00e9 \u00e0 Bruxelles s\u2019est sold\u00e9 par un r\u00e9sultat mitig\u00e9 pour les Ukrainiens. Si les n\u00e9gociations d&rsquo;adh\u00e9sion avec l\u2019Union europ\u00e9enne ont officiellement pu \u00eatre ouverte gr\u00e2ce \u00e0 la lev\u00e9e du veto du Premier ministre hongrois, l\u2019UE n\u2019est pas parvenue \u00e0 un accord sur une aide financi\u00e8re. Bruxelles devait apporter 50 milliards d\u2019euros \u00e0 l\u2019Ukraine, point sur lequel Viktor Orban reste inflexible.<\/p>\n\n\n\n<p>Le Premier ministre hongrois Viktor Orban d\u00e9cid\u00e9 d\u2019abattre toutes ses cartes en posant clairement ses conditions vendredi 15 d\u00e9cembre. Interrog\u00e9 sur une radio hongroise, il a fait un lien direct entre\u00a0<strong>cette aide financi\u00e8re \u00e0 l\u2019Ukraine<\/strong>\u00a0et les fonds que son pays esp\u00e8re recevoir et qui sont gel\u00e9s par l\u2019Union europ\u00e9enne, rapporte notre envoy\u00e9 sp\u00e9cial \u00e0 Bruxelles,\u00a0<strong>Daniel Vallot<\/strong>.<\/p>\n\n\n\n<p>La Hongrie ne peut pas toucher ce montant en raison des atteintes \u00e0 l\u2019\u00c9tat de droit qui lui sont reproch\u00e9es par Bruxelles. Si l\u2019UE veut modifier ses r\u00e8gles budg\u00e9taires pour aider l\u2019Ukraine, a dit le dirigeant hongrois, ce serait \u00ab&nbsp;<em>une excellente occasion de dire que la Hongrie devrait recevoir l&rsquo;argent auquel elle a droit<\/em>&nbsp;\u00bb.<\/p>\n\n\n\n<p>\u00c0 la veille de ce sommet europ\u00e9en, la Commission a d\u00e9j\u00e0 accept\u00e9 de\u00a0<strong>d\u00e9bloquer 10 milliards d\u2019euros<\/strong>. Cette proximit\u00e9 de calendrier lui a d&rsquo;ailleurs \u00e9t\u00e9 vivement reproch\u00e9 \u00e0 la Commission, de nombreux eurod\u00e9put\u00e9s accusant l&rsquo;Europe de c\u00e9der\u00a0<strong>au chantage exerc\u00e9 par la Hongrie<\/strong>.<\/p>\n\n\n\n<p>Du c\u00f4t\u00e9 des dirigeants europ\u00e9ens cependant, on r\u00e9fute ces accusations\u00a0: \u00ab\u00a0<em>les fonds seront d\u00e9gel\u00e9s uniquement s\u2019il y a des progr\u00e8s r\u00e9els de la part de la Hongrie<\/em>\u00a0\u00bb, a d\u00e9clar\u00e9 vendredi matin le Premier ministre belge Alexander de Croo. Le dirigeant belge va assurer \u00e0 partir du 1\u1d49\u02b3 janvier la pr\u00e9sidence semestrielle du Conseil de l\u2019Union europ\u00e9enne, et aura donc la lourde charge de piloter ces n\u00e9gociations avec la Hongrie, pour que, sur ce point \u00e9galement, Viktor Orban n\u2019entrave pas le\u00a0<strong>soutien de l\u2019Europe \u00e0 l\u2019Ukraine<\/strong>.<\/p>\n\n\n\n<h2 class=\"wp-block-heading\">Le seul moyen de pression de la Hongrie sur l&rsquo;UE<\/h2>\n\n\n\n<p>D&rsquo;apr\u00e8s le politiste Jean-Dominique Giulani, de la Fondation Robert Schuman, Viktor Orban bloque l\u2019aide financi\u00e8re pour l\u2019Ukraine car il s\u2019agit du seul moyen de pression qu\u2019il aurait pour obtenir le versement des fonds europ\u00e9ens dont la Hongrie a \u00e9t\u00e9 priv\u00e9e ces derniers mois, pour non-respect des r\u00e8gles de l\u2019\u00c9tat de droit.<\/p>\n\n\n\n<p>Le Premier ministre hongrois Viktor Orban d\u00e9cid\u00e9 d\u2019abattre toutes ses cartes en posant clairement ses conditions vendredi 15 d\u00e9cembre. Interrog\u00e9 sur une radio hongroise, il a fait un lien direct entre\u00a0<strong>cette aide financi\u00e8re \u00e0 l\u2019Ukraine<\/strong>\u00a0et les fonds que son pays esp\u00e8re recevoir et qui sont gel\u00e9s par l\u2019Union europ\u00e9enne, rapporte notre envoy\u00e9 sp\u00e9cial \u00e0 Bruxelles,\u00a0<strong>Daniel Vallot<\/strong>.<\/p>\n\n\n\n<p>La Hongrie ne peut pas toucher ce montant en raison des atteintes \u00e0 l\u2019\u00c9tat de droit qui lui sont reproch\u00e9es par Bruxelles. Si l\u2019UE veut modifier ses r\u00e8gles budg\u00e9taires pour aider l\u2019Ukraine, a dit le dirigeant hongrois, ce serait \u00ab&nbsp;<em>une excellente occasion de dire que la Hongrie devrait recevoir l&rsquo;argent auquel elle a droit<\/em>&nbsp;\u00bb.<\/p>\n\n\n\n<p>\u00c0 la veille de ce sommet europ\u00e9en, la Commission a d\u00e9j\u00e0 accept\u00e9 de\u00a0<strong>d\u00e9bloquer 10 milliards d\u2019euros<\/strong>. Cette proximit\u00e9 de calendrier lui a d&rsquo;ailleurs \u00e9t\u00e9 vivement reproch\u00e9 \u00e0 la Commission, de nombreux eurod\u00e9put\u00e9s accusant l&rsquo;Europe de c\u00e9der\u00a0<strong>au chantage exerc\u00e9 par la Hongrie<\/strong>.<\/p>\n\n\n\n<p>Du c\u00f4t\u00e9 des dirigeants europ\u00e9ens cependant, on r\u00e9fute ces accusations\u00a0: \u00ab\u00a0<em>les fonds seront d\u00e9gel\u00e9s uniquement s\u2019il y a des progr\u00e8s r\u00e9els de la part de la Hongrie<\/em>\u00a0\u00bb, a d\u00e9clar\u00e9 vendredi matin le Premier ministre belge Alexander de Croo. Le dirigeant belge va assurer \u00e0 partir du 1\u1d49\u02b3 janvier la pr\u00e9sidence semestrielle du Conseil de l\u2019Union europ\u00e9enne, et aura donc la lourde charge de piloter ces n\u00e9gociations avec la Hongrie, pour que, sur ce point \u00e9galement, Viktor Orban n\u2019entrave pas le\u00a0<strong>soutien de l\u2019Europe \u00e0 l\u2019Ukraine<\/strong>.<\/p>\n\n\n\n<h2 class=\"wp-block-heading\">Le seul moyen de pression de la Hongrie sur l&rsquo;UE<\/h2>\n\n\n\n<p>D&rsquo;apr\u00e8s le politiste Jean-Dominique Giulani, de la Fondation Robert Schuman, Viktor Orban bloque l\u2019aide financi\u00e8re pour l\u2019Ukraine car il s\u2019agit du seul moyen de pression qu\u2019il aurait pour obtenir le versement des fonds europ\u00e9ens dont la Hongrie a \u00e9t\u00e9 priv\u00e9e ces derniers mois, pour non-respect des r\u00e8gles de l\u2019\u00c9tat de droit.<\/p>\n","protected":false},"excerpt":{"rendered":"<p>Le deuxi\u00e8me jour du sommet europ\u00e9en organis\u00e9 \u00e0 Bruxelles s\u2019est sold\u00e9 par un r\u00e9sultat mitig\u00e9 pour les Ukrainiens. Si les<\/p>\n","protected":false},"author":1,"featured_media":27297,"comment_status":"open","ping_status":"open","sticky":false,"template":"","format":"standard","meta":{"footnotes":""},"categories":[51],"tags":[],"class_list":["post-27296","post","type-post","status-publish","format-standard","has-post-thumbnail","hentry","category-general"],"_links":{"self":[{"href":"https:\/\/dekkbi.com\/index.php?rest_route=\/wp\/v2\/posts\/27296","targetHints":{"allow":["GET"]}}],"collection":[{"href":"https:\/\/dekkbi.com\/index.php?rest_route=\/wp\/v2\/posts"}],"about":[{"href":"https:\/\/dekkbi.com\/index.php?rest_route=\/wp\/v2\/types\/post"}],"author":[{"embeddable":true,"href":"https:\/\/dekkbi.com\/index.php?rest_route=\/wp\/v2\/users\/1"}],"replies":[{"embeddable":true,"href":"https:\/\/dekkbi.com\/index.php?rest_route=%2Fwp%2Fv2%2Fcomments&post=27296"}],"version-history":[{"count":1,"href":"https:\/\/dekkbi.com\/index.php?rest_route=\/wp\/v2\/posts\/27296\/revisions"}],"predecessor-version":[{"id":27298,"href":"https:\/\/dekkbi.com\/index.php?rest_route=\/wp\/v2\/posts\/27296\/revisions\/27298"}],"wp:featuredmedia":[{"embeddable":true,"href":"https:\/\/dekkbi.com\/index.php?rest_route=\/wp\/v2\/media\/27297"}],"wp:attachment":[{"href":"https:\/\/dekkbi.com\/index.php?rest_route=%2Fwp%2Fv2%2Fmedia&parent=27296"}],"wp:term":[{"taxonomy":"category","embeddable":true,"href":"https:\/\/dekkbi.com\/index.php?rest_route=%2Fwp%2Fv2%2Fcategories&post=27296"},{"taxonomy":"post_tag","embeddable":true,"href":"https:\/\/dekkbi.com\/index.php?rest_route=%2Fwp%2Fv2%2Ftags&post=27296"}],"curies":[{"name":"wp","href":"https:\/\/api.w.org\/{rel}","templated":true}]}}