{"id":2729,"date":"2022-11-04T10:56:58","date_gmt":"2022-11-04T10:56:58","guid":{"rendered":"https:\/\/dekkbi.com\/?p=2729"},"modified":"2022-11-04T10:56:59","modified_gmt":"2022-11-04T10:56:59","slug":"abdou-karim-fofana-la-quietude-la-securite-des-personnes-et-des-biens-ont-ete-assurees-par-letat","status":"publish","type":"post","link":"https:\/\/dekkbi.com\/?p=2729","title":{"rendered":"Abdou Karim Fofana: \u00abLa qui\u00e9tude, la s\u00e9curit\u00e9 des personnes et des biens ont \u00e9t\u00e9 assur\u00e9es par l\u2019\u00c9tat\u00bb"},"content":{"rendered":"\n<p><\/p>\n\n\n\n<p><strong>Commentant les \u00e9v\u00e8nements de la journ\u00e9e d\u2019hier, qui ont vu Ousmane Sonko rentrer calmement chez le Doyen des juges sans qu\u2019aucune perturbation ne soit not\u00e9e, le ministre du Commerce, Porte-parole du gouvernement, a tenu \u00e0 saluer le professionnalisme des Forces de l\u2019ordre et la maturit\u00e9 des S\u00e9n\u00e9galais.<\/strong><\/p>\n\n\n\n<p><strong>Comment analysez-vous les \u00e9v\u00e8nements de ce jour, avec la convocation de Ousmane Sonko par le Doyen des juges\u00a0?<\/strong><\/p>\n\n\n\n<p><br>Ladite convocation a \u00e9t\u00e9 respect\u00e9e sans aucune tentative d\u2019appel \u00e0 la violence ou au soul\u00e8vement comme ce fut le cas en mars 2021, avec\u00a0l\u2019ef\u00adfet\u00a0Covid. Les Forces de d\u00e9fense et de s\u00e9curit\u00e9 (Fds) ont assur\u00e9 leur r\u00f4le r\u00e9galien. Ils ont encadr\u00e9 le processus sans\u00a0aucun d\u00e9bordement. La qui\u00e9tude, la s\u00e9curit\u00e9 des personnes et des biens ont \u00e9t\u00e9 assur\u00e9es par l\u2019Etat. Le discours du pr\u00e9sident de la R\u00e9publique a \u00e9t\u00e9 entendu. Il n\u2019y aura pas de\u00a0mars\u00a02021\u00a0bis. Nous f\u00e9li\u00adci\u00adtons le pro\u00adfessionnalisme et l\u2019efficacit\u00e9 toute r\u00e9pu\u00adblicaine\u00a0des\u00a0Fds, ainsi que la maturit\u00e9 de la population s\u00e9n\u00e9galaise.<\/p>\n\n\n\n<p><strong>N\u2019est-ce pas aussi parce que le mis en cause a calm\u00e9 le jeu en demandant \u00e0 ses partisans de res\u00adter\u00a0chez\u00a0eux\u00a0?\u00a0<\/strong><\/p>\n\n\n\n<p><br>Oui naturellement. Mais avait-il le\u00a0choix\u00a0? L\u2019Etat a montr\u00e9 sa fermet\u00e9 et sa d\u00e9termination \u00e0 faire respecter\u00a0l\u2019ordre\u00a0public.<\/p>\n\n\n\n<p><strong>Il aurait pu dire qu\u2019il n\u2019allait pas\u00a0d\u00e9f\u00e9rer\u2026<\/strong><\/p>\n\n\n\n<p><br>Le discours de Ousmane Sonko a \u00e9t\u00e9 ambigu, mais l\u2019Etat avait pris les dispositions pour agir quelle que soit la nature de\u00a0la\u00a0provocation. Je pense d\u2019ailleurs, qu\u2019au plus haut de sa tentative de r\u00e9sistance face \u00e0 la Justice en mars 2021, il avait r\u00e9pondu au juge. Donc, il n\u2019y avait pas de raison\u00a0qu\u2019il\u00a0d\u00e9roge cette fois.<\/p>\n\n\n\n<p><strong>Que r\u00e9pondez-vous \u00e0 ceux qui disent que l\u2019Etat a fait un \u00e9talage exces\u00adsif&nbsp;de&nbsp;sa&nbsp;for\u00adce&nbsp;?<\/strong><br>Il n\u2019y a pas d\u2019exc\u00e8s lorsque l\u2019ordre public et la s\u00e9curit\u00e9 des personnes et des&nbsp;biens&nbsp;l\u2019exigent. Un Etat qui se respecte ne peut pas admettre certaines attitudes de d\u00e9fiance vis-\u00e0-vis de nos institutions&nbsp;r\u00e9galiennes.<\/p>\n\n\n\n<p><strong>L\u2019Etat doit-il faire un tel d\u00e9ploiement de force pour assurer le calme face aux provocationsd\u2019un seul individu ?<\/strong><br>L\u2019Etat doit assurer la s\u00e9curit\u00e9 et la libert\u00e9 des personnes et des biens quoi qu\u2019il en co\u00fbte. Notre \u00e9poque a chang\u00e9, la manipulation m\u00e9diatique dans les r\u00e9seaux sociaux exige des gouvernants que nous sommes une attitude anticipatrice face \u00e0 tout risque de d\u00e9bordements ou de perturbations.<br>En mati\u00e8re de s\u00e9curit\u00e9 publique, mieux vaut en faire plus, que ne pas en faire assez.<\/p>\n\n\n\n<p><strong>Parlant de l\u2019arrestation des \u00e9l\u00e9ments de sa garde rapproch\u00e9e, M. Sonko affirme que c\u2019est un complot qui menace sa s\u00e9curit\u00e9. Qu\u2019en\u00a0pensez-vous\u00a0?<\/strong><br>Je pense que la violence d\u2019o\u00f9 qu\u2019elle vienne doit \u00eatre bannie du champ politique. Lorsque nos compatriotes de quelque bord que ce soit ont \u00e9t\u00e9 victimes de violences inqualifiables, d\u00e9posent plainte avec des interruptions temporaires de travail qui vont de 21 \u00e0 45 jours pour des faits aussi graves, avec des images aussi choquantes, la Justice doit agir dans la pl\u00e9nitude de ses\u00a0comp\u00e9tences.<\/p>\n\n\n\n<p><br><strong>Propos recueillis par M. GUEYE \u2013 mgueye@lequotidien.sn<\/strong><\/p>\n","protected":false},"excerpt":{"rendered":"<p>Commentant les \u00e9v\u00e8nements de la journ\u00e9e d\u2019hier, qui ont vu Ousmane Sonko rentrer calmement chez le Doyen des juges sans<\/p>\n","protected":false},"author":1,"featured_media":2730,"comment_status":"open","ping_status":"open","sticky":false,"template":"","format":"standard","meta":{"footnotes":""},"categories":[6],"tags":[],"class_list":["post-2729","post","type-post","status-publish","format-standard","has-post-thumbnail","hentry","category-politics"],"_links":{"self":[{"href":"https:\/\/dekkbi.com\/index.php?rest_route=\/wp\/v2\/posts\/2729","targetHints":{"allow":["GET"]}}],"collection":[{"href":"https:\/\/dekkbi.com\/index.php?rest_route=\/wp\/v2\/posts"}],"about":[{"href":"https:\/\/dekkbi.com\/index.php?rest_route=\/wp\/v2\/types\/post"}],"author":[{"embeddable":true,"href":"https:\/\/dekkbi.com\/index.php?rest_route=\/wp\/v2\/users\/1"}],"replies":[{"embeddable":true,"href":"https:\/\/dekkbi.com\/index.php?rest_route=%2Fwp%2Fv2%2Fcomments&post=2729"}],"version-history":[{"count":1,"href":"https:\/\/dekkbi.com\/index.php?rest_route=\/wp\/v2\/posts\/2729\/revisions"}],"predecessor-version":[{"id":2731,"href":"https:\/\/dekkbi.com\/index.php?rest_route=\/wp\/v2\/posts\/2729\/revisions\/2731"}],"wp:featuredmedia":[{"embeddable":true,"href":"https:\/\/dekkbi.com\/index.php?rest_route=\/wp\/v2\/media\/2730"}],"wp:attachment":[{"href":"https:\/\/dekkbi.com\/index.php?rest_route=%2Fwp%2Fv2%2Fmedia&parent=2729"}],"wp:term":[{"taxonomy":"category","embeddable":true,"href":"https:\/\/dekkbi.com\/index.php?rest_route=%2Fwp%2Fv2%2Fcategories&post=2729"},{"taxonomy":"post_tag","embeddable":true,"href":"https:\/\/dekkbi.com\/index.php?rest_route=%2Fwp%2Fv2%2Ftags&post=2729"}],"curies":[{"name":"wp","href":"https:\/\/api.w.org\/{rel}","templated":true}]}}