{"id":2726,"date":"2022-11-04T10:49:39","date_gmt":"2022-11-04T10:49:39","guid":{"rendered":"https:\/\/dekkbi.com\/?p=2726"},"modified":"2022-11-04T10:49:40","modified_gmt":"2022-11-04T10:49:40","slug":"quils-retournent-en-afrique-lassemblee-francaise-arrete-sa-session-apres-des-propos-racistes","status":"publish","type":"post","link":"https:\/\/dekkbi.com\/?p=2726","title":{"rendered":"\u00ab\u00a0Qu&rsquo;ils retournent en Afrique\u00a0\u00bb, l&rsquo;Assembl\u00e9e fran\u00e7aise arr\u00eate sa session apr\u00e8s des propos racistes"},"content":{"rendered":"\n<p>\u00ab\u00a0Qu&rsquo;ils retournent en Afrique\u00a0\u00bb ou \u00ab\u00a0qu&rsquo;il retourne en Afrique\u00a0\u00bb: la phrase, jug\u00e9e raciste, et lanc\u00e9e jeudi par un d\u00e9put\u00e9 d&rsquo;extr\u00eame droite pendant qu&rsquo;un \u00e9lu noir interrogeait le gouvernement fran\u00e7ais sur l'\u00a0\u00bbimmigration clandestine\u00a0\u00bb \u00e0 l&rsquo;Assembl\u00e9e, a vivement \u00e9mu et indign\u00e9 les d\u00e9put\u00e9s.<\/p>\n\n\n\n<p>Le d\u00e9put\u00e9 de La France insoumise (LFI, gauche radicale), Carlos Martens Bilongo, noir et d&rsquo;origine congolaise, \u00e9voquait dans l&rsquo;h\u00e9micycle le \u00ab\u00a0drame de l&rsquo;immigration clandestine\u00a0\u00bb, lorsque le d\u00e9put\u00e9 du Rassemblement national (RN, extr\u00eame droite), Gr\u00e9goire de Fournas, a prononc\u00e9 ces mots. Plusieurs d\u00e9put\u00e9s affirment eux avoir entendu \u00ab\u00a0Retourne en Afrique\u00a0\u00bb.<\/p>\n\n\n\n<p>PUBLICIT\u00c9<ins><\/ins><\/p>\n\n\n\n<p>https:\/\/googleads.g.doubleclick.net\/pagead\/ads?client=ca-pub-1061267829283799&#038;output=html&#038;h=280&#038;slotname=6278719341&#038;adk=1466347011&#038;adf=3261117346&#038;pi=t.ma~as.6278719341&#038;w=509&#038;fwrn=4&#038;fwrnh=100&#038;lmt=1667558803&#038;rafmt=1&#038;format=509&#215;280&#038;url=https%3A%2F%2Fwww.igfm.sn%2Fqu-ils-retournent-en-afrique-l-assemblee-francaise-arrete-sa-session-apres-des-propos-racistes&#038;fwr=0&#038;fwrattr=true&#038;rpe=1&#038;resp_fmts=3&#038;wgl=1&#038;uach=WyJXaW5kb3dzIiwiMTAuMC4wIiwieDg2IiwiIiwiMTA3LjAuNTMwNC44OCIsW10sZmFsc2UsbnVsbCwiNjQiLFtbIkdvb2dsZSBDaHJvbWUiLCIxMDcuMC41MzA0Ljg4Il0sWyJDaHJvbWl1bSIsIjEwNy4wLjUzMDQuODgiXSxbIk5vdD1BP0JyYW5kIiwiMjQuMC4wLjAiXV0sZmFsc2Vd&#038;dt=1667558801621&#038;bpp=19&#038;bdt=1021&#038;idt=1440&#038;shv=r20221101&#038;mjsv=m202210260101&#038;ptt=9&#038;saldr=aa&#038;abxe=1&#038;cookie=ID%3Df5fa97493c43ae22-22244a17c0ce00da%3AT%3D1637497559%3ART%3D1637497559%3AS%3DALNI_MawPgO47VGtI3gINHSGggiZteXjFw&#038;gpic=UID%3D000005d7b8ec58a7%3AT%3D1651739786%3ART%3D1667557331%3AS%3DALNI_MZZpnk3TJ8E7hxQqhk6BDI7R7hVfw&#038;prev_fmts=0x0%2C509x280&#038;nras=1&#038;correlator=3825866341355&#038;frm=20&#038;pv=1&#038;ga_vid=2075730594.1585473493&#038;ga_sid=1667558803&#038;ga_hid=1218955118&#038;ga_fc=1&#038;u_tz=0&#038;u_his=10&#038;u_h=409&#038;u_w=727&#038;u_ah=388&#038;u_aw=727&#038;u_cd=24&#038;u_sd=1.41&#038;dmc=4&#038;adx=29&#038;ady=1529&#038;biw=947&#038;bih=358&#038;scr_x=0&#038;scr_y=133&#038;eid=44759876%2C44759927%2C44759837%2C42531706%2C31070617%2C44775016&#038;oid=2&#038;pvsid=2145437886373591&#038;tmod=1815440958&#038;uas=0&#038;nvt=1&#038;ref=https%3A%2F%2Fwww.igfm.sn%2F&#038;eae=0&#038;fc=1920&#038;brdim=0%2C0%2C0%2C0%2C727%2C0%2C727%2C388%2C969%2C380&#038;vis=1&#038;rsz=dM%7C%7Caebr%7Cp&#038;abl=XS&#038;pfx=0&#038;fu=1152&#038;bc=31&#038;ifi=3&#038;uci=a!3&#038;btvi=2&#038;fsb=1&#038;xpc=PJFWhFXjGL&#038;p=https%3A\/\/www.igfm.sn&#038;dtd=1514<\/p>\n\n\n\n<p>Apr\u00e8s quelques minutes de confusion, la pr\u00e9sidente de l&rsquo;Assembl\u00e9e a mis fin \u00e0 la s\u00e9ance \u00ab\u00a0compte tenu de la gravit\u00e9 des faits\u00a0\u00bb et de \u00ab\u00a0l&rsquo;\u00e9motion l\u00e9gitime\u00a0\u00bb de l&rsquo;Assembl\u00e9e. De telles interruptions de s\u00e9ance sont rarissimes.<\/p>\n\n\n\n<p>PUBLICIT\u00c9<ins><\/ins><\/p>\n\n\n\n<p>https:\/\/googleads.g.doubleclick.net\/pagead\/ads?client=ca-pub-1061267829283799&#038;output=html&#038;h=280&#038;slotname=6278719341&#038;adk=1466347011&#038;adf=749620034&#038;pi=t.ma~as.6278719341&#038;w=509&#038;fwrn=4&#038;fwrnh=100&#038;lmt=1667558805&#038;rafmt=1&#038;format=509&#215;280&#038;url=https%3A%2F%2Fwww.igfm.sn%2Fqu-ils-retournent-en-afrique-l-assemblee-francaise-arrete-sa-session-apres-des-propos-racistes&#038;fwr=0&#038;fwrattr=true&#038;rpe=1&#038;resp_fmts=3&#038;wgl=1&#038;uach=WyJXaW5kb3dzIiwiMTAuMC4wIiwieDg2IiwiIiwiMTA3LjAuNTMwNC44OCIsW10sZmFsc2UsbnVsbCwiNjQiLFtbIkdvb2dsZSBDaHJvbWUiLCIxMDcuMC41MzA0Ljg4Il0sWyJDaHJvbWl1bSIsIjEwNy4wLjUzMDQuODgiXSxbIk5vdD1BP0JyYW5kIiwiMjQuMC4wLjAiXV0sZmFsc2Vd&#038;dt=1667558801645&#038;bpp=49&#038;bdt=1045&#038;idt=1548&#038;shv=r20221101&#038;mjsv=m202210260101&#038;ptt=9&#038;saldr=aa&#038;abxe=1&#038;cookie=ID%3Df5fa97493c43ae22-22244a17c0ce00da%3AT%3D1637497559%3ART%3D1637497559%3AS%3DALNI_MawPgO47VGtI3gINHSGggiZteXjFw&#038;gpic=UID%3D000005d7b8ec58a7%3AT%3D1651739786%3ART%3D1667557331%3AS%3DALNI_MZZpnk3TJ8E7hxQqhk6BDI7R7hVfw&#038;prev_fmts=0x0%2C509x280%2C509x280%2C338x303%2C338x303&#038;nras=1&#038;correlator=3825866341355&#038;frm=20&#038;pv=1&#038;ga_vid=2075730594.1585473493&#038;ga_sid=1667558803&#038;ga_hid=1218955118&#038;ga_fc=1&#038;ga_cid=289765949.1667490608&#038;u_tz=0&#038;u_his=10&#038;u_h=409&#038;u_w=727&#038;u_ah=388&#038;u_aw=727&#038;u_cd=24&#038;u_sd=1.41&#038;dmc=4&#038;adx=29&#038;ady=2005&#038;biw=947&#038;bih=358&#038;scr_x=0&#038;scr_y=613&#038;eid=44759876%2C44759927%2C44759837%2C42531706%2C31070617%2C44775016&#038;oid=2&#038;pvsid=2145437886373591&#038;tmod=1815440958&#038;uas=0&#038;nvt=1&#038;ref=https%3A%2F%2Fwww.igfm.sn%2F&#038;eae=0&#038;fc=1920&#038;brdim=0%2C0%2C0%2C0%2C727%2C0%2C727%2C388%2C969%2C380&#038;vis=1&#038;rsz=dM%7C%7Caebr%7Cp&#038;abl=XS&#038;pfx=0&#038;fu=1152&#038;bc=31&#038;ifi=4&#038;uci=a!4&#038;btvi=4&#038;fsb=1&#038;xpc=Ubg3DWPM1f&#038;p=https%3A\/\/www.igfm.sn&#038;dtd=4360<\/p>\n\n\n\n<p>Ces propos ont fait r\u00e9agir au plus haut sommet de l&rsquo;Etat. Le pr\u00e9sident fran\u00e7ais Emmanuel Macron s&rsquo;est dit \u00ab\u00a0heurt\u00e9 par ces mots qui dans l&rsquo;h\u00e9micycle comme hors de l\u2019h\u00e9micycle sont intol\u00e9rables\u00a0\u00bb et a apport\u00e9 son \u00ab\u00a0soutien au parlementaire insult\u00e9\u00a0\u00bb, selon son entourage.<\/p>\n\n\n\n<p>\u00ab\u00a0Le racisme n&rsquo;a pas sa place dans notre d\u00e9mocratie\u00a0\u00bb, a r\u00e9agi la Premi\u00e8re ministre Elisabeth Borne, en indiquant que \u00ab\u00a0naturellement\u00a0\u00bb, le bureau de l&rsquo;Assembl\u00e9e nationale \u00ab\u00a0devra prendre des sanctions\u00a0\u00bb.<\/p>\n\n\n\n<p>Le groupe RN affirme que le d\u00e9put\u00e9 parlait d&rsquo;un \u00ab\u00a0bateau\u00a0\u00bb de migrants mentionn\u00e9 dans la question, et \u00ab\u00a0en aucun cas\u00a0\u00bb de M. Martens Bilongo.<\/p>\n\n\n\n<p>La cheffe de file du groupe et ancienne candidate \u00e0 l&rsquo;\u00e9lection pr\u00e9sidentielle, Marine Le Pen, a elle d\u00e9fendu ces propos et d\u00e9nonc\u00e9 une pol\u00e9mique \u00ab\u00a0grossi\u00e8re\u00a0\u00bb des \u00ab\u00a0adversaires\u00a0\u00bb du RN.<\/p>\n\n\n\n<p>M. de Fournas, soutenu par son groupe, a admis devant la presse avoir prononc\u00e9 ces mots: \u00ab\u00a0Qu&rsquo;il retourne en Afrique\u00a0\u00bb. Mais il a cat\u00e9goriquement ni\u00e9 tout caract\u00e8re raciste, parlant d&rsquo;une \u00ab\u00a0manipulation de LFI\u00a0\u00bb visant \u00e0 lui pr\u00eater des \u00ab\u00a0propos d\u00e9gueulasses\u00a0\u00bb.<\/p>\n\n\n\n<p>\u00ab\u00a0Quand le d\u00e9put\u00e9 de La France insoumise parlait du bateau de l&rsquo;ONG venant en aide aux migrants, SOS M\u00e9diterran\u00e9e, qui ne parvenait pas \u00e0 accoster sur les c\u00f4tes europ\u00e9ennes, j&rsquo;ai r\u00e9pondu +qu&rsquo;il retourne en Afrique+. Qu&rsquo;il, le bateau, retourne en Afrique\u00a0\u00bb, a-t-il assur\u00e9.<\/p>\n\n\n\n<p>Carlos Martens Bilongo s&rsquo;est dit lui \u00ab\u00a0tellement triste\u00a0\u00bb: \u00ab\u00a0C&rsquo;est honteux d&rsquo;\u00eatre renvoy\u00e9 \u00e0 sa couleur de peau aujourd&rsquo;hui\u00a0\u00bb.<\/p>\n\n\n\n<p>\u00ab\u00a0Aujourd&rsquo;hui l&rsquo;extr\u00eame droite a montr\u00e9 son vrai visage\u00a0\u00bb, a estim\u00e9 de son c\u00f4t\u00e9 la pr\u00e9sidente du groupe insoumis \u00e0 l&rsquo;Assembl\u00e9e Mathilde Panot. \u00ab\u00a0Nous allons demander la sanction la plus forte, l&rsquo;expulsion pour plusieurs mois\u00a0\u00bb de ce d\u00e9put\u00e9.<\/p>\n\n\n\n<p>La plus haute instance coll\u00e9giale de l&rsquo;Assembl\u00e9e se r\u00e9unira vendredi \u00e0 14H30 (12H30 GMT) pour d\u00e9cider des sanctions.<\/p>\n\n\n\n<p>Avec l\u00a0\u00bbAfp<\/p>\n","protected":false},"excerpt":{"rendered":"<p>\u00ab\u00a0Qu&rsquo;ils retournent en Afrique\u00a0\u00bb ou \u00ab\u00a0qu&rsquo;il retourne en Afrique\u00a0\u00bb: la phrase, jug\u00e9e raciste, et lanc\u00e9e jeudi par un d\u00e9put\u00e9 d&rsquo;extr\u00eame<\/p>\n","protected":false},"author":1,"featured_media":2727,"comment_status":"open","ping_status":"open","sticky":false,"template":"","format":"standard","meta":{"footnotes":""},"categories":[26],"tags":[],"class_list":["post-2726","post","type-post","status-publish","format-standard","has-post-thumbnail","hentry","category-fait-divers"],"_links":{"self":[{"href":"https:\/\/dekkbi.com\/index.php?rest_route=\/wp\/v2\/posts\/2726","targetHints":{"allow":["GET"]}}],"collection":[{"href":"https:\/\/dekkbi.com\/index.php?rest_route=\/wp\/v2\/posts"}],"about":[{"href":"https:\/\/dekkbi.com\/index.php?rest_route=\/wp\/v2\/types\/post"}],"author":[{"embeddable":true,"href":"https:\/\/dekkbi.com\/index.php?rest_route=\/wp\/v2\/users\/1"}],"replies":[{"embeddable":true,"href":"https:\/\/dekkbi.com\/index.php?rest_route=%2Fwp%2Fv2%2Fcomments&post=2726"}],"version-history":[{"count":1,"href":"https:\/\/dekkbi.com\/index.php?rest_route=\/wp\/v2\/posts\/2726\/revisions"}],"predecessor-version":[{"id":2728,"href":"https:\/\/dekkbi.com\/index.php?rest_route=\/wp\/v2\/posts\/2726\/revisions\/2728"}],"wp:featuredmedia":[{"embeddable":true,"href":"https:\/\/dekkbi.com\/index.php?rest_route=\/wp\/v2\/media\/2727"}],"wp:attachment":[{"href":"https:\/\/dekkbi.com\/index.php?rest_route=%2Fwp%2Fv2%2Fmedia&parent=2726"}],"wp:term":[{"taxonomy":"category","embeddable":true,"href":"https:\/\/dekkbi.com\/index.php?rest_route=%2Fwp%2Fv2%2Fcategories&post=2726"},{"taxonomy":"post_tag","embeddable":true,"href":"https:\/\/dekkbi.com\/index.php?rest_route=%2Fwp%2Fv2%2Ftags&post=2726"}],"curies":[{"name":"wp","href":"https:\/\/api.w.org\/{rel}","templated":true}]}}