{"id":27231,"date":"2023-12-14T09:37:41","date_gmt":"2023-12-14T09:37:41","guid":{"rendered":"https:\/\/dekkbi.com\/?p=27231"},"modified":"2023-12-14T09:37:42","modified_gmt":"2023-12-14T09:37:42","slug":"adepme-et-voltares-africa-en-partenariat-pour-faciliter-aux-pme-lacces-aux-energies-renouvelables","status":"publish","type":"post","link":"https:\/\/dekkbi.com\/?p=27231","title":{"rendered":"ADEPME et Voltares Africa en partenariat pour faciliter aux PME l\u2019acc\u00e8s aux \u00e9nergies renouvelables"},"content":{"rendered":"\n<p>Dakar,  (APS) \u2013 L\u2019Agence de d\u00e9veloppement et d\u2019encadrement des PME (ADEPME) a sign\u00e9, mercredi, \u00e0 Dakar, une convention de  partenariat avec la soci\u00e9t\u00e9 Voltares Africa  pour faciliter aux Petites et moyennes entreprises s\u00e9n\u00e9galaises (PME) l\u2019acc\u00e8s aux \u00e9nergies renouvelables, a constat\u00e9 l\u2019APS .\u201cLes PME, pour leur croissance et leur d\u00e9veloppement sont confront\u00e9es a beaucoup de d\u00e9fis. <\/p>\n\n\n\n<p>L\u2019acc\u00e8s aux financements est certainement l\u2019un des plus importants, l\u2019acc\u00e8s \u00e0 des \u00e9quipements qui soient adapt\u00e9s ainsi que l\u2019acc\u00e8s \u00e0 l\u2019\u00e9nergie et son co\u00fbt sont aussi des \u00e9l\u00e9ments importants pour le d\u00e9veloppement, la productivit\u00e9 et la comp\u00e9titivit\u00e9 de nos entreprises \u00bb, a d\u00e9clar\u00e9 Idrissa Diabira, directeur g\u00e9n\u00e9ral de l\u2019ADEPME.<\/p>\n\n\n\n<p>Il intervenait lors de la signature de convention avec Voltares Africa  en pr\u00e9sence d\u2019une d\u00e9l\u00e9gation de l\u2019Ambassade d\u2019Autriche au S\u00e9n\u00e9gal, des membres de Voltares et des \u00e9quipes de l\u2019ADEPME.<\/p>\n\n\n\n<p>Pour Idrissa Diabira,  \u00bbVoltares est un groupe de premier plan qui a su d\u00e9velopper des technologies notamment en mati\u00e8re d\u2019\u00e9nergies renouvelables qui peuvent aider les PME s\u00e9n\u00e9galais \u00e0 acc\u00e9der \u00e0 des solutions adapt\u00e9es \u00e0 leurs besoins\u201c.<\/p>\n\n\n\n<p>\u201cCette convention va nous permettre de proposer \u00e0 nos entreprises des r\u00e9ponses qui sont adapt\u00e9es \u00e0 leurs besoins sur l\u2019ensemble du territoire national\u201c, a-t-il soulign\u00e9.\u201cL\u2019enjeu de ce partenariat est de faire le lien entre l\u2019offre et la demande.<\/p>\n\n\n\n<p> La demande, on la connait, c\u2019est de trouver des solutions en mati\u00e8res de stockage, en mati\u00e8re d\u2019\u00e9nergie que r\u00e9clame les entreprises \u00bb, a-t-il ajout\u00e9.Sir\u00e9 Abdoul Diallo, PDG de Voltares Africa indique que \u00ab ce partenariat vise \u00e0 soutenir \u00e9galement la cha\u00eene de valeur agricole o\u00f9 il est not\u00e9 chaque ann\u00e9e d\u2019\u00e9normes pertes post-r\u00e9coltes \u00bb.<\/p>\n\n\n\n<p>\u201cL\u2019acc\u00e8s \u00e0 l\u2019\u00e9nergie est essentiel pour le d\u00e9veloppement socio-\u00e9conomique en g\u00e9n\u00e9ral mais surtout pour les entreprises qui sont dans la transformation des l\u00e9gumes. L\u2019id\u00e9e est de faire en sorte que ces entreprises puissent avoir acc\u00e8s \u00e0 une \u00e9nergie durable et abordable qui les permettra de g\u00e9n\u00e9rer plus de revenus \u00bb, a t-il d\u00e9clar\u00e9.<\/p>\n\n\n\n<p>Selon Abdou Diallo, \u00ab les solutions solaires que Voltares Africa mettra \u00e0 la disposition des PME permettront de faciliter la conservation et la transformation de certains l\u00e9gumes comme la tomate \u00bb.<\/p>\n\n\n\n<p>Il explique \u00e9galement que dans le cadre de cet accord, Voltares Africa fournira aux PME s\u00e9n\u00e9galaises un accompagnement technique, financier et technologique.\u201c<\/p>\n\n\n\n<p>L\u2019accompagnement technologique permettra de structurer et de renforcer toutes les actions efflu\u00e9es en termes d\u2019accompagnement afin de rendre les entreprises plus r\u00e9silientes et plus comp\u00e9titives \u00bb, a-t-il-ajout\u00e9.<\/p>\n\n\n\n<p>Voltares Africa rel\u00e8ve d\u2019un partenariat strat\u00e9gique entre un investisseur d\u2019impact (Voltares, dont le si\u00e8ge est en Autriche), un fournisseur de technologie (OFF GRID) et un cabinet local de conseil (AEG, sis au S\u00e9n\u00e9gal).<\/p>\n\n\n\n<p>L\u2019ADEPME est le bras op\u00e9rationnel de l\u2019\u00c9tat du S\u00e9n\u00e9gal, sous l\u2019\u00e9gide du Minist\u00e8re du Commerce, de la Consommation et des PME pour fournir des services techniques et non-financiers aux Petites et Moyennes Entreprises (PME).PD\/ABD\/OID<\/p>\n","protected":false},"excerpt":{"rendered":"<p>Dakar, (APS) \u2013 L\u2019Agence de d\u00e9veloppement et d\u2019encadrement des PME (ADEPME) a sign\u00e9, mercredi, \u00e0 Dakar, une convention de partenariat<\/p>\n","protected":false},"author":1,"featured_media":27232,"comment_status":"open","ping_status":"open","sticky":false,"template":"","format":"standard","meta":{"footnotes":""},"categories":[3],"tags":[],"class_list":["post-27231","post","type-post","status-publish","format-standard","has-post-thumbnail","hentry","category-event-more-news"],"_links":{"self":[{"href":"https:\/\/dekkbi.com\/index.php?rest_route=\/wp\/v2\/posts\/27231","targetHints":{"allow":["GET"]}}],"collection":[{"href":"https:\/\/dekkbi.com\/index.php?rest_route=\/wp\/v2\/posts"}],"about":[{"href":"https:\/\/dekkbi.com\/index.php?rest_route=\/wp\/v2\/types\/post"}],"author":[{"embeddable":true,"href":"https:\/\/dekkbi.com\/index.php?rest_route=\/wp\/v2\/users\/1"}],"replies":[{"embeddable":true,"href":"https:\/\/dekkbi.com\/index.php?rest_route=%2Fwp%2Fv2%2Fcomments&post=27231"}],"version-history":[{"count":1,"href":"https:\/\/dekkbi.com\/index.php?rest_route=\/wp\/v2\/posts\/27231\/revisions"}],"predecessor-version":[{"id":27233,"href":"https:\/\/dekkbi.com\/index.php?rest_route=\/wp\/v2\/posts\/27231\/revisions\/27233"}],"wp:featuredmedia":[{"embeddable":true,"href":"https:\/\/dekkbi.com\/index.php?rest_route=\/wp\/v2\/media\/27232"}],"wp:attachment":[{"href":"https:\/\/dekkbi.com\/index.php?rest_route=%2Fwp%2Fv2%2Fmedia&parent=27231"}],"wp:term":[{"taxonomy":"category","embeddable":true,"href":"https:\/\/dekkbi.com\/index.php?rest_route=%2Fwp%2Fv2%2Fcategories&post=27231"},{"taxonomy":"post_tag","embeddable":true,"href":"https:\/\/dekkbi.com\/index.php?rest_route=%2Fwp%2Fv2%2Ftags&post=27231"}],"curies":[{"name":"wp","href":"https:\/\/api.w.org\/{rel}","templated":true}]}}