{"id":27203,"date":"2023-12-14T08:53:59","date_gmt":"2023-12-14T08:53:59","guid":{"rendered":"https:\/\/dekkbi.com\/?p=27203"},"modified":"2023-12-14T08:55:57","modified_gmt":"2023-12-14T08:55:57","slug":"aliou-sall-nie-toute-presence-au-tribunal-dans-le-litige-entre-sonko-et-letat-du-senegal","status":"publish","type":"post","link":"https:\/\/dekkbi.com\/?p=27203","title":{"rendered":"Aliou Sall nie toute pr\u00e9sence au tribunal, dans le litige entre Sonko et l\u2019Etat du S\u00e9n\u00e9gal"},"content":{"rendered":"\n<p>Une information affirmant la pr\u00e9sence d&rsquo;Aliou Sall au tribunal lors de l&rsquo;audience sp\u00e9ciale concernant le litige \u00e9lectoral opposant Ousmane Sonko et l\u2019\u00c9tat du S\u00e9n\u00e9gal, a \u00e9t\u00e9 cat\u00e9goriquement d\u00e9mentie par le fr\u00e8re du pr\u00e9sident.<\/p>\n\n\n\n<p> Joint par Leral.net, Aliou Sall a rejet\u00e9 fermement les accusations port\u00e9es \u00e0 son encontre.L&rsquo;ancien maire de Guediawaye a r\u00e9fut\u00e9 vigoureusement lesdites all\u00e9gations qui circulent, d\u00e9clarant qu&rsquo;il n&rsquo;a en aucun cas particip\u00e9 \u00e0 l&rsquo;audience en question.<\/p>\n\n\n\n<p>Cette situation soul\u00e8ve des questions sur la diffusion de l&rsquo;information et la n\u00e9cessit\u00e9 d&rsquo;une v\u00e9rification rigoureuse des faits avant de publier des nouvelles potentiellement diffamatoires. L&rsquo;importance d&rsquo;une communication responsable et de la pr\u00e9servation de l&rsquo;int\u00e9grit\u00e9 de l&rsquo;information, est soulign\u00e9e par cet incident.<\/p>\n\n\n\n<p>LERAL<\/p>\n\n\n\n<p><\/p>\n","protected":false},"excerpt":{"rendered":"<p>Une information affirmant la pr\u00e9sence d&rsquo;Aliou Sall au tribunal lors de l&rsquo;audience sp\u00e9ciale concernant le litige \u00e9lectoral opposant Ousmane Sonko<\/p>\n","protected":false},"author":1,"featured_media":27207,"comment_status":"open","ping_status":"open","sticky":false,"template":"","format":"standard","meta":{"footnotes":""},"categories":[6],"tags":[],"class_list":["post-27203","post","type-post","status-publish","format-standard","has-post-thumbnail","hentry","category-politics"],"_links":{"self":[{"href":"https:\/\/dekkbi.com\/index.php?rest_route=\/wp\/v2\/posts\/27203","targetHints":{"allow":["GET"]}}],"collection":[{"href":"https:\/\/dekkbi.com\/index.php?rest_route=\/wp\/v2\/posts"}],"about":[{"href":"https:\/\/dekkbi.com\/index.php?rest_route=\/wp\/v2\/types\/post"}],"author":[{"embeddable":true,"href":"https:\/\/dekkbi.com\/index.php?rest_route=\/wp\/v2\/users\/1"}],"replies":[{"embeddable":true,"href":"https:\/\/dekkbi.com\/index.php?rest_route=%2Fwp%2Fv2%2Fcomments&post=27203"}],"version-history":[{"count":1,"href":"https:\/\/dekkbi.com\/index.php?rest_route=\/wp\/v2\/posts\/27203\/revisions"}],"predecessor-version":[{"id":27205,"href":"https:\/\/dekkbi.com\/index.php?rest_route=\/wp\/v2\/posts\/27203\/revisions\/27205"}],"wp:featuredmedia":[{"embeddable":true,"href":"https:\/\/dekkbi.com\/index.php?rest_route=\/wp\/v2\/media\/27207"}],"wp:attachment":[{"href":"https:\/\/dekkbi.com\/index.php?rest_route=%2Fwp%2Fv2%2Fmedia&parent=27203"}],"wp:term":[{"taxonomy":"category","embeddable":true,"href":"https:\/\/dekkbi.com\/index.php?rest_route=%2Fwp%2Fv2%2Fcategories&post=27203"},{"taxonomy":"post_tag","embeddable":true,"href":"https:\/\/dekkbi.com\/index.php?rest_route=%2Fwp%2Fv2%2Ftags&post=27203"}],"curies":[{"name":"wp","href":"https:\/\/api.w.org\/{rel}","templated":true}]}}