{"id":27197,"date":"2023-12-14T08:43:21","date_gmt":"2023-12-14T08:43:21","guid":{"rendered":"https:\/\/dekkbi.com\/?p=27197"},"modified":"2023-12-14T08:43:21","modified_gmt":"2023-12-14T08:43:21","slug":"actes-de-nature-a-occasionner-des-troubles-politiques-graves-yarga-sy-et-16-autres-partisans-de-sonko-relaxes","status":"publish","type":"post","link":"https:\/\/dekkbi.com\/?p=27197","title":{"rendered":"Actes de nature \u00e0 occasionner des troubles politiques graves: Yarga Sy et 16 autres partisans de Sonko relax\u00e9s"},"content":{"rendered":"\n<p>Le  tribunal correctionnel de Dakar vient de donner sa d\u00e9cision sur l\u2019affaire des \u00a020 manifestants arr\u00eat\u00e9s lors des \u00e9meutes relatives au proc\u00e8s du 16 mars opposant Ousmane Sonko au ministre Mame Mbaye Niang.<\/p>\n\n\n\n<p>Apr\u00e8s 9 mois de d\u00e9tention, le juge a requis une libert\u00e9 totale pour 17 des mises en causes.<\/p>\n\n\n\n<p>Il s\u2019agit entre autres de Yarga Sy, Mame Path\u00e9, Mass Diop, &nbsp;Ibrahima Diallo, Ansou San\u00e9, Mouhamadou Moustapha Gueye, &nbsp;Moussa Sadio, cheikh Ibrahima Dieng, Massar Diagne, Elimane Mouhamadou Thiello, Salif Ngom, , Mouhamed Bald\u00e9, Babacar Sy, Fallou Danfa Issa DIOP, Ousseynou Ndiaye, Ibrahima lo, Ahmet.<\/p>\n\n\n\n<p><strong>Yarga Sy reste en prison !<\/strong><\/p>\n\n\n\n<p>Ils \u00e9taient accus\u00e9s de commettre des actes \u00e0&nbsp;man\u0153uvres ou de nature \u00e0 compromettre la s\u00e9curit\u00e9 publique ou \u00e0 occasionner des troubles politiques graves ou enfreindre les lois.<\/p>\n\n\n\n<p>Lors de la premi\u00e8re audience, le procureur avait avou\u00e9 n\u2019avoir aucun \u00e9l\u00e9ment qui puisse \u00e9tayer les charges retenues contre ces personnes.<\/p>\n\n\n\n<p>Alors qu\u2019il a \u00e9t\u00e9 relax\u00e9, ce jeudi 13 d\u00e9cembre,&nbsp; pour le d\u00e9lit d\u2019actes et man\u0153uvres de nature \u00e0 compromettre la s\u00e9curit\u00e9 publique ou \u00e0 occasionner des troubles politiques graves, Yarga Sy va, tout de m\u00eame, rester en prison. Et pour cause&nbsp;? Il est toujours en d\u00e9tention dans le cadre de l\u2019affaire sur la tentative d\u2019assassinat pr\u00e9sum\u00e9e de Ousmane Sonko.<\/p>\n\n\n\n<p>Il est inculp\u00e9 pour tentative d\u2019assassinat et jet d\u2019un liquide pouvant nuire \u00e0 l\u2019int\u00e9grit\u00e9 physique d\u2019une personne.&nbsp;Un dossier toujours en cours d\u2019instruction.<\/p>\n","protected":false},"excerpt":{"rendered":"<p>Le tribunal correctionnel de Dakar vient de donner sa d\u00e9cision sur l\u2019affaire des \u00a020 manifestants arr\u00eat\u00e9s lors des \u00e9meutes relatives<\/p>\n","protected":false},"author":1,"featured_media":27198,"comment_status":"open","ping_status":"open","sticky":false,"template":"","format":"standard","meta":{"footnotes":""},"categories":[26],"tags":[],"class_list":["post-27197","post","type-post","status-publish","format-standard","has-post-thumbnail","hentry","category-fait-divers"],"_links":{"self":[{"href":"https:\/\/dekkbi.com\/index.php?rest_route=\/wp\/v2\/posts\/27197","targetHints":{"allow":["GET"]}}],"collection":[{"href":"https:\/\/dekkbi.com\/index.php?rest_route=\/wp\/v2\/posts"}],"about":[{"href":"https:\/\/dekkbi.com\/index.php?rest_route=\/wp\/v2\/types\/post"}],"author":[{"embeddable":true,"href":"https:\/\/dekkbi.com\/index.php?rest_route=\/wp\/v2\/users\/1"}],"replies":[{"embeddable":true,"href":"https:\/\/dekkbi.com\/index.php?rest_route=%2Fwp%2Fv2%2Fcomments&post=27197"}],"version-history":[{"count":1,"href":"https:\/\/dekkbi.com\/index.php?rest_route=\/wp\/v2\/posts\/27197\/revisions"}],"predecessor-version":[{"id":27199,"href":"https:\/\/dekkbi.com\/index.php?rest_route=\/wp\/v2\/posts\/27197\/revisions\/27199"}],"wp:featuredmedia":[{"embeddable":true,"href":"https:\/\/dekkbi.com\/index.php?rest_route=\/wp\/v2\/media\/27198"}],"wp:attachment":[{"href":"https:\/\/dekkbi.com\/index.php?rest_route=%2Fwp%2Fv2%2Fmedia&parent=27197"}],"wp:term":[{"taxonomy":"category","embeddable":true,"href":"https:\/\/dekkbi.com\/index.php?rest_route=%2Fwp%2Fv2%2Fcategories&post=27197"},{"taxonomy":"post_tag","embeddable":true,"href":"https:\/\/dekkbi.com\/index.php?rest_route=%2Fwp%2Fv2%2Ftags&post=27197"}],"curies":[{"name":"wp","href":"https:\/\/api.w.org\/{rel}","templated":true}]}}