{"id":27186,"date":"2023-12-14T08:29:18","date_gmt":"2023-12-14T08:29:18","guid":{"rendered":"https:\/\/dekkbi.com\/?p=27186"},"modified":"2023-12-14T08:29:19","modified_gmt":"2023-12-14T08:29:19","slug":"loi-immigration-en-france-le-gouvernement-negocie-pied-a-pied-avec-la-droite-avant-la-reunion-de-la-commission-mixte-paritaire","status":"publish","type":"post","link":"https:\/\/dekkbi.com\/?p=27186","title":{"rendered":"Loi immigration en France: le gouvernement n\u00e9gocie pied \u00e0 pied avec la droite avant la r\u00e9union de la Commission mixte paritaire"},"content":{"rendered":"\n<p>Les R\u00e9publicains sont re\u00e7us \u00e0 Matignon ce jeudi matin pour le deuxi\u00e8me jour cons\u00e9cutif. La Premi\u00e8re ministre et son gouvernement n\u00e9gocient activement avec la droite en amont de l\u2019examen de la derni\u00e8re chance, en Commission mixte paritaire, du projet de loi immigration. Ce sera lundi soir. Sept d\u00e9put\u00e9s et sept s\u00e9nateurs qui vont tenter de faire converger des positions \u00e0 priori irr\u00e9conciliables.<\/p>\n\n\n\n<p>La mission est-elle perdue d\u2019avance pour les 14 parlementaires qui se r\u00e9uniront \u00e0 huis clos lundi soir ? \u00ab \u00c0 l\u2019heure o\u00f9 je vous parle, on va dans le mur \u00bb, confiait hier soir dans les couloirs de l\u2019Assembl\u00e9e un d\u00e9put\u00e9 macroniste, rapporte Pierrick Bonno, du service politique de RFi. Le camp pr\u00e9sidentiel semble pourtant plus que jamais ouvert \u00e0 la n\u00e9gociation. \u00ab La majorit\u00e9 relative nous impose l\u2019humilit\u00e9 \u00bb, l\u00e2che un ministre visiblement conscient des efforts \u00e0 faire pour parvenir \u00e0 un accord. <\/p>\n\n\n\n<p>Mais les discussions ont peu avanc\u00e9 mercredi. Alors qu&rsquo;Elisabeth Borne cherche un \u00e9quilibre politique pour ne pas fracturer sa majorit\u00e9, le ministre de l&rsquo;Economie, Bruno Le Maire a clairement tendu la main \u00e0 la droite en appelant \u00e0 \u00ab reprendre \u00bb la version du projet de loi, plus conservatrice, vot\u00e9e au S\u00e9nat, dans un entretien au quotidien Le Figaro.<\/p>\n\n\n\n<p><\/p>\n","protected":false},"excerpt":{"rendered":"<p>Les R\u00e9publicains sont re\u00e7us \u00e0 Matignon ce jeudi matin pour le deuxi\u00e8me jour cons\u00e9cutif. La Premi\u00e8re ministre et son gouvernement<\/p>\n","protected":false},"author":1,"featured_media":27187,"comment_status":"open","ping_status":"open","sticky":false,"template":"","format":"standard","meta":{"footnotes":""},"categories":[51],"tags":[],"class_list":["post-27186","post","type-post","status-publish","format-standard","has-post-thumbnail","hentry","category-general"],"_links":{"self":[{"href":"https:\/\/dekkbi.com\/index.php?rest_route=\/wp\/v2\/posts\/27186","targetHints":{"allow":["GET"]}}],"collection":[{"href":"https:\/\/dekkbi.com\/index.php?rest_route=\/wp\/v2\/posts"}],"about":[{"href":"https:\/\/dekkbi.com\/index.php?rest_route=\/wp\/v2\/types\/post"}],"author":[{"embeddable":true,"href":"https:\/\/dekkbi.com\/index.php?rest_route=\/wp\/v2\/users\/1"}],"replies":[{"embeddable":true,"href":"https:\/\/dekkbi.com\/index.php?rest_route=%2Fwp%2Fv2%2Fcomments&post=27186"}],"version-history":[{"count":1,"href":"https:\/\/dekkbi.com\/index.php?rest_route=\/wp\/v2\/posts\/27186\/revisions"}],"predecessor-version":[{"id":27188,"href":"https:\/\/dekkbi.com\/index.php?rest_route=\/wp\/v2\/posts\/27186\/revisions\/27188"}],"wp:featuredmedia":[{"embeddable":true,"href":"https:\/\/dekkbi.com\/index.php?rest_route=\/wp\/v2\/media\/27187"}],"wp:attachment":[{"href":"https:\/\/dekkbi.com\/index.php?rest_route=%2Fwp%2Fv2%2Fmedia&parent=27186"}],"wp:term":[{"taxonomy":"category","embeddable":true,"href":"https:\/\/dekkbi.com\/index.php?rest_route=%2Fwp%2Fv2%2Fcategories&post=27186"},{"taxonomy":"post_tag","embeddable":true,"href":"https:\/\/dekkbi.com\/index.php?rest_route=%2Fwp%2Fv2%2Ftags&post=27186"}],"curies":[{"name":"wp","href":"https:\/\/api.w.org\/{rel}","templated":true}]}}