{"id":27167,"date":"2023-12-13T12:33:34","date_gmt":"2023-12-13T12:33:34","guid":{"rendered":"https:\/\/dekkbi.com\/?p=27167"},"modified":"2023-12-13T12:33:36","modified_gmt":"2023-12-13T12:33:36","slug":"les-pays-du-monde-entier-approuvent-un-appel-historique-a-une-transition-hors-des-energies-fossiles","status":"publish","type":"post","link":"https:\/\/dekkbi.com\/?p=27167","title":{"rendered":"les pays du monde entier approuvent un appel historique \u00e0 une \u00ab\u00a0transition\u00a0\u00bb hors des \u00e9nergies fossiles"},"content":{"rendered":"\n<p>Les pays du monde entier ont approuv\u00e9 mercredi par consensus \u00e0 la COP28 \u00e0 Duba\u00ef une d\u00e9cision appelant \u00e0 une<em>\u00a0\u00ab\u00a0transition\u00a0\u00bb<\/em>\u00a0vers l&rsquo;abandon des \u00e9nergies fossiles. D\u00e8s l&rsquo;ouverture de la s\u00e9ance pl\u00e9ni\u00e8re de cl\u00f4ture, les d\u00e9l\u00e9gu\u00e9s ont adopt\u00e9 la d\u00e9cision pr\u00e9par\u00e9e par les \u00c9mirats arabes unis, d\u00e9clenchant une ovation debout et de longs applaudissements.<strong>\u00a0<\/strong><\/p>\n\n\n\n<p><strong>Les horaires sont affich\u00e9s en temps universel.<\/strong><\/p>\n\n\n\n<p>D\u00c9CLARATION DE LAURENT FABIUS<\/p>\n\n\n\n<h2 class=\"wp-block-heading\">Laurent Fabius, pr\u00e9sident fran\u00e7ais de la COP21, salue un \u00ab\u00a0accord majeur \u00e0 renforcer rapidement\u00a0\u00bb<\/h2>\n\n\n\n<p>Laurent Fabius, pr\u00e9sident fran\u00e7ais de la COP21 qui donna naissance \u00e0 l&rsquo;accord de Paris, a affirm\u00e9 \u00e0 l&rsquo;AFP que celui adopt\u00e9 \u00e0 la COP28 de Duba\u00ef sur le climat constituait un<em>\u00a0\u00ab\u00a0accord majeur\u00a0\u00bb\u00a0<\/em>mais<em>\u00a0\u00ab\u00a0\u00e0 renforcer rapidement\u00a0\u00bb.<\/em><\/p>\n\n\n\n<p>L&rsquo;actuel pr\u00e9sident du Conseil Constitutionnel avait fait adopter en 2015 le tr\u00e8s salu\u00e9 accord de Paris, qui s&rsquo;\u00e9tait fix\u00e9 comme objectif le plus ambitieux de contenir le r\u00e9chauffement climatique en dessous de 1,5\u00b0C, par rapport \u00e0 l&rsquo;\u00e8re pr\u00e9-industrielle.<\/p>\n\n\n\n<p>9H50<\/p>\n\n\n\n<p>R\u00c9ACTION DE PARIS<\/p>\n\n\n\n<h2 class=\"wp-block-heading\">Emmanuel Macron salue \u00ab\u00a0une \u00e9tape importante\u00a0\u00bb<\/h2>\n\n\n\n<p>Le pr\u00e9sident fran\u00e7ais Emmanuel Macron a salu\u00e9 mercredi l&rsquo;accord adopt\u00e9 \u00e0 la COP28 de Duba\u00ef sur le climat,&nbsp;<em>\u00ab\u00a0une \u00e9tape importante\u00a0\u00bb&nbsp;<\/em>qui&nbsp;<em>\u00ab\u00a0engage le monde dans une transition sans \u00e9nergies fossiles\u00a0\u00bb,<\/em>&nbsp;tout en appelant \u00e0&nbsp;<em>\u00ab\u00a0acc\u00e9l\u00e9rer\u00a0\u00bb<\/em>&nbsp;la lutte contre le r\u00e9chauffement de la plan\u00e8te.<\/p>\n\n\n\n<p>Il s&rsquo;est aussi f\u00e9licit\u00e9 sur le r\u00e9seau social X de la reconnaissance du\u00a0<em>\u00ab\u00a0r\u00f4le-cl\u00e9 du nucl\u00e9aire\u00a0\u00bb, \u00ab\u00a0une premi\u00e8re\u00a0\u00bb<\/em>\u00a0d\u00e9fendue par la France, parall\u00e8lement \u00e0 la n\u00e9cessit\u00e9 d&rsquo;un triplement des \u00e9nergies renouvelables.<\/p>\n\n\n\n<p>9H42<\/p>\n\n\n\n<p>R\u00c9ACTION CHINOISE<\/p>\n\n\n\n<h2 class=\"wp-block-heading\">Pour la Chine, \u00ab\u00a0les pays d\u00e9velopp\u00e9s doivent prendre les devants\u00a0\u00bb dans la transition \u00e9nerg\u00e9tique<\/h2>\n\n\n\n<p>Les pays d\u00e9velopp\u00e9s doivent<em>\u00a0\u00ab\u00a0prendre les devants\u00a0\u00bb<\/em>\u00a0dans la transition \u00e9nerg\u00e9tique mondiale et\u00a0<em>\u00ab\u00a0fournir sans d\u00e9lai\u00a0\u00bb\u00a0<\/em>un renfort financier et technique pour celle des pays en d\u00e9veloppement, a d\u00e9clar\u00e9 la Chine en conclusion de la COP28 \u00e0 Duba\u00ef.<\/p>\n\n\n\n<p>9H13<\/p>\n\n\n\n<p>\u00ab\u00a0GRAND SUCC\u00c8S\u00a0\u00bb<\/p>\n\n\n\n<h2 class=\"wp-block-heading\">L&rsquo;Arabie saoudite exprime sa \u00ab\u00a0gratitude\u00a0\u00bb apr\u00e8s l&rsquo;accord aux Emirats<\/h2>\n\n\n\n<p>Le repr\u00e9sentant de la d\u00e9l\u00e9gation saoudienne \u00e0 la COP28 a salu\u00e9 mercredi&nbsp;<em>\u00ab\u00a0le grand succ\u00e8s\u00a0\u00bb&nbsp;<\/em>de la conf\u00e9rence sur le climat de l&rsquo;ONU pr\u00e9sid\u00e9e par les Emirats arabes unis, qui s&rsquo;est sold\u00e9e par une d\u00e9cision sur les \u00e9nergies fossiles m\u00e9nageant les int\u00e9r\u00eats des pays exportateurs de p\u00e9trole.<\/p>\n\n\n\n<p><em>\u00ab\u00a0Le groupe arabe exprime sa gratitude envers les grands efforts de la pr\u00e9sidence \u00e9miratie et de son \u00e9quipe\u00a0\u00bb<\/em>, a d\u00e9clar\u00e9 le Saoudien Albara Tawfiq, qui pr\u00e9side le groupe arabe \u00e0 l&rsquo;ONU Climat, en citant des acquis du texte final, comme la mention des technologies de captage et de stockage du carbone, promues par les pays p\u00e9troliers pour continuer \u00e0 produire des hydrocarbures.<\/p>\n\n\n\n<p>8H21<\/p>\n\n\n\n<p>FIN DES \u00c9NERGIES FOSSILES ?<\/p>\n\n\n\n<h2 class=\"wp-block-heading\">Le chef de l&rsquo;ONU affirme que l&rsquo;\u00e8re des fossiles \u00ab\u00a0doit se terminer\u00a0\u00bb<\/h2>\n\n\n\n<p><em>\u00ab\u00a0L&rsquo;\u00e8re des \u00e9nergies fossiles doit se terminer, et elle doit se terminer avec justice et \u00e9quit\u00e9\u00a0\u00bb,<\/em>\u00a0a d\u00e9clar\u00e9 le secr\u00e9taire g\u00e9n\u00e9ral de l&rsquo;ONU Ant\u00f3nio Guterres apr\u00e8s l&rsquo;accord de la COP28 \u00e0 Duba\u00ef, qui acte le principe d&rsquo;une transition \u00e9nerg\u00e9tique hors des combustibles fossiles.<\/p>\n\n\n\n<p><em>\u00ab\u00a0Je tiens \u00e0 dire que la sortie des combustibles fossiles est in\u00e9vitable, qu&rsquo;ils le veuillent ou non. Esp\u00e9rons qu&rsquo;elle n&rsquo;arrive pas trop tard\u00a0\u00bb,<\/em>\u00a0a soulign\u00e9 le patron de l&rsquo;ONU dans un communiqu\u00e9 en s&rsquo;adressant \u00e0\u00a0<em>\u00ab\u00a0ceux qui se sont oppos\u00e9s \u00e0 une r\u00e9f\u00e9rence claire\u00a0\u00bb\u00a0<\/em>sur cette notion d&rsquo;\u00e9limination, dans le texte de la COP28.\u00a0<em>\u00ab\u00a0Le monde ne peut se permettre des retards, de l&rsquo;ind\u00e9cision ou des demi-mesures\u00a0\u00bb,<\/em>\u00a0a-t-il insist\u00e9.<\/p>\n\n\n\n<p>8H20<\/p>\n\n\n\n<p>D\u00c9CLARATION DE JOHN KERRY<\/p>\n\n\n\n<h2 class=\"wp-block-heading\">La COP28 est \u00ab\u00a0une raison d&rsquo;\u00eatre optimiste\u00a0\u00bb dans un monde en conflit<\/h2>\n\n\n\n<p>L&rsquo;\u00e9missaire am\u00e9ricain pour le climat, John Kerry, a salu\u00e9 mercredi l&rsquo;accord obtenu \u00e0 la COP28 \u00e0 Duba\u00ef, y voyant<em>\u00a0\u00ab\u00a0une raison d&rsquo;\u00eatre optimiste\u00a0\u00bb\u00a0<\/em>dans un monde en conflit.<\/p>\n\n\n\n<p>7H42<\/p>\n\n\n\n<p>DOULOUREUSES N\u00c9GOCIATIONS<\/p>\n\n\n\n<h2 class=\"wp-block-heading\">Appel in\u00e9dit pour abandonner progressivement les \u00e9nergies fossiles,<\/h2>\n\n\n\n<p>Duba\u00ef un compromis qualifi\u00e9 d&rsquo;historique pour son appel in\u00e9dit \u00e0 abandonner progressivement les \u00e9nergies fossiles, principales responsables du r\u00e9chauffement climatique.<\/p>\n\n\n\n<p>Le texte issu de douloureuses n\u00e9gociations a \u00e9t\u00e9 adopt\u00e9 par consensus \u00e0 Duba\u00ef, aucune voix ne s&rsquo;\u00e9levant parmi les quelque 200 nations repr\u00e9sent\u00e9es en s\u00e9ance pl\u00e9ni\u00e8re avant le coup de maillet ent\u00e9rinant son adoption.<\/p>\n\n\n\n<p>De longs applaudissements un ovation debout ont accueilli l&rsquo;adoption de ce texte qui, pour la premi\u00e8re fois dans l&rsquo;histoire des conf\u00e9rences sur le climat des Nations unies, mentionne toutes les \u00e9nergies fossiles, largement responsables du changement climatique.<\/p>\n\n\n\n<p>Il s&rsquo;agit d&rsquo;une d\u00e9cision<em>&nbsp;\u00ab\u00a0historique pour acc\u00e9l\u00e9rer l&rsquo;action climatique\u00a0\u00bb<\/em>, a d\u00e9clar\u00e9 Sultan Al Jaber, pr\u00e9sident \u00e9mirati de la conf\u00e9rence de l&rsquo;ONU.<\/p>\n\n\n\n<p>La France a salu\u00e9\u00a0<em>\u00ab\u00a0une victoire du multilat\u00e9ralisme et de la diplomatie climatique\u00a0\u00bb,<\/em>\u00a0par la voix de sa ministre de la Transition \u00e9nerg\u00e9tique, Agn\u00e8s Pannier-Runacher, pr\u00e9sente \u00e0 Duba\u00ef.<\/p>\n\n\n\n<figure class=\"wp-block-image\"><img decoding=\"async\" src=\"https:\/\/information.tv5monde.com\/sites\/tv5-info\/files\/styles\/live\/public\/2023-12\/AP23347263517910.jpg?h=199d8c1f&amp;itok=gHVBCAzs\" alt=\"cop28\" title=\"cop28\"\/><\/figure>\n\n\n\n<p>Le pr\u00e9sident de la COP28, Sultan al-Jaber, au centre, applaudit apr\u00e8s avoir adopt\u00e9 le bilan mondial lors du Sommet des Nations Unies sur le climat de la COP28, le mercredi 13 d\u00e9cembre 2023, \u00e0 Duba\u00ef, aux \u00c9mirats arabes unis. @Photo AP\/Kamran Jebreili.<\/p>\n\n\n\n<p>10H51<\/p>\n\n\n\n<p>D\u00c9CLARATION DE LAURENT FABIUS<\/p>\n\n\n\n<h2 class=\"wp-block-heading\">Laurent Fabius, pr\u00e9sident fran\u00e7ais de la COP21, salue un \u00ab\u00a0accord majeur \u00e0 renforcer rapidement\u00a0\u00bb<\/h2>\n\n\n\n<p>Laurent Fabius, pr\u00e9sident fran\u00e7ais de la COP21 qui donna naissance \u00e0 l&rsquo;accord de Paris, a affirm\u00e9 \u00e0 l&rsquo;AFP que celui adopt\u00e9 \u00e0 la COP28 de Duba\u00ef sur le climat constituait un<em>&nbsp;\u00ab\u00a0accord majeur\u00a0\u00bb&nbsp;<\/em>mais<em>&nbsp;\u00ab\u00a0\u00e0 renforcer rapidement\u00a0\u00bb.<\/em><\/p>\n\n\n\n<ul class=\"wp-block-list\">\n<li>Re(voir) aussi :&nbsp;<a href=\"https:\/\/information.tv5monde.com\/environnement\/climat-quelles-sont-les-avancees-depuis-la-cop21-34109\">Climat : quelles sont les avanc\u00e9es depuis la COP21 ?<\/a><\/li>\n\n\n\n<li><a href=\"https:\/\/information.tv5monde.com\/international\/cop21-la-peur-de-lechec-23621\">COP21 : la peur de l&rsquo;\u00e9chec<\/a><\/li>\n\n\n\n<li><a href=\"https:\/\/information.tv5monde.com\/international\/cop21-ou-en-est-la-consommation-de-charbon-23632\">COP21 : o\u00f9 en est la consommation de charbon ?<\/a><\/li>\n<\/ul>\n\n\n\n<p>L&rsquo;actuel pr\u00e9sident du Conseil Constitutionnel avait fait adopter en 2015 le tr\u00e8s salu\u00e9 accord de Paris, qui s&rsquo;\u00e9tait fix\u00e9 comme objectif le plus ambitieux de contenir le r\u00e9chauffement climatique en dessous de 1,5\u00b0C, par rapport \u00e0 l&rsquo;\u00e8re pr\u00e9-industrielle.<\/p>\n\n\n\n<figure class=\"wp-block-image\"><img decoding=\"async\" src=\"https:\/\/information.tv5monde.com\/sites\/tv5-info\/files\/styles\/entete\/public\/2023-12\/AP23277400163160.jpg?itok=OBBXf8iB\" alt=\"fabius\" title=\"fabius\"\/><\/figure>\n\n\n\n<p>Le pr\u00e9sident du Conseil constitutionnel fran\u00e7ais, Laurent Fabius, s&rsquo;exprime \u00e0 l&rsquo;occasion du 65e anniversaire de la Constitution fran\u00e7aise de 1958 au Conseil constitutionnel \u00e0 Paris, France, le mercredi 4 octobre 2023. @Yoan Valat, via AP.<\/p>\n\n\n\n<p>9H50<\/p>\n\n\n\n<p>R\u00c9ACTION DE PARIS<\/p>\n\n\n\n<h2 class=\"wp-block-heading\">Emmanuel Macron salue \u00ab\u00a0une \u00e9tape importante\u00a0\u00bb<\/h2>\n\n\n\n<p>Le pr\u00e9sident fran\u00e7ais Emmanuel Macron a salu\u00e9 mercredi l&rsquo;accord adopt\u00e9 \u00e0 la COP28 de Duba\u00ef sur le climat,&nbsp;<em>\u00ab\u00a0une \u00e9tape importante\u00a0\u00bb&nbsp;<\/em>qui&nbsp;<em>\u00ab\u00a0engage le monde dans une transition sans \u00e9nergies fossiles\u00a0\u00bb,<\/em>&nbsp;tout en appelant \u00e0&nbsp;<em>\u00ab\u00a0acc\u00e9l\u00e9rer\u00a0\u00bb<\/em>&nbsp;la lutte contre le r\u00e9chauffement de la plan\u00e8te.<\/p>\n\n\n\n<p>Il s&rsquo;est aussi f\u00e9licit\u00e9 sur le r\u00e9seau social X de la reconnaissance du&nbsp;<em>\u00ab\u00a0r\u00f4le-cl\u00e9 du nucl\u00e9aire\u00a0\u00bb, \u00ab\u00a0une premi\u00e8re\u00a0\u00bb<\/em>&nbsp;d\u00e9fendue par la France, parall\u00e8lement \u00e0 la n\u00e9cessit\u00e9 d&rsquo;un triplement des \u00e9nergies renouvelables.<\/p>\n\n\n\n<p>Tweet URL<\/p>\n\n\n\n<p>https:\/\/platform.twitter.com\/embed\/Tweet.html?dnt=false&#038;embedId=twitter-widget-0&#038;features=eyJ0ZndfdGltZWxpbmVfbGlzdCI6eyJidWNrZXQiOltdLCJ2ZXJzaW9uIjpudWxsfSwidGZ3X2ZvbGxvd2VyX2NvdW50X3N1bnNldCI6eyJidWNrZXQiOnRydWUsInZlcnNpb24iOm51bGx9LCJ0ZndfdHdlZXRfZWRpdF9iYWNrZW5kIjp7ImJ1Y2tldCI6Im9uIiwidmVyc2lvbiI6bnVsbH0sInRmd19yZWZzcmNfc2Vzc2lvbiI6eyJidWNrZXQiOiJvbiIsInZlcnNpb24iOm51bGx9LCJ0ZndfZm9zbnJfc29mdF9pbnRlcnZlbnRpb25zX2VuYWJsZWQiOnsiYnVja2V0Ijoib24iLCJ2ZXJzaW9uIjpudWxsfSwidGZ3X21peGVkX21lZGlhXzE1ODk3Ijp7ImJ1Y2tldCI6InRyZWF0bWVudCIsInZlcnNpb24iOm51bGx9LCJ0ZndfZXhwZXJpbWVudHNfY29va2llX2V4cGlyYXRpb24iOnsiYnVja2V0IjoxMjA5NjAwLCJ2ZXJzaW9uIjpudWxsfSwidGZ3X3Nob3dfYmlyZHdhdGNoX3Bpdm90c19lbmFibGVkIjp7ImJ1Y2tldCI6Im9uIiwidmVyc2lvbiI6bnVsbH0sInRmd19kdXBsaWNhdGVfc2NyaWJlc190b19zZXR0aW5ncyI6eyJidWNrZXQiOiJvbiIsInZlcnNpb24iOm51bGx9LCJ0ZndfdXNlX3Byb2ZpbGVfaW1hZ2Vfc2hhcGVfZW5hYmxlZCI6eyJidWNrZXQiOiJvbiIsInZlcnNpb24iOm51bGx9LCJ0ZndfdmlkZW9faGxzX2R5bmFtaWNfbWFuaWZlc3RzXzE1MDgyIjp7ImJ1Y2tldCI6InRydWVfYml0cmF0ZSIsInZlcnNpb24iOm51bGx9LCJ0ZndfbGVnYWN5X3RpbWVsaW5lX3N1bnNldCI6eyJidWNrZXQiOnRydWUsInZlcnNpb24iOm51bGx9LCJ0ZndfdHdlZXRfZWRpdF9mcm9udGVuZCI6eyJidWNrZXQiOiJvbiIsInZlcnNpb24iOm51bGx9fQ%3D%3D&#038;frame=false&#038;hideCard=false&#038;hideThread=true&#038;id=1734869057281671448&#038;lang=en&#038;origin=https%3A%2F%2Finformation.tv5monde.com%2Fdirect%2Fdirect-les-pays-du-monde-entier-approuvent-un-appel-historique-une-transition-hors-des&#038;sessionId=bd6daf5a77a75b4a34122c09a392761b8d43c86c&#038;siteScreenName=tv5mondeinfo&#038;siteUserId=105103721&#038;theme=light&#038;widgetsVersion=2615f7e52b7e0%3A1702314776716&#038;width=550px<\/p>\n\n\n\n<p>9H42<\/p>\n\n\n\n<p>R\u00c9ACTION CHINOISE<\/p>\n\n\n\n<h2 class=\"wp-block-heading\">Pour la Chine, \u00ab\u00a0les pays d\u00e9velopp\u00e9s doivent prendre les devants\u00a0\u00bb dans la transition \u00e9nerg\u00e9tique<\/h2>\n\n\n\n<p>Les pays d\u00e9velopp\u00e9s doivent<em>&nbsp;\u00ab\u00a0prendre les devants\u00a0\u00bb<\/em>&nbsp;dans la transition \u00e9nerg\u00e9tique mondiale et&nbsp;<em>\u00ab\u00a0fournir sans d\u00e9lai\u00a0\u00bb&nbsp;<\/em>un renfort financier et technique pour celle des pays en d\u00e9veloppement, a d\u00e9clar\u00e9 la Chine en conclusion de la COP28 \u00e0 Duba\u00ef.<\/p>\n\n\n\n<figure class=\"wp-block-image\"><img decoding=\"async\" src=\"https:\/\/information.tv5monde.com\/sites\/tv5-info\/files\/styles\/entete\/public\/2023-12\/AP23347354369850.jpg?itok=uTdIjn7b\" alt=\"COP28\" title=\"COP28\"\/><\/figure>\n\n\n\n<p>Sommet des Nations Unies sur le climat COP28, le mercredi 13 d\u00e9cembre 2023, \u00e0 Duba\u00ef, aux \u00c9mirats arabes unis. @Photo AP\/Kamran Jebreili.<\/p>\n\n\n\n<blockquote class=\"wp-block-quote is-layout-flow wp-block-quote-is-layout-flow\">\n<p>Les pays d\u00e9velopp\u00e9s ont une responsabilit\u00e9 historique et incontestable dans le changement climatique : ils doivent prendre les devants pour s&rsquo;engager sur la voie du 1,5\u00b0C\u00a0\u00bb et pour \u00ab\u00a0atteindre la neutralit\u00e9 carbone d\u00e8s que possible.<\/p>\n\n\n\n<p>Zhao Yingmin, vice-ministre chinois de l&rsquo;Environnement<br>&nbsp;<\/p>\n<\/blockquote>\n\n\n\n<p>9H13<\/p>\n\n\n\n<p>\u00ab\u00a0GRAND SUCC\u00c8S\u00a0\u00bb<\/p>\n\n\n\n<h2 class=\"wp-block-heading\">L&rsquo;Arabie saoudite exprime sa \u00ab\u00a0gratitude\u00a0\u00bb apr\u00e8s l&rsquo;accord aux Emirats<\/h2>\n\n\n\n<p>Le repr\u00e9sentant de la d\u00e9l\u00e9gation saoudienne \u00e0 la COP28 a salu\u00e9 mercredi&nbsp;<em>\u00ab\u00a0le grand succ\u00e8s\u00a0\u00bb&nbsp;<\/em>de la conf\u00e9rence sur le climat de l&rsquo;ONU pr\u00e9sid\u00e9e par les Emirats arabes unis, qui s&rsquo;est sold\u00e9e par une d\u00e9cision sur les \u00e9nergies fossiles m\u00e9nageant les int\u00e9r\u00eats des pays exportateurs de p\u00e9trole.<\/p>\n\n\n\n<p><em>\u00ab\u00a0Le groupe arabe exprime sa gratitude envers les grands efforts de la pr\u00e9sidence \u00e9miratie et de son \u00e9quipe\u00a0\u00bb<\/em>, a d\u00e9clar\u00e9 le Saoudien Albara Tawfiq, qui pr\u00e9side le groupe arabe \u00e0 l&rsquo;ONU Climat, en citant des acquis du texte final, comme la mention des technologies de captage et de stockage du carbone, promues par les pays p\u00e9troliers pour continuer \u00e0 produire des hydrocarbures.<\/p>\n\n\n\n<ul class=\"wp-block-list\">\n<li>Re(voir) aussi :&nbsp;<a href=\"https:\/\/information.tv5monde.com\/international\/video\/environnement-la-cop28-joue-les-prolongations-2682691\">Environnement : la Cop28 joue les prolongations<\/a><\/li>\n<\/ul>\n\n\n\n<p>8H21<\/p>\n\n\n\n<p>FIN DES \u00c9NERGIES FOSSILES ?<\/p>\n\n\n\n<h2 class=\"wp-block-heading\">Le chef de l&rsquo;ONU affirme que l&rsquo;\u00e8re des fossiles \u00ab\u00a0doit se terminer\u00a0\u00bb<\/h2>\n\n\n\n<p><em>\u00ab\u00a0L&rsquo;\u00e8re des \u00e9nergies fossiles doit se terminer, et elle doit se terminer avec justice et \u00e9quit\u00e9\u00a0\u00bb,<\/em>&nbsp;a d\u00e9clar\u00e9 le secr\u00e9taire g\u00e9n\u00e9ral de l&rsquo;ONU Ant\u00f3nio Guterres apr\u00e8s l&rsquo;accord de la COP28 \u00e0 Duba\u00ef, qui acte le principe d&rsquo;une transition \u00e9nerg\u00e9tique hors des combustibles fossiles.<\/p>\n\n\n\n<figure class=\"wp-block-image\"><img decoding=\"async\" src=\"https:\/\/information.tv5monde.com\/sites\/tv5-info\/files\/styles\/entete\/public\/2023-12\/AP23345320451095.jpg?itok=ocT06I-H\" alt=\"Antonio Guterres\" title=\"Antonio Guterres\"\/><\/figure>\n\n\n\n<p>Le secr\u00e9taire g\u00e9n\u00e9ral des Nations Unies, Antonio Guterres, s&rsquo;exprime lors d&rsquo;une conf\u00e9rence de presse pendant le Sommet des Nations Unies sur le climat COP28, le lundi 11 d\u00e9cembre 2023, \u00e0 Duba\u00ef, aux \u00c9mirats arabes unis. @Photo AP\/Kamran Jebreili.<\/p>\n\n\n\n<p><br><em>\u00ab\u00a0Je tiens \u00e0 dire que la sortie des combustibles fossiles est in\u00e9vitable, qu&rsquo;ils le veuillent ou non. Esp\u00e9rons qu&rsquo;elle n&rsquo;arrive pas trop tard\u00a0\u00bb,<\/em>&nbsp;a soulign\u00e9 le patron de l&rsquo;ONU dans un communiqu\u00e9 en s&rsquo;adressant \u00e0&nbsp;<em>\u00ab\u00a0ceux qui se sont oppos\u00e9s \u00e0 une r\u00e9f\u00e9rence claire\u00a0\u00bb&nbsp;<\/em>sur cette notion d&rsquo;\u00e9limination, dans le texte de la COP28.&nbsp;<em>\u00ab\u00a0Le monde ne peut se permettre des retards, de l&rsquo;ind\u00e9cision ou des demi-mesures\u00a0\u00bb,<\/em>&nbsp;a-t-il insist\u00e9.<\/p>\n\n\n\n<p>8H20<\/p>\n\n\n\n<p>D\u00c9CLARATION DE JOHN KERRY<\/p>\n\n\n\n<h2 class=\"wp-block-heading\">La COP28 est \u00ab\u00a0une raison d&rsquo;\u00eatre optimiste\u00a0\u00bb dans un monde en conflit<\/h2>\n\n\n\n<p>L&rsquo;\u00e9missaire am\u00e9ricain pour le climat, John Kerry, a salu\u00e9 mercredi l&rsquo;accord obtenu \u00e0 la COP28 \u00e0 Duba\u00ef, y voyant<em>&nbsp;\u00ab\u00a0une raison d&rsquo;\u00eatre optimiste\u00a0\u00bb&nbsp;<\/em>dans un monde en conflit.<\/p>\n\n\n\n<figure class=\"wp-block-image\"><img decoding=\"async\" src=\"https:\/\/information.tv5monde.com\/sites\/tv5-info\/files\/styles\/entete\/public\/2023-12\/AP23346623126902.jpg?itok=1bJBs1x1\" alt=\"John Kerry\" title=\"John Kerry\"\/><\/figure>\n\n\n\n<p>John Kerry, envoy\u00e9 sp\u00e9cial du pr\u00e9sident am\u00e9ricain pour le climat, s&rsquo;adresse aux m\u00e9dias lors du Sommet des Nations Unies sur le climat COP28, le mardi 12 d\u00e9cembre 2023, \u00e0 Duba\u00ef, aux \u00c9mirats arabes unis. @Photo AP\/Rafiq Maqbool.<\/p>\n\n\n\n<blockquote class=\"wp-block-quote is-layout-flow wp-block-quote-is-layout-flow\">\n<p>Je pense que tout le monde sera content que, dans un monde secou\u00e9 par la guerre en Ukraine et au Moyen-Orient et tous les autres d\u00e9fis d&rsquo;une plan\u00e8te qui patauge, il y ait une raison d&rsquo;\u00eatre optimiste, d&rsquo;avoir de la gratitude et de se f\u00e9liciter tous ensemble ici.<\/p>\n\n\n\n<p>John Kerry,&nbsp;\u00e9missaire am\u00e9ricain pour le climat<\/p>\n<\/blockquote>\n\n\n\n<p>7H42<\/p>\n\n\n\n<p>DOULOUREUSES N\u00c9GOCIATIONS<\/p>\n\n\n\n<h2 class=\"wp-block-heading\">Appel in\u00e9dit pour abandonner progressivement les \u00e9nergies fossiles,<\/h2>\n\n\n\n<p>Duba\u00ef un compromis qualifi\u00e9 d&rsquo;historique pour son appel in\u00e9dit \u00e0 abandonner progressivement les \u00e9nergies fossiles, principales responsables du r\u00e9chauffement climatique.<\/p>\n\n\n\n<p>Le texte issu de douloureuses n\u00e9gociations a \u00e9t\u00e9 adopt\u00e9 par consensus \u00e0 Duba\u00ef, aucune voix ne s&rsquo;\u00e9levant parmi les quelque 200 nations repr\u00e9sent\u00e9es en s\u00e9ance pl\u00e9ni\u00e8re avant le coup de maillet ent\u00e9rinant son adoption.<\/p>\n\n\n\n<p>De longs applaudissements un ovation debout ont accueilli l&rsquo;adoption de ce texte qui, pour la premi\u00e8re fois dans l&rsquo;histoire des conf\u00e9rences sur le climat des Nations unies, mentionne toutes les \u00e9nergies fossiles, largement responsables du changement climatique.<\/p>\n\n\n\n<figure class=\"wp-block-image\"><img decoding=\"async\" src=\"https:\/\/information.tv5monde.com\/sites\/tv5-info\/files\/styles\/entete\/public\/2023-12\/AP23347281403280.jpg?itok=sitg2iAP\" alt=\"cop28\" title=\"cop28\"\/><\/figure>\n\n\n\n<p>Le pr\u00e9sident de la COP28, Sultan al-Jaber, \u00e0 gauche, applaudit apr\u00e8s avoir adopt\u00e9 le bilan mondial lors du Sommet des Nations Unies sur le climat de la COP28, le mercredi 13 d\u00e9cembre 2023, \u00e0 Duba\u00ef, aux \u00c9mirats arabes unis. @Photo AP\/Kamran Jebreili.<\/p>\n\n\n\n<p>Il s&rsquo;agit d&rsquo;une d\u00e9cision<em>&nbsp;\u00ab\u00a0historique pour acc\u00e9l\u00e9rer l&rsquo;action climatique\u00a0\u00bb<\/em>, a d\u00e9clar\u00e9 Sultan Al Jaber, pr\u00e9sident \u00e9mirati de la conf\u00e9rence de l&rsquo;ONU.<\/p>\n\n\n\n<p>La France a salu\u00e9&nbsp;<em>\u00ab\u00a0une victoire du multilat\u00e9ralisme et de la diplomatie climatique\u00a0\u00bb,<\/em>&nbsp;par la voix de sa ministre de la Transition \u00e9nerg\u00e9tique, Agn\u00e8s Pannier-Runacher, pr\u00e9sente \u00e0 Duba\u00ef.<br>&nbsp;<\/p>\n\n\n\n<p>7H06<\/p>\n\n\n\n<p>\u00ab\u00a0UN PAS SIGNIFICATIF\u00a0\u00bb<\/p>\n\n\n\n<h2 class=\"wp-block-heading\">La COP28 pourrait marquer \u00ab\u00a0le d\u00e9but de la fin des \u00e9nergies fossiles\u00a0\u00bb<\/h2>\n\n\n\n<p>La COP28 pourrait marquer\u00a0<em>\u00ab\u00a0le d\u00e9but de la fin des \u00e9nergies fossiles\u00a0\u00bb<\/em>, a jug\u00e9 mercredi le commissaire europ\u00e9en charg\u00e9 du Climat, Wopke Hoekstra, avant d&rsquo;entrer en s\u00e9ance pl\u00e9ni\u00e8re \u00e0 Duba\u00ef.<\/p>\n\n\n\n<p>07H07<\/p>\n\n\n\n<p>VERS UN COMPROMIS ?<\/p>\n\n\n\n<h2 class=\"wp-block-heading\">Un texte qualifi\u00e9 d&rsquo;historique<\/h2>\n\n\n\n<p>Les pays du monde entier se r\u00e9unissent mercredi \u00e0 Duba\u00ef \u00e0 la COP28 pour d\u00e9battre et \u00e9ventuellement approuver un compromis qualifi\u00e9 d&rsquo;historique par des Europ\u00e9ens pour son appel in\u00e9dit \u00e0 abandonner progressivement les \u00e9nergies fossiles.<\/p>\n\n\n\n<p>Le document pr\u00e9par\u00e9 par le pr\u00e9sident \u00e9mirati de la conf\u00e9rence, dont la publication a \u00e9t\u00e9 attendue toute la nuit par des n\u00e9gociateurs priv\u00e9s de sommeil, propose pour la premi\u00e8re fois dans l&rsquo;histoire des conf\u00e9rences sur le climat des Nations unies de mentionner toutes les \u00e9nergies fossiles, largement responsables du changement climatique, dans une d\u00e9cision \u00e0 adopter par tous les pays.<\/p>\n\n\n\n<p>Le ministre danois du Climat, Dan J\u00f8rgensen, a qualifi\u00e9 mercredi le texte d&rsquo;<em>\u00ab\u00a0historique\u00a0\u00bb&nbsp;<\/em>juste avant de se rendre en s\u00e9ance pl\u00e9ni\u00e8re de la COP.<\/p>\n\n\n\n<p><em>\u00ab\u00a0Cela peut \u00eatre un moment historique qui pour la premi\u00e8re fois en 30 ans identifie, pointe la source du probl\u00e8me et appelle au changement et \u00e0 s&rsquo;y attaquer\u00a0\u00bb,<\/em>\u00a0a r\u00e9agi le ministre irlandais de l&rsquo;Environnement, Eamon Ryan.<\/p>\n\n\n\n<figure class=\"wp-block-image\"><img decoding=\"async\" src=\"https:\/\/information.tv5monde.com\/sites\/tv5-info\/files\/styles\/live\/public\/2023-12\/AP23347263517910.jpg?h=199d8c1f&amp;itok=gHVBCAzs\" alt=\"cop28\" title=\"cop28\"\/><\/figure>\n\n\n\n<p>Le pr\u00e9sident de la COP28, Sultan al-Jaber, au centre, applaudit apr\u00e8s avoir adopt\u00e9 le bilan mondial lors du Sommet des Nations Unies sur le climat de la COP28, le mercredi 13 d\u00e9cembre 2023, \u00e0 Duba\u00ef, aux \u00c9mirats arabes unis. @Photo AP\/Kamran Jebreili.<\/p>\n\n\n\n<p>10H51<\/p>\n\n\n\n<p>D\u00c9CLARATION DE LAURENT FABIUS<\/p>\n\n\n\n<h2 class=\"wp-block-heading\">Laurent Fabius, pr\u00e9sident fran\u00e7ais de la COP21, salue un \u00ab\u00a0accord majeur \u00e0 renforcer rapidement\u00a0\u00bb<\/h2>\n\n\n\n<p>Laurent Fabius, pr\u00e9sident fran\u00e7ais de la COP21 qui donna naissance \u00e0 l&rsquo;accord de Paris, a affirm\u00e9 \u00e0 l&rsquo;AFP que celui adopt\u00e9 \u00e0 la COP28 de Duba\u00ef sur le climat constituait un<em>&nbsp;\u00ab\u00a0accord majeur\u00a0\u00bb&nbsp;<\/em>mais<em>&nbsp;\u00ab\u00a0\u00e0 renforcer rapidement\u00a0\u00bb.<\/em><\/p>\n\n\n\n<ul class=\"wp-block-list\">\n<li>Re(voir) aussi :&nbsp;<a href=\"https:\/\/information.tv5monde.com\/environnement\/climat-quelles-sont-les-avancees-depuis-la-cop21-34109\">Climat : quelles sont les avanc\u00e9es depuis la COP21 ?<\/a><\/li>\n\n\n\n<li><a href=\"https:\/\/information.tv5monde.com\/international\/cop21-la-peur-de-lechec-23621\">COP21 : la peur de l&rsquo;\u00e9chec<\/a><\/li>\n\n\n\n<li><a href=\"https:\/\/information.tv5monde.com\/international\/cop21-ou-en-est-la-consommation-de-charbon-23632\">COP21 : o\u00f9 en est la consommation de charbon ?<\/a><\/li>\n<\/ul>\n\n\n\n<p>L&rsquo;actuel pr\u00e9sident du Conseil Constitutionnel avait fait adopter en 2015 le tr\u00e8s salu\u00e9 accord de Paris, qui s&rsquo;\u00e9tait fix\u00e9 comme objectif le plus ambitieux de contenir le r\u00e9chauffement climatique en dessous de 1,5\u00b0C, par rapport \u00e0 l&rsquo;\u00e8re pr\u00e9-industrielle.<\/p>\n\n\n\n<figure class=\"wp-block-image\"><img decoding=\"async\" src=\"https:\/\/information.tv5monde.com\/sites\/tv5-info\/files\/styles\/entete\/public\/2023-12\/AP23277400163160.jpg?itok=OBBXf8iB\" alt=\"fabius\" title=\"fabius\"\/><\/figure>\n\n\n\n<p>Le pr\u00e9sident du Conseil constitutionnel fran\u00e7ais, Laurent Fabius, s&rsquo;exprime \u00e0 l&rsquo;occasion du 65e anniversaire de la Constitution fran\u00e7aise de 1958 au Conseil constitutionnel \u00e0 Paris, France, le mercredi 4 octobre 2023. @Yoan Valat, via AP.<\/p>\n\n\n\n<p>9H50<\/p>\n\n\n\n<p>R\u00c9ACTION DE PARIS<\/p>\n\n\n\n<h2 class=\"wp-block-heading\">Emmanuel Macron salue \u00ab\u00a0une \u00e9tape importante\u00a0\u00bb<\/h2>\n\n\n\n<p>Le pr\u00e9sident fran\u00e7ais Emmanuel Macron a salu\u00e9 mercredi l&rsquo;accord adopt\u00e9 \u00e0 la COP28 de Duba\u00ef sur le climat,&nbsp;<em>\u00ab\u00a0une \u00e9tape importante\u00a0\u00bb&nbsp;<\/em>qui&nbsp;<em>\u00ab\u00a0engage le monde dans une transition sans \u00e9nergies fossiles\u00a0\u00bb,<\/em>&nbsp;tout en appelant \u00e0&nbsp;<em>\u00ab\u00a0acc\u00e9l\u00e9rer\u00a0\u00bb<\/em>&nbsp;la lutte contre le r\u00e9chauffement de la plan\u00e8te.<\/p>\n\n\n\n<p>Il s&rsquo;est aussi f\u00e9licit\u00e9 sur le r\u00e9seau social X de la reconnaissance du&nbsp;<em>\u00ab\u00a0r\u00f4le-cl\u00e9 du nucl\u00e9aire\u00a0\u00bb, \u00ab\u00a0une premi\u00e8re\u00a0\u00bb<\/em>&nbsp;d\u00e9fendue par la France, parall\u00e8lement \u00e0 la n\u00e9cessit\u00e9 d&rsquo;un triplement des \u00e9nergies renouvelables.<\/p>\n\n\n\n<p>Tweet URL<\/p>\n\n\n\n<p>https:\/\/platform.twitter.com\/embed\/Tweet.html?dnt=false&#038;embedId=twitter-widget-0&#038;features=eyJ0ZndfdGltZWxpbmVfbGlzdCI6eyJidWNrZXQiOltdLCJ2ZXJzaW9uIjpudWxsfSwidGZ3X2ZvbGxvd2VyX2NvdW50X3N1bnNldCI6eyJidWNrZXQiOnRydWUsInZlcnNpb24iOm51bGx9LCJ0ZndfdHdlZXRfZWRpdF9iYWNrZW5kIjp7ImJ1Y2tldCI6Im9uIiwidmVyc2lvbiI6bnVsbH0sInRmd19yZWZzcmNfc2Vzc2lvbiI6eyJidWNrZXQiOiJvbiIsInZlcnNpb24iOm51bGx9LCJ0ZndfZm9zbnJfc29mdF9pbnRlcnZlbnRpb25zX2VuYWJsZWQiOnsiYnVja2V0Ijoib24iLCJ2ZXJzaW9uIjpudWxsfSwidGZ3X21peGVkX21lZGlhXzE1ODk3Ijp7ImJ1Y2tldCI6InRyZWF0bWVudCIsInZlcnNpb24iOm51bGx9LCJ0ZndfZXhwZXJpbWVudHNfY29va2llX2V4cGlyYXRpb24iOnsiYnVja2V0IjoxMjA5NjAwLCJ2ZXJzaW9uIjpudWxsfSwidGZ3X3Nob3dfYmlyZHdhdGNoX3Bpdm90c19lbmFibGVkIjp7ImJ1Y2tldCI6Im9uIiwidmVyc2lvbiI6bnVsbH0sInRmd19kdXBsaWNhdGVfc2NyaWJlc190b19zZXR0aW5ncyI6eyJidWNrZXQiOiJvbiIsInZlcnNpb24iOm51bGx9LCJ0ZndfdXNlX3Byb2ZpbGVfaW1hZ2Vfc2hhcGVfZW5hYmxlZCI6eyJidWNrZXQiOiJvbiIsInZlcnNpb24iOm51bGx9LCJ0ZndfdmlkZW9faGxzX2R5bmFtaWNfbWFuaWZlc3RzXzE1MDgyIjp7ImJ1Y2tldCI6InRydWVfYml0cmF0ZSIsInZlcnNpb24iOm51bGx9LCJ0ZndfbGVnYWN5X3RpbWVsaW5lX3N1bnNldCI6eyJidWNrZXQiOnRydWUsInZlcnNpb24iOm51bGx9LCJ0ZndfdHdlZXRfZWRpdF9mcm9udGVuZCI6eyJidWNrZXQiOiJvbiIsInZlcnNpb24iOm51bGx9fQ%3D%3D&#038;frame=false&#038;hideCard=false&#038;hideThread=true&#038;id=1734869057281671448&#038;lang=en&#038;origin=https%3A%2F%2Finformation.tv5monde.com%2Fdirect%2Fdirect-les-pays-du-monde-entier-approuvent-un-appel-historique-une-transition-hors-des&#038;sessionId=bd6daf5a77a75b4a34122c09a392761b8d43c86c&#038;siteScreenName=tv5mondeinfo&#038;siteUserId=105103721&#038;theme=light&#038;widgetsVersion=2615f7e52b7e0%3A1702314776716&#038;width=550px<\/p>\n\n\n\n<p>9H42<\/p>\n\n\n\n<p>R\u00c9ACTION CHINOISE<\/p>\n\n\n\n<h2 class=\"wp-block-heading\">Pour la Chine, \u00ab\u00a0les pays d\u00e9velopp\u00e9s doivent prendre les devants\u00a0\u00bb dans la transition \u00e9nerg\u00e9tique<\/h2>\n\n\n\n<p>Les pays d\u00e9velopp\u00e9s doivent<em>&nbsp;\u00ab\u00a0prendre les devants\u00a0\u00bb<\/em>&nbsp;dans la transition \u00e9nerg\u00e9tique mondiale et&nbsp;<em>\u00ab\u00a0fournir sans d\u00e9lai\u00a0\u00bb&nbsp;<\/em>un renfort financier et technique pour celle des pays en d\u00e9veloppement, a d\u00e9clar\u00e9 la Chine en conclusion de la COP28 \u00e0 Duba\u00ef.<\/p>\n\n\n\n<figure class=\"wp-block-image\"><img decoding=\"async\" src=\"https:\/\/information.tv5monde.com\/sites\/tv5-info\/files\/styles\/entete\/public\/2023-12\/AP23347354369850.jpg?itok=uTdIjn7b\" alt=\"COP28\" title=\"COP28\"\/><\/figure>\n\n\n\n<p>Sommet des Nations Unies sur le climat COP28, le mercredi 13 d\u00e9cembre 2023, \u00e0 Duba\u00ef, aux \u00c9mirats arabes unis. @Photo AP\/Kamran Jebreili.<\/p>\n\n\n\n<blockquote class=\"wp-block-quote is-layout-flow wp-block-quote-is-layout-flow\">\n<p>Les pays d\u00e9velopp\u00e9s ont une responsabilit\u00e9 historique et incontestable dans le changement climatique : ils doivent prendre les devants pour s&rsquo;engager sur la voie du 1,5\u00b0C\u00a0\u00bb et pour \u00ab\u00a0atteindre la neutralit\u00e9 carbone d\u00e8s que possible.<\/p>\n\n\n\n<p>Zhao Yingmin, vice-ministre chinois de l&rsquo;Environnement<br>&nbsp;<\/p>\n<\/blockquote>\n\n\n\n<p>9H13<\/p>\n\n\n\n<p>\u00ab\u00a0GRAND SUCC\u00c8S\u00a0\u00bb<\/p>\n\n\n\n<h2 class=\"wp-block-heading\">L&rsquo;Arabie saoudite exprime sa \u00ab\u00a0gratitude\u00a0\u00bb apr\u00e8s l&rsquo;accord aux Emirats<\/h2>\n\n\n\n<p>Le repr\u00e9sentant de la d\u00e9l\u00e9gation saoudienne \u00e0 la COP28 a salu\u00e9 mercredi&nbsp;<em>\u00ab\u00a0le grand succ\u00e8s\u00a0\u00bb&nbsp;<\/em>de la conf\u00e9rence sur le climat de l&rsquo;ONU pr\u00e9sid\u00e9e par les Emirats arabes unis, qui s&rsquo;est sold\u00e9e par une d\u00e9cision sur les \u00e9nergies fossiles m\u00e9nageant les int\u00e9r\u00eats des pays exportateurs de p\u00e9trole.<\/p>\n\n\n\n<p><em>\u00ab\u00a0Le groupe arabe exprime sa gratitude envers les grands efforts de la pr\u00e9sidence \u00e9miratie et de son \u00e9quipe\u00a0\u00bb<\/em>, a d\u00e9clar\u00e9 le Saoudien Albara Tawfiq, qui pr\u00e9side le groupe arabe \u00e0 l&rsquo;ONU Climat, en citant des acquis du texte final, comme la mention des technologies de captage et de stockage du carbone, promues par les pays p\u00e9troliers pour continuer \u00e0 produire des hydrocarbures.<\/p>\n\n\n\n<ul class=\"wp-block-list\">\n<li>Re(voir) aussi :&nbsp;<a href=\"https:\/\/information.tv5monde.com\/international\/video\/environnement-la-cop28-joue-les-prolongations-2682691\">Environnement : la Cop28 joue les prolongations<\/a><\/li>\n<\/ul>\n\n\n\n<p>8H21<\/p>\n\n\n\n<p>FIN DES \u00c9NERGIES FOSSILES ?<\/p>\n\n\n\n<h2 class=\"wp-block-heading\">Le chef de l&rsquo;ONU affirme que l&rsquo;\u00e8re des fossiles \u00ab\u00a0doit se terminer\u00a0\u00bb<\/h2>\n\n\n\n<p><em>\u00ab\u00a0L&rsquo;\u00e8re des \u00e9nergies fossiles doit se terminer, et elle doit se terminer avec justice et \u00e9quit\u00e9\u00a0\u00bb,<\/em>&nbsp;a d\u00e9clar\u00e9 le secr\u00e9taire g\u00e9n\u00e9ral de l&rsquo;ONU Ant\u00f3nio Guterres apr\u00e8s l&rsquo;accord de la COP28 \u00e0 Duba\u00ef, qui acte le principe d&rsquo;une transition \u00e9nerg\u00e9tique hors des combustibles fossiles.<\/p>\n\n\n\n<figure class=\"wp-block-image\"><img decoding=\"async\" src=\"https:\/\/information.tv5monde.com\/sites\/tv5-info\/files\/styles\/entete\/public\/2023-12\/AP23345320451095.jpg?itok=ocT06I-H\" alt=\"Antonio Guterres\" title=\"Antonio Guterres\"\/><\/figure>\n\n\n\n<p>Le secr\u00e9taire g\u00e9n\u00e9ral des Nations Unies, Antonio Guterres, s&rsquo;exprime lors d&rsquo;une conf\u00e9rence de presse pendant le Sommet des Nations Unies sur le climat COP28, le lundi 11 d\u00e9cembre 2023, \u00e0 Duba\u00ef, aux \u00c9mirats arabes unis. @Photo AP\/Kamran Jebreili.<\/p>\n\n\n\n<p><br><em>\u00ab\u00a0Je tiens \u00e0 dire que la sortie des combustibles fossiles est in\u00e9vitable, qu&rsquo;ils le veuillent ou non. Esp\u00e9rons qu&rsquo;elle n&rsquo;arrive pas trop tard\u00a0\u00bb,<\/em>&nbsp;a soulign\u00e9 le patron de l&rsquo;ONU dans un communiqu\u00e9 en s&rsquo;adressant \u00e0&nbsp;<em>\u00ab\u00a0ceux qui se sont oppos\u00e9s \u00e0 une r\u00e9f\u00e9rence claire\u00a0\u00bb&nbsp;<\/em>sur cette notion d&rsquo;\u00e9limination, dans le texte de la COP28.&nbsp;<em>\u00ab\u00a0Le monde ne peut se permettre des retards, de l&rsquo;ind\u00e9cision ou des demi-mesures\u00a0\u00bb,<\/em>&nbsp;a-t-il insist\u00e9.<\/p>\n\n\n\n<p>8H20<\/p>\n\n\n\n<p>D\u00c9CLARATION DE JOHN KERRY<\/p>\n\n\n\n<h2 class=\"wp-block-heading\">La COP28 est \u00ab\u00a0une raison d&rsquo;\u00eatre optimiste\u00a0\u00bb dans un monde en conflit<\/h2>\n\n\n\n<p>L&rsquo;\u00e9missaire am\u00e9ricain pour le climat, John Kerry, a salu\u00e9 mercredi l&rsquo;accord obtenu \u00e0 la COP28 \u00e0 Duba\u00ef, y voyant<em>&nbsp;\u00ab\u00a0une raison d&rsquo;\u00eatre optimiste\u00a0\u00bb&nbsp;<\/em>dans un monde en conflit.<\/p>\n\n\n\n<figure class=\"wp-block-image\"><img decoding=\"async\" src=\"https:\/\/information.tv5monde.com\/sites\/tv5-info\/files\/styles\/entete\/public\/2023-12\/AP23346623126902.jpg?itok=1bJBs1x1\" alt=\"John Kerry\" title=\"John Kerry\"\/><\/figure>\n\n\n\n<p>John Kerry, envoy\u00e9 sp\u00e9cial du pr\u00e9sident am\u00e9ricain pour le climat, s&rsquo;adresse aux m\u00e9dias lors du Sommet des Nations Unies sur le climat COP28, le mardi 12 d\u00e9cembre 2023, \u00e0 Duba\u00ef, aux \u00c9mirats arabes unis. @Photo AP\/Rafiq Maqbool.<\/p>\n\n\n\n<blockquote class=\"wp-block-quote is-layout-flow wp-block-quote-is-layout-flow\">\n<p>Je pense que tout le monde sera content que, dans un monde secou\u00e9 par la guerre en Ukraine et au Moyen-Orient et tous les autres d\u00e9fis d&rsquo;une plan\u00e8te qui patauge, il y ait une raison d&rsquo;\u00eatre optimiste, d&rsquo;avoir de la gratitude et de se f\u00e9liciter tous ensemble ici.<\/p>\n\n\n\n<p>John Kerry,&nbsp;\u00e9missaire am\u00e9ricain pour le climat<\/p>\n<\/blockquote>\n\n\n\n<p>7H42<\/p>\n\n\n\n<p>DOULOUREUSES N\u00c9GOCIATIONS<\/p>\n\n\n\n<h2 class=\"wp-block-heading\">Appel in\u00e9dit pour abandonner progressivement les \u00e9nergies fossiles,<\/h2>\n\n\n\n<p>Duba\u00ef un compromis qualifi\u00e9 d&rsquo;historique pour son appel in\u00e9dit \u00e0 abandonner progressivement les \u00e9nergies fossiles, principales responsables du r\u00e9chauffement climatique.<\/p>\n\n\n\n<p>Le texte issu de douloureuses n\u00e9gociations a \u00e9t\u00e9 adopt\u00e9 par consensus \u00e0 Duba\u00ef, aucune voix ne s&rsquo;\u00e9levant parmi les quelque 200 nations repr\u00e9sent\u00e9es en s\u00e9ance pl\u00e9ni\u00e8re avant le coup de maillet ent\u00e9rinant son adoption.<\/p>\n\n\n\n<p>De longs applaudissements un ovation debout ont accueilli l&rsquo;adoption de ce texte qui, pour la premi\u00e8re fois dans l&rsquo;histoire des conf\u00e9rences sur le climat des Nations unies, mentionne toutes les \u00e9nergies fossiles, largement responsables du changement climatique.<\/p>\n\n\n\n<figure class=\"wp-block-image\"><img decoding=\"async\" src=\"https:\/\/information.tv5monde.com\/sites\/tv5-info\/files\/styles\/entete\/public\/2023-12\/AP23347281403280.jpg?itok=sitg2iAP\" alt=\"cop28\" title=\"cop28\"\/><\/figure>\n\n\n\n<p>Le pr\u00e9sident de la COP28, Sultan al-Jaber, \u00e0 gauche, applaudit apr\u00e8s avoir adopt\u00e9 le bilan mondial lors du Sommet des Nations Unies sur le climat de la COP28, le mercredi 13 d\u00e9cembre 2023, \u00e0 Duba\u00ef, aux \u00c9mirats arabes unis. @Photo AP\/Kamran Jebreili.<\/p>\n\n\n\n<p>Il s&rsquo;agit d&rsquo;une d\u00e9cision<em>&nbsp;\u00ab\u00a0historique pour acc\u00e9l\u00e9rer l&rsquo;action climatique\u00a0\u00bb<\/em>, a d\u00e9clar\u00e9 Sultan Al Jaber, pr\u00e9sident \u00e9mirati de la conf\u00e9rence de l&rsquo;ONU.<\/p>\n\n\n\n<p>La France a salu\u00e9&nbsp;<em>\u00ab\u00a0une victoire du multilat\u00e9ralisme et de la diplomatie climatique\u00a0\u00bb,<\/em>&nbsp;par la voix de sa ministre de la Transition \u00e9nerg\u00e9tique, Agn\u00e8s Pannier-Runacher, pr\u00e9sente \u00e0 Duba\u00ef.<br>&nbsp;<\/p>\n\n\n\n<p>7H06<\/p>\n\n\n\n<p>\u00ab\u00a0UN PAS SIGNIFICATIF\u00a0\u00bb<\/p>\n\n\n\n<h2 class=\"wp-block-heading\">La COP28 pourrait marquer \u00ab\u00a0le d\u00e9but de la fin des \u00e9nergies fossiles\u00a0\u00bb<\/h2>\n\n\n\n<p>La COP28 pourrait marquer&nbsp;<em>\u00ab\u00a0le d\u00e9but de la fin des \u00e9nergies fossiles\u00a0\u00bb<\/em>, a jug\u00e9 mercredi le commissaire europ\u00e9en charg\u00e9 du Climat, Wopke Hoekstra, avant d&rsquo;entrer en s\u00e9ance pl\u00e9ni\u00e8re \u00e0 Duba\u00ef.<\/p>\n\n\n\n<blockquote class=\"wp-block-quote is-layout-flow wp-block-quote-is-layout-flow\">\n<p>Pour la premi\u00e8re fois en 30 ans, nous pourrions maintenant approcher le d\u00e9but de la fin des \u00e9nergies fossiles. Nous faisons un pas tr\u00e8s, tr\u00e8s significatif\u00a0\u00bb pour limiter le r\u00e9chauffement \u00e0 1,5\u00b0C.<\/p>\n\n\n\n<p>Wopke Hoekstra,&nbsp;commissaire europ\u00e9en charg\u00e9 du Climat<\/p>\n<\/blockquote>\n\n\n\n<p>07H07<\/p>\n\n\n\n<p>VERS UN COMPROMIS ?<\/p>\n\n\n\n<h2 class=\"wp-block-heading\">Un texte qualifi\u00e9 d&rsquo;historique<\/h2>\n\n\n\n<p>Les pays du monde entier se r\u00e9unissent mercredi \u00e0 Duba\u00ef \u00e0 la COP28 pour d\u00e9battre et \u00e9ventuellement approuver un compromis qualifi\u00e9 d&rsquo;historique par des Europ\u00e9ens pour son appel in\u00e9dit \u00e0 abandonner progressivement les \u00e9nergies fossiles.<\/p>\n\n\n\n<figure class=\"wp-block-image\"><img decoding=\"async\" src=\"https:\/\/information.tv5monde.com\/sites\/tv5-info\/files\/styles\/entete\/public\/2023-12\/AP23347254170987.jpg?itok=xiNYL5AU\" alt=\"COP28\" title=\"COP28\"\/><\/figure>\n\n\n\n<p>Le pr\u00e9sident de la COP28, Sultan al-Jaber, fait des gestes alors qu&rsquo;il arrive pour une s\u00e9ance pl\u00e9ni\u00e8re au Sommet des Nations Unies sur le climat de la COP28, le mercredi 13 d\u00e9cembre 2023, \u00e0 Duba\u00ef, aux \u00c9mirats arabes unis. @Photo AP\/Kamran Jebreili.<\/p>\n\n\n\n<p>Le document pr\u00e9par\u00e9 par le pr\u00e9sident \u00e9mirati de la conf\u00e9rence, dont la publication a \u00e9t\u00e9 attendue toute la nuit par des n\u00e9gociateurs priv\u00e9s de sommeil, propose pour la premi\u00e8re fois dans l&rsquo;histoire des conf\u00e9rences sur le climat des Nations unies de mentionner toutes les \u00e9nergies fossiles, largement responsables du changement climatique, dans une d\u00e9cision \u00e0 adopter par tous les pays.<\/p>\n\n\n\n<p>Le ministre danois du Climat, Dan J\u00f8rgensen, a qualifi\u00e9 mercredi le texte d&rsquo;<em>\u00ab\u00a0historique\u00a0\u00bb&nbsp;<\/em>juste avant de se rendre en s\u00e9ance pl\u00e9ni\u00e8re de la COP.<\/p>\n\n\n\n<p><em>\u00ab\u00a0Cela peut \u00eatre un moment historique qui pour la premi\u00e8re fois en 30 ans identifie, pointe la source du probl\u00e8me et appelle au changement et \u00e0 s&rsquo;y attaquer\u00a0\u00bb,<\/em>&nbsp;a r\u00e9agi le ministre irlandais de l&rsquo;Environnement, Eamon Ryan.<\/p>\n\n\n\n<ul class=\"wp-block-list\">\n<li>Re(voir) aussi :&nbsp;<a href=\"https:\/\/information.tv5monde.com\/international\/video\/cop28-les-lobbies-des-energies-fossiles-ont-ils-gagne-2682510\">COP28 : les lobbies des \u00e9nergies fossiles ont-ils gagn\u00e9 ?<\/a><\/li>\n\n\n\n<li><a href=\"https:\/\/information.tv5monde.com\/environnement\/video\/cop28-vers-quel-accord-final-2682574\">COP28 : vers quel accord final ?<\/a><\/li>\n<\/ul>\n\n\n\n<p>Le texte, dont chaque mot a \u00e9t\u00e9 n\u00e9goci\u00e9 par les Emiratis, appelle \u00e0&nbsp;<em>\u00ab\u00a0transitionner hors des \u00e9nergies fossiles dans les syst\u00e8mes \u00e9nerg\u00e9tiques, d&rsquo;une mani\u00e8re juste, ordonn\u00e9e et \u00e9quitable, en acc\u00e9l\u00e9rant l&rsquo;action dans cette d\u00e9cennie cruciale, afin d&rsquo;atteindre la neutralit\u00e9 carbone en 2050 conform\u00e9ment aux pr\u00e9conisations scientifiques\u00a0\u00bb.&nbsp;<\/em>L&rsquo;appel \u00e0 acc\u00e9l\u00e9rer l&rsquo;action d\u00e8s la d\u00e9cennie en cours \u00e9tait une exigence de l&rsquo;Union europ\u00e9enne et de nombreux autres pays.<\/p>\n\n\n\n<p>En choisissant le terme de<em>&nbsp;\u00ab\u00a0transitioning away\u00a0\u00bb&nbsp;<\/em>(<em>\u00ab\u00a0transitionner hors de\u00a0\u00bb, \u00ab\u00a0s&rsquo;\u00e9loigner\u00a0\u00bb, \u00ab\u00a0abandonner\u00a0\u00bb&nbsp;<\/em>selon les traductions possibles en fran\u00e7ais), le texte ne parle plus de&nbsp;<em>\u00ab\u00a0phase-out\u00a0\u00bb&nbsp;<\/em>(\u00ab\u00a0sortie\u00a0\u00bb) du p\u00e9trole, du gaz et du charbon, un terme devenu depuis des mois la banni\u00e8re derri\u00e8re laquelle se rangeaient plus d&rsquo;une centaine de pays et des milliers d&rsquo;ONG.<\/p>\n\n\n\n<p>Reste \u00e0 voir \u00e0 quel point la nuance fera d\u00e9bat \u00e0 la COP. Une source proche de la pr\u00e9sidence \u00e9miratie estime que le texte a \u00e9t\u00e9 finement&nbsp;<em>\u00ab\u00a0calibr\u00e9\u00a0\u00bb&nbsp;<\/em>pour tenter de r\u00e9concilier des points de vues oppos\u00e9s, et notamment \u00e9viter un blocage de l&rsquo;Arabie saoudite. Tout en laissant volontairement un peu d&rsquo;ambigu\u00eft\u00e9 dans les formulations pour que chacun y trouve son compte.<\/p>\n","protected":false},"excerpt":{"rendered":"<p>Les pays du monde entier ont approuv\u00e9 mercredi par consensus \u00e0 la COP28 \u00e0 Duba\u00ef une d\u00e9cision appelant \u00e0 une\u00a0\u00ab\u00a0transition\u00a0\u00bb\u00a0vers<\/p>\n","protected":false},"author":1,"featured_media":27120,"comment_status":"open","ping_status":"open","sticky":false,"template":"","format":"standard","meta":{"footnotes":""},"categories":[6],"tags":[],"class_list":["post-27167","post","type-post","status-publish","format-standard","has-post-thumbnail","hentry","category-politics"],"_links":{"self":[{"href":"https:\/\/dekkbi.com\/index.php?rest_route=\/wp\/v2\/posts\/27167","targetHints":{"allow":["GET"]}}],"collection":[{"href":"https:\/\/dekkbi.com\/index.php?rest_route=\/wp\/v2\/posts"}],"about":[{"href":"https:\/\/dekkbi.com\/index.php?rest_route=\/wp\/v2\/types\/post"}],"author":[{"embeddable":true,"href":"https:\/\/dekkbi.com\/index.php?rest_route=\/wp\/v2\/users\/1"}],"replies":[{"embeddable":true,"href":"https:\/\/dekkbi.com\/index.php?rest_route=%2Fwp%2Fv2%2Fcomments&post=27167"}],"version-history":[{"count":1,"href":"https:\/\/dekkbi.com\/index.php?rest_route=\/wp\/v2\/posts\/27167\/revisions"}],"predecessor-version":[{"id":27168,"href":"https:\/\/dekkbi.com\/index.php?rest_route=\/wp\/v2\/posts\/27167\/revisions\/27168"}],"wp:featuredmedia":[{"embeddable":true,"href":"https:\/\/dekkbi.com\/index.php?rest_route=\/wp\/v2\/media\/27120"}],"wp:attachment":[{"href":"https:\/\/dekkbi.com\/index.php?rest_route=%2Fwp%2Fv2%2Fmedia&parent=27167"}],"wp:term":[{"taxonomy":"category","embeddable":true,"href":"https:\/\/dekkbi.com\/index.php?rest_route=%2Fwp%2Fv2%2Fcategories&post=27167"},{"taxonomy":"post_tag","embeddable":true,"href":"https:\/\/dekkbi.com\/index.php?rest_route=%2Fwp%2Fv2%2Ftags&post=27167"}],"curies":[{"name":"wp","href":"https:\/\/api.w.org\/{rel}","templated":true}]}}