{"id":27128,"date":"2023-12-13T11:17:54","date_gmt":"2023-12-13T11:17:54","guid":{"rendered":"https:\/\/dekkbi.com\/?p=27128"},"modified":"2023-12-13T11:17:55","modified_gmt":"2023-12-13T11:17:55","slug":"tentative-de-coup-detat-en-sierra-leone-lex-president-koroma-fait-partie-des-suspects-police","status":"publish","type":"post","link":"https:\/\/dekkbi.com\/?p=27128","title":{"rendered":"Tentative de \u00ab\u00a0coup d&rsquo;Etat\u00a0\u00bb en Sierra Leone: l&rsquo;ex-pr\u00e9sident Koroma \u00ab\u00a0fait partie des suspects\u00a0\u00bb (police)"},"content":{"rendered":"\n<p>Le chef de la police sierra-l\u00e9onaise a d\u00e9clar\u00e9 mardi que l&rsquo;ex-pr\u00e9sident Ernest Bai Koroma \u00e9tait un \u00ab\u00a0suspect\u00a0\u00bb dans l&rsquo;organisation des \u00e9v\u00e8nements du 26 novembre, qualifi\u00e9s de \u00ab\u00a0tentative de coup d&rsquo;Etat\u00a0\u00bb par le gouvernement.<\/p>\n\n\n\n<p>\u00ab\u00a0Au regard de la d\u00e9claration qu&rsquo;il a faite volontairement \u00e0 la police, il fait partie des suspects\u00a0\u00bb, a dit Fayia Sellu, r\u00e9pondant \u00e0 une question du ministre de l&rsquo;Information Chernor A. Bah, lors d&rsquo;une conf\u00e9rence de presse.<\/p>\n\n\n\n<p>\u00ab\u00a0L&rsquo;inspecteur g\u00e9n\u00e9ral de la police a confirm\u00e9 que l&rsquo;ex-pr\u00e9sident Ernest Bai Koroma est un suspect dans le cadre des enqu\u00eates en cours\u00a0\u00bb sur la tentative de coup d&rsquo;Etat du 26 novembre, a ensuite indiqu\u00e9 le gouvernement dans un message sur les r\u00e9seaux sociaux.<\/p>\n\n\n\n<p>M. Koroma, qui a dirig\u00e9 la Sierra Leone de 2007 \u00e0 2018, a \u00e9t\u00e9 interrog\u00e9 mardi pour la quatri\u00e8me fois par la police de Freetown.<\/p>\n\n\n\n<p>Le gouvernement avait annonc\u00e9 samedi qu&rsquo;il avait \u00e9t\u00e9 plac\u00e9 sous un r\u00e9gime s&rsquo;assimilant \u00e0 l&rsquo;assignation \u00e0 r\u00e9sidence.<\/p>\n\n\n\n<p>D&rsquo;anciens gardes de M. Koroma sont, selon les autorit\u00e9s sierra-l\u00e9onaises, soup\u00e7onn\u00e9s d&rsquo;avoir particip\u00e9 aux troubles du 26 novembre.<\/p>\n\n\n\n<p>Elles ont publi\u00e9 une nouvelle liste de 54 personnes recherch\u00e9es, dont la fille de l&rsquo;ex-pr\u00e9sident Koroma, en lien avec ces \u00e9v\u00e8nements.<\/p>\n\n\n\n<p>Selon le ministre de l&rsquo;Information, les forces de s\u00e9curit\u00e9 ont \u00e9galement r\u00e9cup\u00e9r\u00e9 29 des 47 fusils d&rsquo;assaut et cinq des sept lance-roquettes des putschistes pr\u00e9sum\u00e9s.<\/p>\n\n\n\n<p>Aux premi\u00e8res heures du 26 novembre, des hommes avaient attaqu\u00e9 une armurerie militaire, deux casernes, deux prisons et deux postes de police.<\/p>\n\n\n\n<p>Les combats ont fait 21 morts, 18 membres des services de s\u00e9curit\u00e9 et trois assaillants, selon le ministre de l&rsquo;Information.<\/p>\n\n\n\n<p>Quatre-vingt personnes ont \u00e9t\u00e9 arr\u00eat\u00e9es en lien avec ces \u00e9v\u00e9nements, majoritairement des militaires, selon les autorit\u00e9s.<\/p>\n\n\n\n<p>Un couvre-feu, instaur\u00e9 par les autorit\u00e9s de 21H00 \u00e0 06H00 (locales et GMT), est pass\u00e9 lundi de 00H00 \u00e0 06H00, en raison de \u00ab\u00a0l&rsquo;am\u00e9lioration de la situation s\u00e9curitaire\u00a0\u00bb, selon le gouvernement.<\/p>\n\n\n\n<p>La r\u00e9gion ouest-africaine est marqu\u00e9e depuis 2020 par la multiplication des coups d&rsquo;\u00c9tat, au Mali, au Burkina Faso, au Niger et en Guin\u00e9e.<\/p>\n","protected":false},"excerpt":{"rendered":"<p>Le chef de la police sierra-l\u00e9onaise a d\u00e9clar\u00e9 mardi que l&rsquo;ex-pr\u00e9sident Ernest Bai Koroma \u00e9tait un \u00ab\u00a0suspect\u00a0\u00bb dans l&rsquo;organisation des<\/p>\n","protected":false},"author":1,"featured_media":27129,"comment_status":"open","ping_status":"open","sticky":false,"template":"","format":"standard","meta":{"footnotes":""},"categories":[26],"tags":[],"class_list":["post-27128","post","type-post","status-publish","format-standard","has-post-thumbnail","hentry","category-fait-divers"],"_links":{"self":[{"href":"https:\/\/dekkbi.com\/index.php?rest_route=\/wp\/v2\/posts\/27128","targetHints":{"allow":["GET"]}}],"collection":[{"href":"https:\/\/dekkbi.com\/index.php?rest_route=\/wp\/v2\/posts"}],"about":[{"href":"https:\/\/dekkbi.com\/index.php?rest_route=\/wp\/v2\/types\/post"}],"author":[{"embeddable":true,"href":"https:\/\/dekkbi.com\/index.php?rest_route=\/wp\/v2\/users\/1"}],"replies":[{"embeddable":true,"href":"https:\/\/dekkbi.com\/index.php?rest_route=%2Fwp%2Fv2%2Fcomments&post=27128"}],"version-history":[{"count":1,"href":"https:\/\/dekkbi.com\/index.php?rest_route=\/wp\/v2\/posts\/27128\/revisions"}],"predecessor-version":[{"id":27130,"href":"https:\/\/dekkbi.com\/index.php?rest_route=\/wp\/v2\/posts\/27128\/revisions\/27130"}],"wp:featuredmedia":[{"embeddable":true,"href":"https:\/\/dekkbi.com\/index.php?rest_route=\/wp\/v2\/media\/27129"}],"wp:attachment":[{"href":"https:\/\/dekkbi.com\/index.php?rest_route=%2Fwp%2Fv2%2Fmedia&parent=27128"}],"wp:term":[{"taxonomy":"category","embeddable":true,"href":"https:\/\/dekkbi.com\/index.php?rest_route=%2Fwp%2Fv2%2Fcategories&post=27128"},{"taxonomy":"post_tag","embeddable":true,"href":"https:\/\/dekkbi.com\/index.php?rest_route=%2Fwp%2Fv2%2Ftags&post=27128"}],"curies":[{"name":"wp","href":"https:\/\/api.w.org\/{rel}","templated":true}]}}