{"id":2709,"date":"2022-11-04T10:25:46","date_gmt":"2022-11-04T10:25:46","guid":{"rendered":"https:\/\/dekkbi.com\/?p=2709"},"modified":"2022-11-04T16:20:11","modified_gmt":"2022-11-04T16:20:11","slug":"test-adn-adji-sarr-these-du-complot-ce-que-sonko-a-dit-au-doyen-des-juges","status":"publish","type":"post","link":"https:\/\/dekkbi.com\/?p=2709","title":{"rendered":"Test Adn, Adji Sarr, th\u00e8se du complot&#8230;"},"content":{"rendered":"\n<p class=\"has-large-font-size\">Ce que Sonko a dit au doyen des Juges<\/p>\n\n\n\n<p>Ousmane Sonko a \u00e9t\u00e9 auditionn\u00e9 hier jeudi par le Doyen des Juges. Une audition dans laquelle certaines questions sont revenues.<\/p>\n\n\n\n<p>Durant l\u2019audition qui a dur\u00e9 presque deux heures, Ousmane Sonko a affirm\u00e9 \u00eatre victime d&rsquo;un complot et ni\u00e9 tout acte sexuel avec Adji Sarr, renseigne Lib\u00e9ration. &nbsp;Cette derni\u00e8re l&rsquo;accuse de viols r\u00e9p\u00e9titifs et de menaces de mort.<br><br>Le leader de Pastef soutient effectivement s&rsquo;\u00eatre fait masser ce soir-l\u00e0 avant de regagner son domicile. Face au magistrat instructeur, qui l&rsquo;interrogeait sur le dossier, il&nbsp;s&rsquo;en est surtout pris \u00e0 l&rsquo;ancien procureur de la R\u00e9publique, Serigne Bassirou Gu\u00e8ye, accusant ce dernier d&rsquo;avoir \u00abfabriqu\u00e9 un dossier\u00bb en \u00aby versant des photos \u00e0 caract\u00e8re pornographique\u00bb.<br><br>Ousmane Sonko a pr\u00e9sent\u00e9 au juge un \u00abautre pv \u00bb qui est, d&rsquo;apr\u00e8s lui, le \u00abpv original \u00bb que Serigne Bassirou Gu\u00e8ye aurait modifi\u00e9 avant de le renvoyer aux enqu\u00eateurs de la Section de recherches (Sr).<br><br>De la m\u00eame mani\u00e8re, le leader de Pastef est revenu sur les d\u00e9clarations de l&rsquo;ex-capitaine Seydina Oumar Tour\u00e9 avant de remettre au doyen des juges les r\u00e9sultats \u00abd&rsquo;une enqu\u00eate interne de la gendarmerie \u00bb sur la gestion du dossier. Selon lui, Serigne Bassirou Gu\u00e8ye aurait tout fait pour le charger en complicit\u00e9, dit-il, avec Me Pape Mamadou So, Mamour Diallo qui a \u00e9t\u00e9 \u00abpromu\u00bb, entre autres personnes cit\u00e9es.<br><br>Auparavant, dans une d\u00e9claration spontan\u00e9e, Ousmane Sonko avait pr\u00e9cis\u00e9 au juge instructeur qu&rsquo;il ne r\u00e9pondrait pas aux questions du parquet qui, d&rsquo;apr\u00e8s lui, a particip\u00e9 au \u00abcomplot \u00bb. \u00abVous faites partie du complot donc je ne vous r\u00e9pondrais pas \u00bb, a-t-il dit.<br><br>Dans cette m\u00eame posture, le leader de Pastef, sur interpellation du Doyen des juges, a indiqu\u00e9 qu&rsquo;il ne donnerait son sang sous aucun pr\u00e9texte \u00e0 ceux qui, selon lui, seraient \u00e0 la base du \u00abcomplot\u00bb. A noter que le Doyen des juges aura pos\u00e9 au total, moins de quatre questions \u00e0 Ousmane Sonko qui a fait des d\u00e9clarations spontan\u00e9es.<br><br>La prochaine \u00e9tape devrait \u00eatre une confrontation entre le leader de Pastef et Adji Sarr.<\/p>\n","protected":false},"excerpt":{"rendered":"<p>Ce que Sonko a dit au doyen des Juges Ousmane Sonko a \u00e9t\u00e9 auditionn\u00e9 hier jeudi par le Doyen des<\/p>\n","protected":false},"author":1,"featured_media":2682,"comment_status":"open","ping_status":"open","sticky":false,"template":"","format":"standard","meta":{"footnotes":""},"categories":[21],"tags":[],"class_list":["post-2709","post","type-post","status-publish","format-standard","has-post-thumbnail","hentry","category-societe"],"_links":{"self":[{"href":"https:\/\/dekkbi.com\/index.php?rest_route=\/wp\/v2\/posts\/2709","targetHints":{"allow":["GET"]}}],"collection":[{"href":"https:\/\/dekkbi.com\/index.php?rest_route=\/wp\/v2\/posts"}],"about":[{"href":"https:\/\/dekkbi.com\/index.php?rest_route=\/wp\/v2\/types\/post"}],"author":[{"embeddable":true,"href":"https:\/\/dekkbi.com\/index.php?rest_route=\/wp\/v2\/users\/1"}],"replies":[{"embeddable":true,"href":"https:\/\/dekkbi.com\/index.php?rest_route=%2Fwp%2Fv2%2Fcomments&post=2709"}],"version-history":[{"count":2,"href":"https:\/\/dekkbi.com\/index.php?rest_route=\/wp\/v2\/posts\/2709\/revisions"}],"predecessor-version":[{"id":2783,"href":"https:\/\/dekkbi.com\/index.php?rest_route=\/wp\/v2\/posts\/2709\/revisions\/2783"}],"wp:featuredmedia":[{"embeddable":true,"href":"https:\/\/dekkbi.com\/index.php?rest_route=\/wp\/v2\/media\/2682"}],"wp:attachment":[{"href":"https:\/\/dekkbi.com\/index.php?rest_route=%2Fwp%2Fv2%2Fmedia&parent=2709"}],"wp:term":[{"taxonomy":"category","embeddable":true,"href":"https:\/\/dekkbi.com\/index.php?rest_route=%2Fwp%2Fv2%2Fcategories&post=2709"},{"taxonomy":"post_tag","embeddable":true,"href":"https:\/\/dekkbi.com\/index.php?rest_route=%2Fwp%2Fv2%2Ftags&post=2709"}],"curies":[{"name":"wp","href":"https:\/\/api.w.org\/{rel}","templated":true}]}}