{"id":27026,"date":"2023-12-12T10:30:39","date_gmt":"2023-12-12T10:30:39","guid":{"rendered":"https:\/\/dekkbi.com\/?p=27026"},"modified":"2023-12-12T10:30:41","modified_gmt":"2023-12-12T10:30:41","slug":"la-cedeao-rend-hommage-aux-presidents-macky-sall-et-georges-weah","status":"publish","type":"post","link":"https:\/\/dekkbi.com\/?p=27026","title":{"rendered":"La CEDEAO rend hommage aux Pr\u00e9sidents Macky Sall et Georges Weah"},"content":{"rendered":"\n<p>Dans son communiqu\u00e9 final \u00e0 l\u2019occasion de sa 64e session ordinaire, la Conf\u00e9rence des Chefs d\u2019\u00c9tat et de Gouvernement a tenu \u00e0 rendre \u00ab un vibrant hommage \u00e0 S.E. Macky Sall, pr\u00e9sident de la R\u00e9publique du S\u00e9n\u00e9gal, et S.E. Georges Manneh Weah, Pr\u00e9sident de la R\u00e9publique du Lib\u00e9ria\u00bb.<\/p>\n\n\n\n<p>D&rsquo;apr\u00e9s LeT\u00e9moin, cet hommage vise \u00e0 mettre en exergue \u00ab leur leadership exemplaire dans le processus d\u2019int\u00e9gration r\u00e9gionale et leur contribution \u00e0 l\u2019enracinement des valeurs de paix, de d\u00e9mocratie et de solidarit\u00e9 en Afrique de l\u2019Ouest\u00bb.<\/p>\n\n\n\n<p>Le pr\u00e9sident Macky Sall a d\u00e9cid\u00e9 le 03 juillet dernier de ne pas briguer un nouveau mandat. Il a pr\u00e9f\u00e9r\u00e9 quitter le pouvoir au soir du 03 avril prochain. Tandis que le pr\u00e9sident Georges Weah a reconnu sa d\u00e9faite lors du scrutin pr\u00e9sidentiel que son pays a organis\u00e9 le 16 novembre dernier avec la victoire au second tour de l\u2019opposant Joseph Boakai, \u00e2g\u00e9 de 78 ans.<\/p>\n\n\n\n<p>Nd\u00e8ye Fatou K\u00e9b\u00e9 &#8211; LERAL<\/p>\n","protected":false},"excerpt":{"rendered":"<p>Dans son communiqu\u00e9 final \u00e0 l\u2019occasion de sa 64e session ordinaire, la Conf\u00e9rence des Chefs d\u2019\u00c9tat et de Gouvernement a<\/p>\n","protected":false},"author":1,"featured_media":27027,"comment_status":"open","ping_status":"open","sticky":false,"template":"","format":"standard","meta":{"footnotes":""},"categories":[6],"tags":[],"class_list":["post-27026","post","type-post","status-publish","format-standard","has-post-thumbnail","hentry","category-politics"],"_links":{"self":[{"href":"https:\/\/dekkbi.com\/index.php?rest_route=\/wp\/v2\/posts\/27026","targetHints":{"allow":["GET"]}}],"collection":[{"href":"https:\/\/dekkbi.com\/index.php?rest_route=\/wp\/v2\/posts"}],"about":[{"href":"https:\/\/dekkbi.com\/index.php?rest_route=\/wp\/v2\/types\/post"}],"author":[{"embeddable":true,"href":"https:\/\/dekkbi.com\/index.php?rest_route=\/wp\/v2\/users\/1"}],"replies":[{"embeddable":true,"href":"https:\/\/dekkbi.com\/index.php?rest_route=%2Fwp%2Fv2%2Fcomments&post=27026"}],"version-history":[{"count":1,"href":"https:\/\/dekkbi.com\/index.php?rest_route=\/wp\/v2\/posts\/27026\/revisions"}],"predecessor-version":[{"id":27028,"href":"https:\/\/dekkbi.com\/index.php?rest_route=\/wp\/v2\/posts\/27026\/revisions\/27028"}],"wp:featuredmedia":[{"embeddable":true,"href":"https:\/\/dekkbi.com\/index.php?rest_route=\/wp\/v2\/media\/27027"}],"wp:attachment":[{"href":"https:\/\/dekkbi.com\/index.php?rest_route=%2Fwp%2Fv2%2Fmedia&parent=27026"}],"wp:term":[{"taxonomy":"category","embeddable":true,"href":"https:\/\/dekkbi.com\/index.php?rest_route=%2Fwp%2Fv2%2Fcategories&post=27026"},{"taxonomy":"post_tag","embeddable":true,"href":"https:\/\/dekkbi.com\/index.php?rest_route=%2Fwp%2Fv2%2Ftags&post=27026"}],"curies":[{"name":"wp","href":"https:\/\/api.w.org\/{rel}","templated":true}]}}