{"id":27023,"date":"2023-12-12T10:26:38","date_gmt":"2023-12-12T10:26:38","guid":{"rendered":"https:\/\/dekkbi.com\/?p=27023"},"modified":"2023-12-12T10:31:39","modified_gmt":"2023-12-12T10:31:39","slug":"espagne-alerte-sur-la-situation-precaire-des-senegalais-en-quete-de-passeport-au-consulat-general-du-senegal-a-madrid","status":"publish","type":"post","link":"https:\/\/dekkbi.com\/?p=27023","title":{"rendered":"Alerte sur la situation pr\u00e9caire des S\u00e9n\u00e9galais en qu\u00eate de passeport au Consulat g\u00e9n\u00e9ral du S\u00e9n\u00e9gal \u00e0 Madrid"},"content":{"rendered":"\n<p>La communaut\u00e9 s\u00e9n\u00e9galaise d\u2019Espagne fait face \u00e0 des difficult\u00e9s majeures pour obtenir des passeports aupr\u00e8s du Consulat g\u00e9n\u00e9ral du S\u00e9n\u00e9gal \u00e0 Madrid, autrefois consid\u00e9r\u00e9 comme une r\u00e9f\u00e9rence en Europe dans le traitement des dossiers des compatriotes. Cette situation a plong\u00e9 la communaut\u00e9 dans une tourmente, mena\u00e7ant la stabilit\u00e9 juridique et la vie quotidienne de nos compatriotes.<\/p>\n\n\n\n<p>La p\u00e9nurie de passeports cr\u00e9e une s\u00e9rie d\u2019obstacles, emp\u00eachant le renouvellement ou l\u2019acquisition de la carte de s\u00e9jour et mettant en danger le statut l\u00e9gal de nombreux S\u00e9n\u00e9galais en Espagne.<\/p>\n\n\n\n<p>De plus, l\u2019absence de ce document vital constitue une complication quasi insurmontable pour les prestations sociales et la demande de nationalit\u00e9 espagnole, entre autres, privant ainsi la communaut\u00e9 s\u00e9n\u00e9galaise d\u2019opportunit\u00e9s essentielles d\u2019int\u00e9gration et de bien-\u00eatre.<\/p>\n\n\n\n<p>Les nouveaux arrivants en Espagne dans les embarcations de fortune, aussi porteurs d\u2019espoir de nombreuses familles, rencontrent \u00e9galement toutes les difficult\u00e9s du monde pour obtenir un certificat de r\u00e9sidence, document essentiel dans le processus de r\u00e9gularisation de leur s\u00e9jour.<\/p>\n\n\n\n<p>Ce probl\u00e8me de passeport est encore plus pr\u00e9occupant pour les nouveau-n\u00e9s, qui se retrouvent dans une situation de vuln\u00e9rabilit\u00e9 et sans protection juridique et sanitaire.<\/p>\n\n\n\n<p>Nagu\u00e8re, le d\u00e9partement des S\u00e9n\u00e9galais de l\u2019ext\u00e9rieur, par le biais de son secr\u00e9taire d\u2019Etat de l\u2019\u00e9poque, avait annonc\u00e9 avec enthousiasme que les passeports auraient une validit\u00e9 de dix ans. Cependant, cette promesse tant attendue tarde \u00e0 se concr\u00e9tiser, tout comme l\u2019installation d\u2019un consulat \u00e0 Barcelone que le pr\u00e9sident Macky Sall avait annonc\u00e9e en grande pompe, lors de sa premi\u00e8re et derni\u00e8re venue en Espagne en d\u00e9cembre 2015.<\/p>\n\n\n\n<p>Il est imp\u00e9ratif de d\u00e9congestionner ce consulat afin d\u2019assurer un service de qualit\u00e9.<\/p>\n\n\n\n<p>La communaut\u00e9 s\u00e9n\u00e9galaise d\u2019Espagne a longtemps \u00e9t\u00e9 trait\u00e9e comme des S\u00e9n\u00e9galais enti\u00e8rement&nbsp;\u00e0 part. Elle a \u00e9t\u00e9 laiss\u00e9e pour compte dans les politiques gouvernementales. Cet \u00e9tat de fait cr\u00e9e un profond sentiment d\u2019injustice et d\u2019abandon par les autorit\u00e9s. Malheureusement, malgr\u00e9 leurs promesses de mesures concr\u00e8tes pour am\u00e9liorer la vie des S\u00e9n\u00e9galais d\u2019Espagne, nous constatons que ces engagements n\u2019ont pas \u00e9t\u00e9 suivis d\u2019actions concr\u00e8tes. Les attentes sont \u00e9lev\u00e9es, mais jusqu\u2019\u00e0 pr\u00e9sent, les r\u00e9sultats sont en de\u00e7\u00e0 des attentes, pour ne pas dire inexistants. Il est essentiel que le gouvernement s\u00e9n\u00e9galais prenne des mesures imm\u00e9diates pour rem\u00e9dier \u00e0 cette situation et tenir ses engagements envers la communaut\u00e9 s\u00e9n\u00e9galaise \u00e9tablie en Espagne. Les S\u00e9n\u00e9galais m\u00e9ritent d\u2019\u00eatre trait\u00e9s avec respect et d\u2019avoir acc\u00e8s aux m\u00eames opportunit\u00e9s et avantages que les compatriotes de la diaspora.<\/p>\n\n\n\n<p>Il est temps que nos autorit\u00e9s mettent fin \u00e0 ces fausses attentes et nous consid\u00e8rent comme des S\u00e9n\u00e9galais \u00e0 part enti\u00e8re.<\/p>\n\n\n\n<p>Il est aussi primordial que le gouvernement s\u00e9n\u00e9galais prenne des mesures concr\u00e8tes pour r\u00e9soudre ce probl\u00e8me, en garantissant un approvisionnement ad\u00e9quat en talons de passeport et en am\u00e9liorant les processus de d\u00e9livrance des documents. Cela permettra de restaurer la stabilit\u00e9 et la confiance au sein de la communaut\u00e9 s\u00e9n\u00e9galaise \u00e9tablie en Espagne.<\/p>\n\n\n\n<p>La situation exige une action urgente de la part du gouvernement s\u00e9n\u00e9galais, afin de prot\u00e9ger les droits et le bien-\u00eatre de nos compatriotes vivant au royaume de Don Felipe VI. Sous ce rapport, une solution rapide et efficace s\u2019impose.<\/p>\n\n\n\n<p><br><strong>Momar Dieng DIOP<\/strong><br><strong>Espagne<\/strong><\/p>\n","protected":false},"excerpt":{"rendered":"<p>La communaut\u00e9 s\u00e9n\u00e9galaise d\u2019Espagne fait face \u00e0 des difficult\u00e9s majeures pour obtenir des passeports aupr\u00e8s du Consulat g\u00e9n\u00e9ral du S\u00e9n\u00e9gal<\/p>\n","protected":false},"author":1,"featured_media":27024,"comment_status":"open","ping_status":"open","sticky":false,"template":"","format":"standard","meta":{"footnotes":""},"categories":[21],"tags":[],"class_list":["post-27023","post","type-post","status-publish","format-standard","has-post-thumbnail","hentry","category-societe"],"_links":{"self":[{"href":"https:\/\/dekkbi.com\/index.php?rest_route=\/wp\/v2\/posts\/27023","targetHints":{"allow":["GET"]}}],"collection":[{"href":"https:\/\/dekkbi.com\/index.php?rest_route=\/wp\/v2\/posts"}],"about":[{"href":"https:\/\/dekkbi.com\/index.php?rest_route=\/wp\/v2\/types\/post"}],"author":[{"embeddable":true,"href":"https:\/\/dekkbi.com\/index.php?rest_route=\/wp\/v2\/users\/1"}],"replies":[{"embeddable":true,"href":"https:\/\/dekkbi.com\/index.php?rest_route=%2Fwp%2Fv2%2Fcomments&post=27023"}],"version-history":[{"count":2,"href":"https:\/\/dekkbi.com\/index.php?rest_route=\/wp\/v2\/posts\/27023\/revisions"}],"predecessor-version":[{"id":27029,"href":"https:\/\/dekkbi.com\/index.php?rest_route=\/wp\/v2\/posts\/27023\/revisions\/27029"}],"wp:featuredmedia":[{"embeddable":true,"href":"https:\/\/dekkbi.com\/index.php?rest_route=\/wp\/v2\/media\/27024"}],"wp:attachment":[{"href":"https:\/\/dekkbi.com\/index.php?rest_route=%2Fwp%2Fv2%2Fmedia&parent=27023"}],"wp:term":[{"taxonomy":"category","embeddable":true,"href":"https:\/\/dekkbi.com\/index.php?rest_route=%2Fwp%2Fv2%2Fcategories&post=27023"},{"taxonomy":"post_tag","embeddable":true,"href":"https:\/\/dekkbi.com\/index.php?rest_route=%2Fwp%2Fv2%2Ftags&post=27023"}],"curies":[{"name":"wp","href":"https:\/\/api.w.org\/{rel}","templated":true}]}}