{"id":27002,"date":"2023-12-12T09:58:02","date_gmt":"2023-12-12T09:58:02","guid":{"rendered":"https:\/\/dekkbi.com\/?p=27002"},"modified":"2023-12-12T10:45:35","modified_gmt":"2023-12-12T10:45:35","slug":"la-guinee-condamnee-a-payer-19-millions-de-fcfa-de-reparation-a-un-de-ses-citoyens","status":"publish","type":"post","link":"https:\/\/dekkbi.com\/?p=27002","title":{"rendered":"La Guin\u00e9e condamn\u00e9e \u00e0 payer 19 millions de FCFA \u00e0 un de ses citoyens"},"content":{"rendered":"\n<p>Dakar,  (APS) \u2013 La Cour de justice de la CEDEAO a condamn\u00e9 lundi la Guin\u00e9e \u00e0 payer 19 millions de francs Cfa \u00e0 titre de r\u00e9paration et 3 millions de francs CFA pour dommages et int\u00e9r\u00eats \u00e0 un citoyen guin\u00e9en dont le fils avait \u00e9t\u00e9 mortellement bless\u00e9 lors d\u2019\u00e9meutes survenues \u00e0 l\u2019Universit\u00e9 de Lab\u00e9, a appris l\u2019APS de la juridiction communautaire.<\/p>\n\n\n\n<p>\u2018\u2019La Cour de justice de la CEDEAO a, le 11 d\u00e9cembre 2023, ordonn\u00e9 \u00e0 l\u2019Etat de Guin\u00e9e \u00e0&nbsp;verser deux&nbsp;cent soixante-neuf millions (269 000 000) de francs guin\u00e9ens \u00e0 titre de&nbsp;r\u00e9paration du pr\u00e9judice moral&nbsp;pour violation du droit \u00e0 la vie et \u00e0 l\u2019int\u00e9grit\u00e9\u0301 du requ\u00e9rant&nbsp;dont le fils a \u00e9t\u00e9\u0301 gravement bless\u00e9 lors&nbsp;d\u2019une manifestation \u00e0 Lab\u00e9 en Guin\u00e9e\u2019\u2019, rapporte la Cour dans un communiqu\u00e9 parvenu \u00e0 l\u2019\u2019APS.<\/p>\n\n\n\n<p>La Cour de justice de la Communaut\u00e9 \u00e9conomique des Etats de l\u2019Afrique de l\u2019ouest a&nbsp;\u00e9galement ordonn\u00e9 \u00e0 l\u2019Etat guin\u00e9en de verser au&nbsp;requ\u00e9rant quarante-quatre millions de francs guin\u00e9ens (44&nbsp;000 000) \u00e0 titre de dommages et int\u00e9r\u00eats, indique la source.<\/p>\n\n\n\n<p>Dans son arr\u00eat, la juridiction communautaire a estim\u00e9 que l\u2019Etat guin\u00e9en avait viol\u00e9\u0301 le droit fondamental du requ\u00e9rant en vertu de la Charte africaine des droits de l\u2019homme et des peuples et d\u2019autres trait\u00e9s relatifs aux droits humains fondamentaux.<\/p>\n\n\n\n<p>Mamadou Mouctar Bald\u00e9 avait d\u00e9pos\u00e9\u0301 une plainte devant la Cour en all\u00e9guant la violation du droit \u00e0 la vie de son fils Amadou Bald\u00e9. Il avait affirm\u00e9\u0301 que son fils \u00e9tait d\u00e9c\u00e9d\u00e9\u0301 des suites d\u2019une blessure mortelle subie lors d\u2019une \u00e9meute \u00e0 l\u2019Universit\u00e9\u0301 de Lab\u00e9, o\u00f9 les agents des forces publiques avaient manqu\u00e9 \u00e0 leurs obligations en vertu du droit international.<\/p>\n\n\n\n<p>Pour sa d\u00e9fense, l\u2019Etat guin\u00e9en avait reconnu le d\u00e9c\u00e8s du jeune Amadou Bald\u00e9 mais avait ni\u00e9 toute responsabilit\u00e9 dans son d\u00e9c\u00e8s, en estimant que les agents de s\u00e9curit\u00e9 avaient un mandat l\u00e9gal.<\/p>\n\n\n\n<p>L\u2019Etat guin\u00e9en avait dans le m\u00eame temps insist\u00e9 sur le fait qu\u2019une enqu\u00eate avait \u00e9t\u00e9 ouverte et que des poursuites avaient \u00e9t\u00e9\u0301 engag\u00e9es, mais interrompues apr\u00e8s un incendie au tribunal&nbsp;de premi\u00e8re instance de Lab\u00e9. Cela a d\u00e9truit les&nbsp;documents du dossier.<\/p>\n\n\n\n<p>Rappelant que les Etats avaient le devoir de sauvegarder le droit \u00e0 la vie pendant les&nbsp;manifestations, la Cour a estim\u00e9 que la mort d\u2019Amadou Bald\u00e9 lors de la&nbsp;manifestation de Lab\u00e9 constitue une violation de&nbsp;l\u2019article 4 de la Charte africaine des&nbsp;droits de l\u2019homme et des peuples.<\/p>\n\n\n\n<p>Elle a \u00e9galement d\u00e9clar\u00e9 que les all\u00e9gations selon lesquelles des documents manquaient pour poursuivre le proc\u00e8s apr\u00e8s l\u2019incendie n\u2019\u00e9taient pas acceptables, faisant savoir qu\u2019aucune preuve n\u2019existait pour l\u2019\u00e9tayer.<\/p>\n\n\n\n<p>AKS\/OID<\/p>\n","protected":false},"excerpt":{"rendered":"<p>Dakar, (APS) \u2013 La Cour de justice de la CEDEAO a condamn\u00e9 lundi la Guin\u00e9e \u00e0 payer 19 millions de<\/p>\n","protected":false},"author":1,"featured_media":27003,"comment_status":"open","ping_status":"open","sticky":false,"template":"","format":"standard","meta":{"footnotes":""},"categories":[26],"tags":[],"class_list":["post-27002","post","type-post","status-publish","format-standard","has-post-thumbnail","hentry","category-fait-divers"],"_links":{"self":[{"href":"https:\/\/dekkbi.com\/index.php?rest_route=\/wp\/v2\/posts\/27002","targetHints":{"allow":["GET"]}}],"collection":[{"href":"https:\/\/dekkbi.com\/index.php?rest_route=\/wp\/v2\/posts"}],"about":[{"href":"https:\/\/dekkbi.com\/index.php?rest_route=\/wp\/v2\/types\/post"}],"author":[{"embeddable":true,"href":"https:\/\/dekkbi.com\/index.php?rest_route=\/wp\/v2\/users\/1"}],"replies":[{"embeddable":true,"href":"https:\/\/dekkbi.com\/index.php?rest_route=%2Fwp%2Fv2%2Fcomments&post=27002"}],"version-history":[{"count":2,"href":"https:\/\/dekkbi.com\/index.php?rest_route=\/wp\/v2\/posts\/27002\/revisions"}],"predecessor-version":[{"id":27038,"href":"https:\/\/dekkbi.com\/index.php?rest_route=\/wp\/v2\/posts\/27002\/revisions\/27038"}],"wp:featuredmedia":[{"embeddable":true,"href":"https:\/\/dekkbi.com\/index.php?rest_route=\/wp\/v2\/media\/27003"}],"wp:attachment":[{"href":"https:\/\/dekkbi.com\/index.php?rest_route=%2Fwp%2Fv2%2Fmedia&parent=27002"}],"wp:term":[{"taxonomy":"category","embeddable":true,"href":"https:\/\/dekkbi.com\/index.php?rest_route=%2Fwp%2Fv2%2Fcategories&post=27002"},{"taxonomy":"post_tag","embeddable":true,"href":"https:\/\/dekkbi.com\/index.php?rest_route=%2Fwp%2Fv2%2Ftags&post=27002"}],"curies":[{"name":"wp","href":"https:\/\/api.w.org\/{rel}","templated":true}]}}