{"id":26996,"date":"2023-12-12T09:47:50","date_gmt":"2023-12-12T09:47:50","guid":{"rendered":"https:\/\/dekkbi.com\/?p=26996"},"modified":"2023-12-12T10:23:59","modified_gmt":"2023-12-12T10:23:59","slug":"il-nexiste-pas-une-mine-de-diamant-dans-le-territoire-senegalais-selon-lingenieur-geologue-ousmane-cisse","status":"publish","type":"post","link":"https:\/\/dekkbi.com\/?p=26996","title":{"rendered":"Il n\u2019existe pas une mine de diamant dans le territoire s\u00e9n\u00e9galais"},"content":{"rendered":"\n<p>Dakar,  (APS) \u2013 Toutes les missions de recherche de diamant effectu\u00e9es au S\u00e9n\u00e9gal sont rest\u00e9es infructueuses, a soutenu le directeur g\u00e9n\u00e9ral de la Soci\u00e9t\u00e9 des mines du S\u00e9n\u00e9gal, Ousmane Ciss\u00e9, \u00e0 la suite des propos tenus par l\u2019avocat et opposant Moussa Diop faisant \u00e9tat de l\u2019existence dans le pays de mines produisant ce pr\u00e9cieux minerai.<\/p>\n\n\n\n<p>\u2018\u2019De 1900 [aux] ann\u00e9es 60 et 70, beaucoup de missions ont \u00e9t\u00e9 effectu\u00e9es mais elles ont toutes conclu \u00e0 l\u2019inexistence du diamant au S\u00e9n\u00e9gal\u2019\u2019, a d\u00e9clar\u00e9 M. Ciss\u00e9.<\/p>\n\n\n\n<p>Moussa Diop, candidat \u00e0 la candidature \u00e0 l\u2019\u00e9lection pr\u00e9sidentielle du 25 f\u00e9vrier prochain et ancien collaborateur du pr\u00e9sident de la R\u00e9publique, a cit\u00e9 les noms de personnalit\u00e9s dans un pr\u00e9sum\u00e9 scandale d\u2019exploitation mini\u00e8re, lors d\u2019une conf\u00e9rence de presse donn\u00e9e samedi.<\/p>\n\n\n\n<p>\u2018\u2019Les quelques petites pierres retrouv\u00e9es dans le lit du fleuve Fal\u00e9m\u00e9 sont du diamant alluvionnaire, qui provient de la Guin\u00e9e et est emport\u00e9 par les eaux\u2019\u2019, a argu\u00e9 Ousmane Ciss\u00e9, ing\u00e9nieur g\u00e9ologue, fonctionnaire de l\u2019administration mini\u00e8re du S\u00e9n\u00e9gal et ancien directeur g\u00e9n\u00e9ral des mines.<\/p>\n\n\n\n<p>\u2018\u2019Il n\u2019y a pas eu de nouvelles d\u00e9couvertes\u2019\u2019 de diamant parce que \u2018\u2019du point de vue g\u00e9ologique, le S\u00e9n\u00e9gal n\u2019a pas de roches qui renferment\u2019\u2019 cette pr\u00e9cieuse pierre, a soutenu M. Ciss\u00e9.<\/p>\n\n\n\n<p>Il ajoute qu\u2019\u2018\u2019il n\u2019existe pas une soci\u00e9t\u00e9 mini\u00e8re qui exploite du diamant\u2019\u2019 dans le portefeuille de la SOMISEN.<\/p>\n\n\n\n<p><strong>\u2018\u2019Le S\u00e9n\u00e9gal n\u2019a pas de roches qui renferment [du diamant]\u2019\u2019<\/strong><\/p>\n\n\n\n<p>\u2018\u2019S\u2019il n\u2019y pas de diamant \u00e0 exploiter, il ne peut pas y avoir un permis d\u2019exploitation, ni une concession mini\u00e8re\u2019\u2019, a fait valoir Ousmane Ciss\u00e9, un proche du pr\u00e9sident de la R\u00e9publique.<\/p>\n\n\n\n<p>Ce dernier, selon plusieurs m\u00e9dias, a \u00e9t\u00e9 mis en cause dans le pr\u00e9sum\u00e9 scandale d\u00e9nonc\u00e9 par Moussa Diop.<\/p>\n\n\n\n<p>\u2018\u2019Les permis de recherche sont d\u00e9livr\u00e9s par le ministre charg\u00e9 du secteur (le minist\u00e8re des Mines), pas par le pr\u00e9sident de la R\u00e9publique\u2019\u2019, a argu\u00e9 M. Ciss\u00e9, d\u00e9fendant Macky Sall.<\/p>\n\n\n\n<p>Le minist\u00e8re des Mines et de la G\u00e9ologie d\u00e9clare, \u00e0 la suite de la conf\u00e9rence de Moussa Diop, qu\u2019\u2018\u2019il existe deux permis de recherche de diamant en cours de validit\u00e9, ainsi qu\u2019une autorisation d\u2019exploitation semi-m\u00e9canis\u00e9e, pour lesquels des r\u00e9sultats concluants n\u2019ont pas \u00e9t\u00e9 encore obtenus\u2019\u2019.<\/p>\n\n\n\n<p>Me Diop a cit\u00e9 les noms de Macky Sall et de l\u2019ancien ministre des Mines Aly Ngouille Ndiaye en parlant de l\u2019attribution d\u2019un contrat d\u2019exploitation d\u2019une mine de diamant au S\u00e9n\u00e9gal.<\/p>\n\n\n\n<p>M. Ndiaye, candidat \u00e0 la candidature \u00e0 l\u2019\u00e9lection pr\u00e9sidentielle, l\u2019a \u00e9galement d\u00e9menti.<\/p>\n\n\n\n<p>Me Diop a d\u00e9clar\u00e9, lundi, avoir \u00e9t\u00e9 convoqu\u00e9 \u00e0 la S\u00fbret\u00e9 urbaine de Dakar en raison des propos tenus lors de sa conf\u00e9rence de presse.<\/p>\n\n\n\n<p>L\u2019avocat a rejoint l\u2019opposition \u00e0 la suite de son limogeage du poste de directeur g\u00e9n\u00e9ral de la soci\u00e9t\u00e9 nationale de transport Dakar Dem Dikk. Son limogeage a lieu apr\u00e8s qu\u2019il a soutenu dans une interview que Macky Sall n\u2019avait pas le droit d\u2019\u00eatre candidat \u00e0 l\u2019\u00e9lection pr\u00e9sidentielle de 2024.<\/p>\n\n\n\n<p>M. Sall refusait \u00e0 l\u2019\u00e9poque de dire s\u2019il serait candidat ou pas.<\/p>\n\n\n\n<p>PD\/BB\/OID\/ESF\/ASG<\/p>\n","protected":false},"excerpt":{"rendered":"<p>Dakar, (APS) \u2013 Toutes les missions de recherche de diamant effectu\u00e9es au S\u00e9n\u00e9gal sont rest\u00e9es infructueuses, a soutenu le directeur<\/p>\n","protected":false},"author":1,"featured_media":26997,"comment_status":"open","ping_status":"open","sticky":false,"template":"","format":"standard","meta":{"footnotes":""},"categories":[3],"tags":[],"class_list":["post-26996","post","type-post","status-publish","format-standard","has-post-thumbnail","hentry","category-event-more-news"],"_links":{"self":[{"href":"https:\/\/dekkbi.com\/index.php?rest_route=\/wp\/v2\/posts\/26996","targetHints":{"allow":["GET"]}}],"collection":[{"href":"https:\/\/dekkbi.com\/index.php?rest_route=\/wp\/v2\/posts"}],"about":[{"href":"https:\/\/dekkbi.com\/index.php?rest_route=\/wp\/v2\/types\/post"}],"author":[{"embeddable":true,"href":"https:\/\/dekkbi.com\/index.php?rest_route=\/wp\/v2\/users\/1"}],"replies":[{"embeddable":true,"href":"https:\/\/dekkbi.com\/index.php?rest_route=%2Fwp%2Fv2%2Fcomments&post=26996"}],"version-history":[{"count":2,"href":"https:\/\/dekkbi.com\/index.php?rest_route=\/wp\/v2\/posts\/26996\/revisions"}],"predecessor-version":[{"id":27022,"href":"https:\/\/dekkbi.com\/index.php?rest_route=\/wp\/v2\/posts\/26996\/revisions\/27022"}],"wp:featuredmedia":[{"embeddable":true,"href":"https:\/\/dekkbi.com\/index.php?rest_route=\/wp\/v2\/media\/26997"}],"wp:attachment":[{"href":"https:\/\/dekkbi.com\/index.php?rest_route=%2Fwp%2Fv2%2Fmedia&parent=26996"}],"wp:term":[{"taxonomy":"category","embeddable":true,"href":"https:\/\/dekkbi.com\/index.php?rest_route=%2Fwp%2Fv2%2Fcategories&post=26996"},{"taxonomy":"post_tag","embeddable":true,"href":"https:\/\/dekkbi.com\/index.php?rest_route=%2Fwp%2Fv2%2Ftags&post=26996"}],"curies":[{"name":"wp","href":"https:\/\/api.w.org\/{rel}","templated":true}]}}