{"id":26880,"date":"2023-12-10T10:26:30","date_gmt":"2023-12-10T10:26:30","guid":{"rendered":"https:\/\/dekkbi.com\/?p=26880"},"modified":"2023-12-10T10:27:24","modified_gmt":"2023-12-10T10:27:24","slug":"abdoul-mbaye-je-ne-ferai-quun-mandat-unique-si-je-suis-elu-president","status":"publish","type":"post","link":"https:\/\/dekkbi.com\/?p=26880","title":{"rendered":"Abdoul Mbaye : \u00ab\u00a0Je ne ferai qu\u2019un mandat unique si je suis \u00e9lu pr\u00e9sident \u00ab\u00a0"},"content":{"rendered":"\n<p>Candidat d\u00e9clar\u00e9 \u00e0 la pr\u00e9sidentielle de 2024, Abdoul Mbaye a \u00e9t\u00e9 officiellement investi ce samedi. Face \u00e0 l\u2019Assistance, le leader de l\u2019Alliance pour la Citoyennet\u00e9 et le Travail a r\u00e9it\u00e9r\u00e9 son engagement. Celui de faire un mandat unique, si jamais il est \u00e9lu pr\u00e9sident de la r\u00e9publique.<\/p>\n\n\n\n<p>Abdoul Mbaye ne compte pas s\u2019\u00e9loigner de sa promesse, si jamais il est \u00e9lu pr\u00e9sident de la R\u00e9publique du S\u00e9n\u00e9gal. Il assure qu\u2019il ne fera qu\u2019un mandat si jamais il est \u00e9lu \u00e0 la t\u00eate du pays.\u00abMoi Abdoul Mbaye, je saurais porter le souvenir du fardeau de mes promesses. Respecter les engagements que j\u2019ais pris. Ceux d\u2019hier, ceux de mon serment du 18 mars 2023. <\/p>\n\n\n\n<p>Notamment celui de ne faire qu\u2019un mandat unique\u00bb, a promis l\u2019ex-premier ministre du S\u00e9n\u00e9gal, candidat d\u00e9clar\u00e9 \u00e0 la pr\u00e9sidentielle de 2024.Le mandat unique sera consacr\u00e9 \u00e0 la transition d\u00e9mocratique du S\u00e9n\u00e9gal et \u00e0 la restauration des fondamentaux \u00e9conomiques et financiers de notre pays indique le leader de L&rsquo;Act dont vous pouvez suivre l\u2019int\u00e9gralit\u00e9 du discours ci-dessous.<\/p>\n\n\n\n<p>IGFM <\/p>\n\n\n\n<p><\/p>\n","protected":false},"excerpt":{"rendered":"<p>Candidat d\u00e9clar\u00e9 \u00e0 la pr\u00e9sidentielle de 2024, Abdoul Mbaye a \u00e9t\u00e9 officiellement investi ce samedi. Face \u00e0 l\u2019Assistance, le leader<\/p>\n","protected":false},"author":1,"featured_media":25516,"comment_status":"open","ping_status":"open","sticky":false,"template":"","format":"standard","meta":{"footnotes":""},"categories":[6],"tags":[],"class_list":["post-26880","post","type-post","status-publish","format-standard","has-post-thumbnail","hentry","category-politics"],"_links":{"self":[{"href":"https:\/\/dekkbi.com\/index.php?rest_route=\/wp\/v2\/posts\/26880","targetHints":{"allow":["GET"]}}],"collection":[{"href":"https:\/\/dekkbi.com\/index.php?rest_route=\/wp\/v2\/posts"}],"about":[{"href":"https:\/\/dekkbi.com\/index.php?rest_route=\/wp\/v2\/types\/post"}],"author":[{"embeddable":true,"href":"https:\/\/dekkbi.com\/index.php?rest_route=\/wp\/v2\/users\/1"}],"replies":[{"embeddable":true,"href":"https:\/\/dekkbi.com\/index.php?rest_route=%2Fwp%2Fv2%2Fcomments&post=26880"}],"version-history":[{"count":2,"href":"https:\/\/dekkbi.com\/index.php?rest_route=\/wp\/v2\/posts\/26880\/revisions"}],"predecessor-version":[{"id":26884,"href":"https:\/\/dekkbi.com\/index.php?rest_route=\/wp\/v2\/posts\/26880\/revisions\/26884"}],"wp:featuredmedia":[{"embeddable":true,"href":"https:\/\/dekkbi.com\/index.php?rest_route=\/wp\/v2\/media\/25516"}],"wp:attachment":[{"href":"https:\/\/dekkbi.com\/index.php?rest_route=%2Fwp%2Fv2%2Fmedia&parent=26880"}],"wp:term":[{"taxonomy":"category","embeddable":true,"href":"https:\/\/dekkbi.com\/index.php?rest_route=%2Fwp%2Fv2%2Fcategories&post=26880"},{"taxonomy":"post_tag","embeddable":true,"href":"https:\/\/dekkbi.com\/index.php?rest_route=%2Fwp%2Fv2%2Ftags&post=26880"}],"curies":[{"name":"wp","href":"https:\/\/api.w.org\/{rel}","templated":true}]}}