{"id":26860,"date":"2023-12-09T12:11:33","date_gmt":"2023-12-09T12:11:33","guid":{"rendered":"https:\/\/dekkbi.com\/?p=26860"},"modified":"2023-12-09T12:11:33","modified_gmt":"2023-12-09T12:11:33","slug":"21e-edition-de-la-dakar-fashion-week-adama-paris-celebre-la-mode-africaine","status":"publish","type":"post","link":"https:\/\/dekkbi.com\/?p=26860","title":{"rendered":"21e \u00e9dition de la Dakar Fashion Week : Adama Paris c\u00e9l\u00e8bre la mode africaine"},"content":{"rendered":"\n<p>iGFM \u2013 (Dakar) Le plus prestigieux rendez-vous de mode en Afrique et particuli\u00e8rement au S\u00e9n\u00e9gal s&rsquo;est ouvert ce jeudi 7 d\u00e9cembre 2023.<\/p>\n\n\n\n<p> Adama Amanda Ndiaye, plus connue sous le nom d\u2019Adama Paris, cr\u00e9atrice de mode s\u00e9n\u00e9galaise et \u00e9galement fondatrice de la Dakar Fashion Week, a proc\u00e9d\u00e9 au lancement de la 21eme \u00e9dition de la semaine de la mode. <\/p>\n\n\n\n<p>Cet \u00e9v\u00e8nement multinational se d\u00e9roule du 7 au 10 d\u00e9cembre. Le lancement s\u2019est d\u00e9roul\u00e9 en pr\u00e9sence d\u2019une dizaine de cr\u00e9ateurs s\u00e9n\u00e9galais et de la sous-r\u00e9gion.<\/p>\n\n\n\n<p>Face \u00e0 la presse, Adama Paris a partag\u00e9 sa fiert\u00e9 d\u2019avoir vu la Dakar Fashion Week \u00e9voluer au fil des ann\u00e9es, devenant un rendez-vous incontournable pour les passionn\u00e9s de mode d\u2019ici et d\u2019ailleurs. Elle a par ailleurs soulign\u00e9 \u201cl&rsquo;importance de cet \u00e9v\u00e8nement pour booster l\u2019innovation, l\u2019inspiration et la collaboration entre les cr\u00e9ateurs de mode africains\u201d.<\/p>\n","protected":false},"excerpt":{"rendered":"<p>iGFM \u2013 (Dakar) Le plus prestigieux rendez-vous de mode en Afrique et particuli\u00e8rement au S\u00e9n\u00e9gal s&rsquo;est ouvert ce jeudi 7<\/p>\n","protected":false},"author":1,"featured_media":26861,"comment_status":"open","ping_status":"open","sticky":false,"template":"","format":"standard","meta":{"footnotes":""},"categories":[26],"tags":[],"class_list":["post-26860","post","type-post","status-publish","format-standard","has-post-thumbnail","hentry","category-fait-divers"],"_links":{"self":[{"href":"https:\/\/dekkbi.com\/index.php?rest_route=\/wp\/v2\/posts\/26860","targetHints":{"allow":["GET"]}}],"collection":[{"href":"https:\/\/dekkbi.com\/index.php?rest_route=\/wp\/v2\/posts"}],"about":[{"href":"https:\/\/dekkbi.com\/index.php?rest_route=\/wp\/v2\/types\/post"}],"author":[{"embeddable":true,"href":"https:\/\/dekkbi.com\/index.php?rest_route=\/wp\/v2\/users\/1"}],"replies":[{"embeddable":true,"href":"https:\/\/dekkbi.com\/index.php?rest_route=%2Fwp%2Fv2%2Fcomments&post=26860"}],"version-history":[{"count":1,"href":"https:\/\/dekkbi.com\/index.php?rest_route=\/wp\/v2\/posts\/26860\/revisions"}],"predecessor-version":[{"id":26862,"href":"https:\/\/dekkbi.com\/index.php?rest_route=\/wp\/v2\/posts\/26860\/revisions\/26862"}],"wp:featuredmedia":[{"embeddable":true,"href":"https:\/\/dekkbi.com\/index.php?rest_route=\/wp\/v2\/media\/26861"}],"wp:attachment":[{"href":"https:\/\/dekkbi.com\/index.php?rest_route=%2Fwp%2Fv2%2Fmedia&parent=26860"}],"wp:term":[{"taxonomy":"category","embeddable":true,"href":"https:\/\/dekkbi.com\/index.php?rest_route=%2Fwp%2Fv2%2Fcategories&post=26860"},{"taxonomy":"post_tag","embeddable":true,"href":"https:\/\/dekkbi.com\/index.php?rest_route=%2Fwp%2Fv2%2Ftags&post=26860"}],"curies":[{"name":"wp","href":"https:\/\/api.w.org\/{rel}","templated":true}]}}