{"id":26844,"date":"2023-12-09T11:36:22","date_gmt":"2023-12-09T11:36:22","guid":{"rendered":"https:\/\/dekkbi.com\/?p=26844"},"modified":"2023-12-09T11:36:23","modified_gmt":"2023-12-09T11:36:23","slug":"festival-les-blues-du-fleuve-la-15e-edition-officiellement-lancee","status":"publish","type":"post","link":"https:\/\/dekkbi.com\/?p=26844","title":{"rendered":"Festival \u2018\u2019Les Blues du fleuve\u2019\u2019 : la 15e \u00e9dition officiellement lanc\u00e9e"},"content":{"rendered":"\n<p>Festival \u2018\u2019Les Blues du fleuve\u2019\u2019 : la 15e \u00e9dition officiellement lanc\u00e9e Podor, 8 d\u00e9c (APS) \u2013 Le gouverneur de Saint-Louis (nord), Alioune Badara Sambe, a pr\u00e9sid\u00e9, vendredi, la c\u00e9r\u00e9monie officielle d\u2019ouverture de la 15e \u00e9dition du festival international \u2018\u2019Les Blues du fleuve\u2019\u2019, une manifestation qui, selon lui, est \u2018\u2019un levier pour booster le d\u00e9veloppement de Podor\u2019\u2019, un d\u00e9partement du nord du pays.<\/p>\n\n\n\n<p>\u2018\u2019Certes, c\u2019est un rendez-vous culturel \u00e0 l\u2019origine, mais aujourd\u2019hui il fait na\u00eetre beaucoup de projets pour le d\u00e9veloppement durable dans divers domaines\u2019\u2019, a-t-il d\u00e9clar\u00e9 au sujet du festival \u2018\u2019Les Blues du fleuve\u2019\u2019, dont l\u2019\u00e9dition de cette ann\u00e9e portait sur le th\u00e8me \u2018\u2019Entrepreneuriat f\u00e9minin et d\u00e9veloppement durable\u2019\u2019.<\/p>\n\n\n\n<p>Le gouverneur de Saint-Louis repr\u00e9sentait le ministre de la Culture et du Patrimoine historique. Il a pr\u00e9sent\u00e9 \u2018\u2019les regrets\u2019\u2019 de ce dernier de \u2018\u2019n\u2019avoir pu \u00eatre pr\u00e9sent\u2019\u2019 \u00e0 la c\u00e9r\u00e9monie d\u2019ouverture de ce festival qui se tient \u2018\u2019sur les berges du fleuve S\u00e9n\u00e9gal\u2019\u2019, cours d\u2019eau servant de \u2018\u2019v\u00e9ritable trait d\u2019union\u2019\u2019 entre les peuples s\u00e9n\u00e9galais et mauritanien.\u2018\u2019<\/p>\n\n\n\n<p>Des projets sont sortis de terre\u2019\u2019Selon l\u2019artiste Baaba Maal, son promoteur, c\u2019est \u00e0 partir des contacts tiss\u00e9s lors de pr\u00e9c\u00e9dentes \u00e9ditions du festival que \u2018\u2019des projets sont sortis de terre\u2019\u2019, sous l\u2019\u00e9gide d\u2019une structure d\u00e9nomm\u00e9e NANN-K, acronyme signifiant pour une formule en langue peule \u2018\u2019Ndema, Awoo, Ngaynaaka Nalankaakal- Karalaagal\u2019\u2019 (agriculture, p\u00eache, \u00e9levage, culture et technologie).<\/p>\n\n\n\n<p>\u2018\u2019Pr\u00e9sentement, avec ce projet, 40 hectares sont mis en valeur au profit des populations de la commune [de Podor], particuli\u00e8rement des femmes et des jeunes\u2019\u2019, a dit Baaba Maal.Le gouverneur de la r\u00e9gion de Saint-Louis a remerci\u00e9 le repr\u00e9sentant du conseil d\u00e9partemental de Podor pour son intervention au cours de laquelle il affirme que cette collectivit\u00e9 territoriale va d\u00e9sormais co-organiser, avec Baaba Maal, les \u00e9ditions \u00e0 venir du festival.<\/p>\n\n\n\n<p>Au nom du maire de Podor, Mamadou Racine Sy, endeuill\u00e9 et retenu \u00e0 Dakar, son premier adjoint, Assane Yaba Mbodj, a exprim\u00e9 sa reconnaissance envers les organisateurs. Ils l\u2019ont choisi comme parrain de l\u2019\u00e9dition 2023 de la manifestation.Plusieurs d\u00e9l\u00e9gations \u00e9trang\u00e8res, dont des Afro-Am\u00e9ricains venus de Denver, aux \u00c9tats Unis, y prennent part.<\/p>\n\n\n\n<p>AHD\/BK\/ESF<\/p>\n\n\n\n<p>ZPS<\/p>\n\n\n\n<p>APS<\/p>\n","protected":false},"excerpt":{"rendered":"<p>Festival \u2018\u2019Les Blues du fleuve\u2019\u2019 : la 15e \u00e9dition officiellement lanc\u00e9e Podor, 8 d\u00e9c (APS) \u2013 Le gouverneur de Saint-Louis<\/p>\n","protected":false},"author":1,"featured_media":26845,"comment_status":"open","ping_status":"open","sticky":false,"template":"","format":"standard","meta":{"footnotes":""},"categories":[21],"tags":[],"class_list":["post-26844","post","type-post","status-publish","format-standard","has-post-thumbnail","hentry","category-societe"],"_links":{"self":[{"href":"https:\/\/dekkbi.com\/index.php?rest_route=\/wp\/v2\/posts\/26844","targetHints":{"allow":["GET"]}}],"collection":[{"href":"https:\/\/dekkbi.com\/index.php?rest_route=\/wp\/v2\/posts"}],"about":[{"href":"https:\/\/dekkbi.com\/index.php?rest_route=\/wp\/v2\/types\/post"}],"author":[{"embeddable":true,"href":"https:\/\/dekkbi.com\/index.php?rest_route=\/wp\/v2\/users\/1"}],"replies":[{"embeddable":true,"href":"https:\/\/dekkbi.com\/index.php?rest_route=%2Fwp%2Fv2%2Fcomments&post=26844"}],"version-history":[{"count":1,"href":"https:\/\/dekkbi.com\/index.php?rest_route=\/wp\/v2\/posts\/26844\/revisions"}],"predecessor-version":[{"id":26846,"href":"https:\/\/dekkbi.com\/index.php?rest_route=\/wp\/v2\/posts\/26844\/revisions\/26846"}],"wp:featuredmedia":[{"embeddable":true,"href":"https:\/\/dekkbi.com\/index.php?rest_route=\/wp\/v2\/media\/26845"}],"wp:attachment":[{"href":"https:\/\/dekkbi.com\/index.php?rest_route=%2Fwp%2Fv2%2Fmedia&parent=26844"}],"wp:term":[{"taxonomy":"category","embeddable":true,"href":"https:\/\/dekkbi.com\/index.php?rest_route=%2Fwp%2Fv2%2Fcategories&post=26844"},{"taxonomy":"post_tag","embeddable":true,"href":"https:\/\/dekkbi.com\/index.php?rest_route=%2Fwp%2Fv2%2Ftags&post=26844"}],"curies":[{"name":"wp","href":"https:\/\/api.w.org\/{rel}","templated":true}]}}