{"id":2684,"date":"2022-11-03T15:57:16","date_gmt":"2022-11-03T15:57:16","guid":{"rendered":"https:\/\/dekkbi.com\/?p=2684"},"modified":"2022-11-03T16:33:53","modified_gmt":"2022-11-03T16:33:53","slug":"me-el-hadj-diouf-pourquoi-je-suis-venu-au-tribunal-aujourdhui","status":"publish","type":"post","link":"https:\/\/dekkbi.com\/?p=2684","title":{"rendered":"Me El Hadj Diouf: \u201cPourquoi je suis venu au Tribunal \u00ab\u00a0"},"content":{"rendered":"\n<p>Ce jeudi, c\u2019est jour d\u2019audition pour Ousmane Sonko. Mais, au Tribunal, ce qui intrigue, c\u2019est la pr\u00e9sence de Me Elhadj Diouf, puisque sa cliente Adji Sarr n\u2019a pas \u00e9t\u00e9 convoqu\u00e9e aujourd&rsquo;hui. Il s\u2019est expliqu\u00e9.<\/p>\n\n\n\n<p>\u00ab Je suis venu au tribunal aujourd\u2019hui parce que j\u2019y travaille. Je ne suis pas m\u00e9canicien \u00e0 ce que je sache. J\u2019ai des clients pour lesquels je dois plaider et les gens osent demander ce que je fais ici \u00bb a-t-il dit \u00e0 nos confr\u00e8res de la de la Tfm.<br><br>L\u2019avocat n\u2019a pas pu s\u2019emp\u00eacher d\u2019\u00e9gratigner celui que sa cliente accuse de viol: \u00abJe ne peux pas comprendre qu\u2019\u00e0 chaque fois qu\u2019on doit convoquer ce gars qu\u2019il y ait des probl\u00e8mes comme s\u2019il \u00e9tait un extraterrestre. Il doit juste \u00eatre entendu dans le fond du dossier, apr\u00e8s il retournera chez lui. C\u2019est juste une audition et lui-m\u00eame en est conscient. Comme ce pays a chang\u00e9 les gens r\u00e9solvent leurs probl\u00e8mes dans la violence. A chaque fois qu\u2019on le convoque il appel au mortal combat et des gens y perdent la vie.\u00bb<br><br>L\u2019avocat d\u00e9clare que le pr\u00e9sident de la r\u00e9publique a pris \u00abdes mesures drastiques \u00abpour que le pays ne soit pas brul\u00e9\u00bb. En sus, il informe qu\u2019il \u00ab n\u2019assistera pas \u00e0 l\u2019audition de Sonko. J\u2019ai trois audiences au tribunal aujourd\u2019hui \u00bb.<br><br><strong>Khady FAYE<\/strong><\/p>\n\n\n\n<p>SOURCE IGFM<\/p>\n","protected":false},"excerpt":{"rendered":"<p>Ce jeudi, c\u2019est jour d\u2019audition pour Ousmane Sonko. Mais, au Tribunal, ce qui intrigue, c\u2019est la pr\u00e9sence de Me Elhadj<\/p>\n","protected":false},"author":1,"featured_media":0,"comment_status":"open","ping_status":"open","sticky":false,"template":"","format":"standard","meta":{"footnotes":""},"categories":[26],"tags":[],"class_list":["post-2684","post","type-post","status-publish","format-standard","hentry","category-fait-divers"],"_links":{"self":[{"href":"https:\/\/dekkbi.com\/index.php?rest_route=\/wp\/v2\/posts\/2684","targetHints":{"allow":["GET"]}}],"collection":[{"href":"https:\/\/dekkbi.com\/index.php?rest_route=\/wp\/v2\/posts"}],"about":[{"href":"https:\/\/dekkbi.com\/index.php?rest_route=\/wp\/v2\/types\/post"}],"author":[{"embeddable":true,"href":"https:\/\/dekkbi.com\/index.php?rest_route=\/wp\/v2\/users\/1"}],"replies":[{"embeddable":true,"href":"https:\/\/dekkbi.com\/index.php?rest_route=%2Fwp%2Fv2%2Fcomments&post=2684"}],"version-history":[{"count":2,"href":"https:\/\/dekkbi.com\/index.php?rest_route=\/wp\/v2\/posts\/2684\/revisions"}],"predecessor-version":[{"id":2697,"href":"https:\/\/dekkbi.com\/index.php?rest_route=\/wp\/v2\/posts\/2684\/revisions\/2697"}],"wp:attachment":[{"href":"https:\/\/dekkbi.com\/index.php?rest_route=%2Fwp%2Fv2%2Fmedia&parent=2684"}],"wp:term":[{"taxonomy":"category","embeddable":true,"href":"https:\/\/dekkbi.com\/index.php?rest_route=%2Fwp%2Fv2%2Fcategories&post=2684"},{"taxonomy":"post_tag","embeddable":true,"href":"https:\/\/dekkbi.com\/index.php?rest_route=%2Fwp%2Fv2%2Ftags&post=2684"}],"curies":[{"name":"wp","href":"https:\/\/api.w.org\/{rel}","templated":true}]}}