{"id":26802,"date":"2023-12-08T11:47:47","date_gmt":"2023-12-08T11:47:47","guid":{"rendered":"https:\/\/dekkbi.com\/?p=26802"},"modified":"2023-12-08T11:47:48","modified_gmt":"2023-12-08T11:47:48","slug":"gaza-face-aux-demandes-de-lonu-israel-multiplie-ses-attaques-contre-lorganisation","status":"publish","type":"post","link":"https:\/\/dekkbi.com\/?p=26802","title":{"rendered":"Gaza: face aux demandes de l\u2019ONU, Isra\u00ebl multiplie ses attaques contre l\u2019organisation"},"content":{"rendered":"\n<p>Alors que le secr\u00e9taire g\u00e9n\u00e9ral de l\u2019ONU, Antonio Guterres, a \u00e9mis une requ\u00eate exceptionnelle mercredi 6 d\u00e9cembre sur la situation \u00e0 Gaza, les tensions continuent \u00e0 cro\u00eetre entre l\u2019organisation et Isra\u00ebl. Rappel\u00e9 \u00e0 l\u2019ordre r\u00e9guli\u00e8rement depuis 56 ans pour ses \u00ab\u00a0<em>occupations ill\u00e9gales<\/em>\u00a0\u00bb des territoires palestiniens, Isra\u00ebl a opt\u00e9, depuis d\u00e9but octobre, pour des interpellations agressives syst\u00e9matiques contre l\u2019organisation et ses dirigeants.<\/p>\n\n\n\n<p><em>Avec notre correspondante \u00e0 New York,<\/em>\u00a0<strong>Carrie Nooten<\/strong> SOURCE RFI<\/p>\n\n\n\n<p>Le\u00a0<strong>patron de l\u2019ONU invoque un pouvoir exceptionnel<\/strong>\u00a0pour\u00a0<strong>pousser le Conseil de s\u00e9curit\u00e9<\/strong>\u00a0\u00e0 plancher sur un \u00ab\u00a0<em>cessez-le-feu humanitaire<\/em>\u00a0\u00bb\u00a0? Il n\u2019a ensuite fallu que six heures au chef de la diplomatie isra\u00e9lienne pour le crucifier sur son compte X, et affirmer que le laisser \u00e0 son poste \u00e9tait un \u00ab\u00a0<em>danger pour la paix dans le monde<\/em>\u00a0\u00bb. Son ambassadeur \u00e0 l\u2019ONU a d\u00e9j\u00e0 r\u00e9clam\u00e9 publiquement\u00a0<strong>la d\u00e9mission d\u2019Antonio Guterres<\/strong>\u00a0sur la base d\u2019une d\u00e9claration tronqu\u00e9e \u2013 une premi\u00e8re dans l\u2019histoire de l\u2019organisation \u2013 et il multiplie les sorties diffamatoires.<\/p>\n\n\n\n<p>Les hostilit\u00e9s ont atteint un tel point que le chef de la diplomatie chinoise l\u2019a rappel\u00e9 \u00e0 l\u2019ordre au Conseil de l\u2019ONU. Et depuis, ce sont le directeur de l\u2019OMS, la directrice d&rsquo;ONU Femmes ou l\u2019agence onusienne pour les r\u00e9fugi\u00e9s palestiniens qui sont vilipend\u00e9s par des responsables isra\u00e9liens, accus\u00e9s d\u2019un manque d\u2019impartialit\u00e9&nbsp;: ces critiques se multiplient comme des tra\u00een\u00e9es de poudre sur les r\u00e9seaux sociaux.<\/p>\n\n\n\n<p>Un cran suppl\u00e9mentaire a \u00e9t\u00e9 franchi il y a trois jours lorsque Isra\u00ebl a d\u00e9cid\u00e9 de ne pas renouveler le visa de travail de Lynn Hastings, la coordinatrice humanitaire des territoires palestiniens. L\u2019ONU a demand\u00e9 au gouvernement de Benyamin Netanyahu de reconsid\u00e9rer cette d\u00e9cision pour ne pas perturber les op\u00e9rations humanitaires plus que n\u00e9cessaires.<\/p>\n\n\n\n<p>L\u00e9ger signe encourageant, le gouvernement de Benyamin Netanyahu a accept\u00e9 d&rsquo;ouvrir, dans les jours qui viennent, un deuxi\u00e8me point de passage pour l\u2019aide humanitaire \u00e0 Kerem Shalom.<\/p>\n\n\n\n<hr class=\"wp-block-separator has-alpha-channel-opacity\"\/>\n\n\n\n<p>Alors que Washington a conc\u00e9d\u00e9, dans la nuit de jeudi 7 \u00e0 vendredi 8 d\u00e9cembre, qu\u2019aucun progr\u00e8s n\u2019avait \u00e9t\u00e9 fait dans les pourparlers entre le Hamas et Isra\u00ebl, le Conseil de s\u00e9curit\u00e9 se r\u00e9unit \u00e0 New York vendredi sur le dossier. Avec un objectif&nbsp;: le vote d\u2019un projet de r\u00e9solution r\u00e9clamant un \u00ab&nbsp;<em>cessez-le-feu humanitaire&nbsp;<\/em>\u00bb.<\/p>\n\n\n\n<p>Cette r\u00e9union est pr\u00e9vue pour examiner l&rsquo;appel lanc\u00e9 la veille par le secr\u00e9taire g\u00e9n\u00e9ral de l&rsquo;ONU : Antonio Guterres a eu recours \u00e0 une proc\u00e9dure rare pour appeler \u00e0 un cessez-le-feu humanitaire \u00e0 Gaza, faisant valoir l&rsquo;article 99 de la charte des Nations unies, qui lui attribue exceptionnellement un champ d&rsquo;action sur le plan politique afin d&rsquo;\u00ab&nbsp;<em>attirer l&rsquo;attention&nbsp;<\/em>\u00bb du Conseil de s\u00e9curit\u00e9 sur un dossier qui \u00ab&nbsp;<em>pourrait mettre en danger le maintien de la paix et la s\u00e9curit\u00e9 internationale<\/em>&nbsp;\u00bb. Pour la porte-parole de l&rsquo;agence de l&rsquo;ONU d&rsquo;aide aux r\u00e9fugi\u00e9s palestiniens (l&rsquo;UNRWA), cela repr\u00e9sente un espoir pour la population gazaouie.<\/p>\n","protected":false},"excerpt":{"rendered":"<p>Alors que le secr\u00e9taire g\u00e9n\u00e9ral de l\u2019ONU, Antonio Guterres, a \u00e9mis une requ\u00eate exceptionnelle mercredi 6 d\u00e9cembre sur la situation<\/p>\n","protected":false},"author":1,"featured_media":26803,"comment_status":"open","ping_status":"open","sticky":false,"template":"","format":"standard","meta":{"footnotes":""},"categories":[51],"tags":[],"class_list":["post-26802","post","type-post","status-publish","format-standard","has-post-thumbnail","hentry","category-general"],"_links":{"self":[{"href":"https:\/\/dekkbi.com\/index.php?rest_route=\/wp\/v2\/posts\/26802","targetHints":{"allow":["GET"]}}],"collection":[{"href":"https:\/\/dekkbi.com\/index.php?rest_route=\/wp\/v2\/posts"}],"about":[{"href":"https:\/\/dekkbi.com\/index.php?rest_route=\/wp\/v2\/types\/post"}],"author":[{"embeddable":true,"href":"https:\/\/dekkbi.com\/index.php?rest_route=\/wp\/v2\/users\/1"}],"replies":[{"embeddable":true,"href":"https:\/\/dekkbi.com\/index.php?rest_route=%2Fwp%2Fv2%2Fcomments&post=26802"}],"version-history":[{"count":1,"href":"https:\/\/dekkbi.com\/index.php?rest_route=\/wp\/v2\/posts\/26802\/revisions"}],"predecessor-version":[{"id":26804,"href":"https:\/\/dekkbi.com\/index.php?rest_route=\/wp\/v2\/posts\/26802\/revisions\/26804"}],"wp:featuredmedia":[{"embeddable":true,"href":"https:\/\/dekkbi.com\/index.php?rest_route=\/wp\/v2\/media\/26803"}],"wp:attachment":[{"href":"https:\/\/dekkbi.com\/index.php?rest_route=%2Fwp%2Fv2%2Fmedia&parent=26802"}],"wp:term":[{"taxonomy":"category","embeddable":true,"href":"https:\/\/dekkbi.com\/index.php?rest_route=%2Fwp%2Fv2%2Fcategories&post=26802"},{"taxonomy":"post_tag","embeddable":true,"href":"https:\/\/dekkbi.com\/index.php?rest_route=%2Fwp%2Fv2%2Ftags&post=26802"}],"curies":[{"name":"wp","href":"https:\/\/api.w.org\/{rel}","templated":true}]}}